{"id":9202,"date":"2024-10-25T14:13:16","date_gmt":"2024-10-25T13:13:16","guid":{"rendered":"https:\/\/ordemdosfisioterapeutas.pt\/?p=9202"},"modified":"2024-12-10T19:15:15","modified_gmt":"2024-12-10T19:15:15","slug":"consulta-publica-propostas-de-regulamentos","status":"publish","type":"post","link":"https:\/\/ordemdosfisioterapeutas.pt\/pt\/noticias\/consulta-publica-propostas-de-regulamentos\/","title":{"rendered":"Consulta P\u00fablica \u2013 Propostas de Regulamentos"},"content":{"rendered":"\t\t<div data-elementor-type=\"wp-post\" data-elementor-id=\"9202\" class=\"elementor elementor-9202\" data-elementor-post-type=\"post\">\n\t\t\t\t<div class=\"elementor-element elementor-element-7be058f e-flex e-con-boxed e-con e-parent\" data-id=\"7be058f\" data-element_type=\"container\" data-e-type=\"container\">\n\t\t\t\t\t<div class=\"e-con-inner\">\n\t\t\t\t<div class=\"elementor-element elementor-element-6447849 elementor-widget elementor-widget-text-editor\" data-id=\"6447849\" data-element_type=\"widget\" data-e-type=\"widget\" data-widget_type=\"text-editor.default\">\n\t\t\t\t<div class=\"elementor-widget-container\">\n\t\t\t\t\t\t\t\t\t<p>A Ordem dos Fisioterapeutas informa que foram publicados hoje, em <strong>Di\u00e1rio da Rep\u00fablica<\/strong>, os Avisos n.\u00ba <a href=\"https:\/\/diariodarepublica.pt\/dr\/detalhe\/aviso\/23826-2024-893148162\" target=\"_blank\" rel=\"noopener\"><strong><span style=\"text-decoration: underline;\">23826\/2024\/2<\/span><\/strong><\/a> e n\u00ba <a href=\"https:\/\/diariodarepublica.pt\/dr\/detalhe\/aviso\/23827-2024-893148163\" target=\"_blank\" rel=\"noopener\"><strong><span style=\"text-decoration: underline;\">23827\/2024\/2<\/span><\/strong><\/a>, de 25 de outubro, relativos \u00e0 consulta p\u00fablica dos seguintes projetos de regulamentos:<\/p><ul><li><strong>Regulamento de Acredita\u00e7\u00e3o de Atividades Formativas<\/strong><\/li><li><strong>Regulamento de Credita\u00e7\u00e3o de Atividades de Desenvolvimento Profissional Cont\u00ednuo<\/strong><\/li><\/ul><p><strong>Respostas \u00e0 Consulta P\u00fablica<\/strong><br \/>Todos os membros da Ordem dos Fisioterapeutas, com inscri\u00e7\u00e3o em vigor, s\u00e3o convidados a participar, preenchendo o formul\u00e1rio para envio de coment\u00e1rios.<\/p><p>Ao aceder ao formul\u00e1rio, ser\u00e1 necess\u00e1rio selecionar que regulamento pretendem comentar. Ap\u00f3s o preenchimento, o formul\u00e1rio ser\u00e1 automaticamente enviado para o endere\u00e7o: <span style=\"text-decoration: underline;\"><a href=\"mailto:consultapublica@ordemdosfisioterapeutas.pt\"><strong>consultapublica@ordemdosfisioterapeutas.pt<\/strong><\/a><\/span> e o participante receber\u00e1 uma c\u00f3pia na caixa de correio eletr\u00f3nico que tiver indicado.<\/p><p>Ser\u00e3o considerados apenas os contributos recebidos <strong>at\u00e9 ao dia 9 de dezembro de 2024<\/strong>, atrav\u00e9s do formul\u00e1rio indicado.<\/p>\t\t\t\t\t\t\t\t<\/div>\n\t\t\t\t<\/div>\n\t\t\t\t\t<\/div>\n\t\t\t\t<\/div>\n\t\t\t\t<\/div>\n\t\t","protected":false},"excerpt":{"rendered":"<p>A Ordem dos Fisioterapeutas informa que foram publicados hoje, em Di\u00e1rio da Rep\u00fablica, os Avisos n.\u00ba 23826\/2024\/2 e n\u00ba 23827\/2024\/2, de 25 de outubro, relativos \u00e0 consulta p\u00fablica dos seguintes projetos de regulamentos:<br \/>\n\u2022\tRegulamento de Acredita\u00e7\u00e3o de Atividades Formativas<br \/>\n\u2022\tRegulamento de Credita\u00e7\u00e3o de Atividades de Desenvolvimento Profissional Cont\u00ednuo<\/p>\n","protected":false},"author":1,"featured_media":9228,"comment_status":"closed","ping_status":"open","sticky":false,"template":"","format":"standard","meta":{"footnotes":""},"categories":[13],"tags":[],"class_list":["post-9202","post","type-post","status-publish","format-standard","has-post-thumbnail","hentry","category-noticias"],"_links":{"self":[{"href":"https:\/\/ordemdosfisioterapeutas.pt\/pt\/wp-json\/wp\/v2\/posts\/9202","targetHints":{"allow":["GET"]}}],"collection":[{"href":"https:\/\/ordemdosfisioterapeutas.pt\/pt\/wp-json\/wp\/v2\/posts"}],"about":[{"href":"https:\/\/ordemdosfisioterapeutas.pt\/pt\/wp-json\/wp\/v2\/types\/post"}],"author":[{"embeddable":true,"href":"https:\/\/ordemdosfisioterapeutas.pt\/pt\/wp-json\/wp\/v2\/users\/1"}],"replies":[{"embeddable":true,"href":"https:\/\/ordemdosfisioterapeutas.pt\/pt\/wp-json\/wp\/v2\/comments?post=9202"}],"version-history":[{"count":0,"href":"https:\/\/ordemdosfisioterapeutas.pt\/pt\/wp-json\/wp\/v2\/posts\/9202\/revisions"}],"wp:featuredmedia":[{"embeddable":true,"href":"https:\/\/ordemdosfisioterapeutas.pt\/pt\/wp-json\/wp\/v2\/media\/9228"}],"wp:attachment":[{"href":"https:\/\/ordemdosfisioterapeutas.pt\/pt\/wp-json\/wp\/v2\/media?parent=9202"}],"wp:term":[{"taxonomy":"category","embeddable":true,"href":"https:\/\/ordemdosfisioterapeutas.pt\/pt\/wp-json\/wp\/v2\/categories?post=9202"},{"taxonomy":"post_tag","embeddable":true,"href":"https:\/\/ordemdosfisioterapeutas.pt\/pt\/wp-json\/wp\/v2\/tags?post=9202"}],"curies":[{"name":"wp","href":"https:\/\/api.w.org\/{rel}","templated":true}]}}