{"id":8955,"date":"2024-09-26T15:47:46","date_gmt":"2024-09-26T14:47:46","guid":{"rendered":"https:\/\/ordemdosfisioterapeutas.pt\/?p=8955"},"modified":"2024-09-26T15:50:26","modified_gmt":"2024-09-26T14:50:26","slug":"vacinacao-sazonal-contra-a-covid-19-do-outono-inverno-2024-2025-informacao-aos-fisioterapeutas","status":"publish","type":"post","link":"https:\/\/ordemdosfisioterapeutas.pt\/pt\/noticias\/vacinacao-sazonal-contra-a-covid-19-do-outono-inverno-2024-2025-informacao-aos-fisioterapeutas\/","title":{"rendered":"Vacina\u00e7\u00e3o Sazonal contra a Covid-19 do Outono\/Inverno 2024-2025: informa\u00e7\u00e3o aos Fisioterapeutas"},"content":{"rendered":"\t\t<div data-elementor-type=\"wp-post\" data-elementor-id=\"8955\" class=\"elementor elementor-8955\" data-elementor-post-type=\"post\">\n\t\t\t\t<div class=\"elementor-element elementor-element-451debc e-flex e-con-boxed e-con e-parent\" data-id=\"451debc\" data-element_type=\"container\" data-e-type=\"container\">\n\t\t\t\t\t<div class=\"e-con-inner\">\n\t\t\t\t<div class=\"elementor-element elementor-element-dfe4ea7 elementor-widget elementor-widget-text-editor\" data-id=\"dfe4ea7\" data-element_type=\"widget\" data-e-type=\"widget\" data-widget_type=\"text-editor.default\">\n\t\t\t\t<div class=\"elementor-widget-container\">\n\t\t\t\t\t\t\t\t\t<p>Os Fisioterapeutas integram o grupo eleg\u00edvel para vacina\u00e7\u00e3o sazonal contra a COVID-19 no Outono-Inverno 2024-2025.<\/p><p>De acordo com a <span style=\"text-decoration: underline;\"><a href=\"https:\/\/www.dgs.pt\/normas-orientacoes-e-informacoes\/normas-e-circulares-normativas\/norma-n-082024-de-05092024-atualizada-a-06092024-estrategia-de-vacinacao-contra-a-covid-19-pdf.aspx\" target=\"_blank\" rel=\"noopener\">Norma n.\u00ba 08\/2024<\/a>,<\/span> de 05\/09\/2024, atualizada a 06\/09\/2024, da Dire\u00e7\u00e3o-Geral de Sa\u00fade, nos grupos eleg\u00edveis para vacina\u00e7\u00e3o de refor\u00e7o sazonal contra a COVID-19 no Outono\/Inverno 2024-2025, est\u00e3o abrangidos \u00abProfissionais e utentes\/residentes em Estruturas Residenciais para Pessoas Idosas (ERPI) e institui\u00e7\u00f5es similares; Rede Nacional de Cuidados Continuados Integrados (RNCCI) e estabelecimentos prisionais; Pessoas com \u226560 anos de idade; Pessoas com 5-59 anos de idade com patologias de risco (Quadro 4 e Quadro 5 \u2013 Anexo I); Pessoas com 6 meses-4 anos de idade com condi\u00e7\u00f5es de imunossupress\u00e3o grave e moderada (Quadro 6 \u2013 Anexo I); Gr\u00e1vidas; <strong>Profissionais dos servi\u00e7os de sa\u00fade (p\u00fablicos e privados) e de outros servi\u00e7os prestadores de cuidados de sa\u00fade<\/strong>, estudantes em est\u00e1gio cl\u00ednico, bombeiros envolvidos no transporte de doentes, prestadores de cuidados a pessoas dependentes e profissionais de distribui\u00e7\u00e3o farmac\u00eautica.<\/p><p>A vacina\u00e7\u00e3o dever\u00e1 ser articulada ao n\u00edvel local, com as Unidades Locais de Sa\u00fade (ULS), atrav\u00e9s dos contactos apresentados no portal <span style=\"text-decoration: underline;\"><a href=\"https:\/\/bicsp.min-saude.pt\/pt\/biufs\/Paginas\/default.aspx\" target=\"_blank\" rel=\"noopener\">Bilhete de Identidade dos Cuidados de Sa\u00fade Prim\u00e1rios<\/a> <\/span>(BI-CSP). \u00a0<\/p><p>A Ordem recorda que, enquanto profissionais de sa\u00fade, os Fisioterapeutas dever\u00e3o fazer-se acompanhar da c\u00e9dula profissional v\u00e1lida ou da declara\u00e7\u00e3o da entidade patronal, comprovativa da sua atividade profissional.<\/p><p>Mais informa\u00e7\u00f5es em:\u00a0 <span style=\"text-decoration: underline;\"><a href=\"https:\/\/www.dgs.pt\/em-destaque\/inicio-da-campanha-de-vacinacao-sazonal-contra-a-gripe-e-covid-19-a-20-de-setembro.aspx\" target=\"_blank\" rel=\"noopener\">Campanha de Vacina\u00e7\u00e3o Sazonal contra a gripe e contra a Covid-19 do Outono\/Inverno 2024\/2025<\/a><\/span><\/p>\t\t\t\t\t\t\t\t<\/div>\n\t\t\t\t<\/div>\n\t\t\t\t\t<\/div>\n\t\t\t\t<\/div>\n\t\t\t\t<\/div>\n\t\t","protected":false},"excerpt":{"rendered":"<p>Os Fisioterapeutas integram o grupo eleg\u00edvel para vacina\u00e7\u00e3o sazonal contra a COVID-19 no Outono-Inverno 2024-2025. <\/p>\n","protected":false},"author":1,"featured_media":8956,"comment_status":"closed","ping_status":"open","sticky":false,"template":"","format":"standard","meta":{"footnotes":""},"categories":[13],"tags":[],"class_list":["post-8955","post","type-post","status-publish","format-standard","has-post-thumbnail","hentry","category-noticias"],"_links":{"self":[{"href":"https:\/\/ordemdosfisioterapeutas.pt\/pt\/wp-json\/wp\/v2\/posts\/8955","targetHints":{"allow":["GET"]}}],"collection":[{"href":"https:\/\/ordemdosfisioterapeutas.pt\/pt\/wp-json\/wp\/v2\/posts"}],"about":[{"href":"https:\/\/ordemdosfisioterapeutas.pt\/pt\/wp-json\/wp\/v2\/types\/post"}],"author":[{"embeddable":true,"href":"https:\/\/ordemdosfisioterapeutas.pt\/pt\/wp-json\/wp\/v2\/users\/1"}],"replies":[{"embeddable":true,"href":"https:\/\/ordemdosfisioterapeutas.pt\/pt\/wp-json\/wp\/v2\/comments?post=8955"}],"version-history":[{"count":0,"href":"https:\/\/ordemdosfisioterapeutas.pt\/pt\/wp-json\/wp\/v2\/posts\/8955\/revisions"}],"wp:featuredmedia":[{"embeddable":true,"href":"https:\/\/ordemdosfisioterapeutas.pt\/pt\/wp-json\/wp\/v2\/media\/8956"}],"wp:attachment":[{"href":"https:\/\/ordemdosfisioterapeutas.pt\/pt\/wp-json\/wp\/v2\/media?parent=8955"}],"wp:term":[{"taxonomy":"category","embeddable":true,"href":"https:\/\/ordemdosfisioterapeutas.pt\/pt\/wp-json\/wp\/v2\/categories?post=8955"},{"taxonomy":"post_tag","embeddable":true,"href":"https:\/\/ordemdosfisioterapeutas.pt\/pt\/wp-json\/wp\/v2\/tags?post=8955"}],"curies":[{"name":"wp","href":"https:\/\/api.w.org\/{rel}","templated":true}]}}