{"id":8470,"date":"2024-07-24T19:59:42","date_gmt":"2024-07-24T18:59:42","guid":{"rendered":"https:\/\/ordemdosfisioterapeutas.pt\/?p=8470"},"modified":"2024-07-24T20:01:29","modified_gmt":"2024-07-24T19:01:29","slug":"ordem-dos-fisioterapeutas-propoe-criacao-do-dia-nacional-do-fisioterapeuta","status":"publish","type":"post","link":"https:\/\/ordemdosfisioterapeutas.pt\/pt\/noticias\/ordem-dos-fisioterapeutas-propoe-criacao-do-dia-nacional-do-fisioterapeuta\/","title":{"rendered":"Ordem dos Fisioterapeutas prop\u00f5e cria\u00e7\u00e3o do Dia Nacional do Fisioterapeuta"},"content":{"rendered":"\t\t<div data-elementor-type=\"wp-post\" data-elementor-id=\"8470\" class=\"elementor elementor-8470\" data-elementor-post-type=\"post\">\n\t\t\t\t<div class=\"elementor-element elementor-element-760cca5 e-flex e-con-boxed e-con e-parent\" data-id=\"760cca5\" data-element_type=\"container\" data-e-type=\"container\">\n\t\t\t\t\t<div class=\"e-con-inner\">\n\t\t\t\t<div class=\"elementor-element elementor-element-494db3f elementor-widget elementor-widget-text-editor\" data-id=\"494db3f\" data-element_type=\"widget\" data-e-type=\"widget\" data-widget_type=\"text-editor.default\">\n\t\t\t\t<div class=\"elementor-widget-container\">\n\t\t\t\t\t\t\t\t\t<p style=\"font-weight: 400;\">A Ordem dos Fisioterapeutas solicitou uma audi\u00eancia parlamentar, \u00e0 semelhan\u00e7a do que j\u00e1 havia feito na legislatura anterior, a qual foi concedida pela 9\u00aa Comiss\u00e3o de Sa\u00fade e realizada no passado dia 12 de julho. O objetivo foi sensibilizar para a cria\u00e7\u00e3o do Dia Nacional do Fisioterapeuta, a ser assinalado dia 30 de setembro, data que coincide com a cria\u00e7\u00e3o da Ordem.<\/p><p style=\"font-weight: 400;\">Durante a audi\u00eancia, o Baston\u00e1rio Ant\u00f3nio Lopes, acompanhado pelo 1\u00ba Vice-Presidente, Nuno Cordeiro, apresentou a proposta, destacando a import\u00e2ncia da iniciativa \u201cpara valorizar, reconhecer e promover a fisioterapia e profiss\u00e3o de fisioterapeuta, aumentando a visibilidade junto dos cidad\u00e3os\u201d.<\/p><p style=\"font-weight: 400;\">Ao longo da sess\u00e3o, foram destacados v\u00e1rios pontos e benef\u00edcios a favor da cria\u00e7\u00e3o da data, nomeadamente:<\/p><ul><li style=\"font-weight: 400;\">Favorecimento da cria\u00e7\u00e3o de pol\u00edticas p\u00fablicas e do desenvolvimento da profiss\u00e3o;<\/li><li style=\"font-weight: 400;\">Fortalecimento da identidade e o orgulho dos profissionais, promovendo uma maior uni\u00e3o e coes\u00e3o;<\/li><li style=\"font-weight: 400;\">Realiza\u00e7\u00e3o de eventos, palestras, <em>workshops<\/em> e atividades que destacam a import\u00e2ncia da fisioterapia e o papel dos fisioterapeutas na sociedade.<\/li><li style=\"font-weight: 400;\">Promo\u00e7\u00e3o de campanhas de educa\u00e7\u00e3o e conscientiza\u00e7\u00e3o sobre a import\u00e2ncia dos servi\u00e7os de fisioterapia e a contribui\u00e7\u00e3o dos fisioterapeutas.<\/li><\/ul><p style=\"font-weight: 400;\">Al\u00e9m da audi\u00eancia com a Comiss\u00e3o de Sa\u00fade, a Ordem dos Fisioterapeutas solicitou reuni\u00f5es com todos os partidos pol\u00edticos representados no Parlamento, tendo j\u00e1 reunido com PCP, IL, CDS-PP, CHEGA e PSD. Nessas reuni\u00f5es, que ocorreram antes e depois da audi\u00eancia parlamentar e simbolizam igualmente mais um passo importante na promo\u00e7\u00e3o do Dia Nacional do Fisioterapeuta, uma vez que procuram obter o m\u00e1ximo de apoio pol\u00edtico poss\u00edvel para a iniciativa, foi apresentada a posi\u00e7\u00e3o da Ordem relativamente a outros temas de atualidade, em particular no que respeita \u00e0 gest\u00e3o aut\u00f3noma das Unidades de Fisioterapia.<\/p><p style=\"font-weight: 400;\">Consulte <span style=\"text-decoration: underline;\"><a href=\"https:\/\/www.google.com\/url?q=https:\/\/www.parlamento.pt\/ActividadeParlamentar\/Paginas\/DetalheAudiencia.aspx?BID%3D117253&amp;source=gmail-imap&amp;ust=1721988207000000&amp;usg=AOvVaw1hz8Lw2BmfF18hsSm00WS4\" target=\"_blank\" rel=\"noopener\">aqui<\/a><\/span> a interven\u00e7\u00e3o do Baston\u00e1rio na 9\u00aa Comiss\u00e3o de Sa\u00fade.<\/p>\t\t\t\t\t\t\t\t<\/div>\n\t\t\t\t<\/div>\n\t\t\t\t\t<\/div>\n\t\t\t\t<\/div>\n\t\t\t\t<\/div>\n\t\t","protected":false},"excerpt":{"rendered":"<p>A Ordem dos Fisioterapeutas solicitou uma audi\u00eancia parlamentar, \u00e0 semelhan\u00e7a do que j\u00e1 havia feito na legislatura anterior, a qual foi concedida pela 9\u00aa Comiss\u00e3o de Sa\u00fade e realizada no passado dia 12 de julho. <\/p>\n","protected":false},"author":1,"featured_media":8471,"comment_status":"closed","ping_status":"open","sticky":false,"template":"","format":"standard","meta":{"footnotes":""},"categories":[13],"tags":[],"class_list":["post-8470","post","type-post","status-publish","format-standard","has-post-thumbnail","hentry","category-noticias"],"_links":{"self":[{"href":"https:\/\/ordemdosfisioterapeutas.pt\/pt\/wp-json\/wp\/v2\/posts\/8470","targetHints":{"allow":["GET"]}}],"collection":[{"href":"https:\/\/ordemdosfisioterapeutas.pt\/pt\/wp-json\/wp\/v2\/posts"}],"about":[{"href":"https:\/\/ordemdosfisioterapeutas.pt\/pt\/wp-json\/wp\/v2\/types\/post"}],"author":[{"embeddable":true,"href":"https:\/\/ordemdosfisioterapeutas.pt\/pt\/wp-json\/wp\/v2\/users\/1"}],"replies":[{"embeddable":true,"href":"https:\/\/ordemdosfisioterapeutas.pt\/pt\/wp-json\/wp\/v2\/comments?post=8470"}],"version-history":[{"count":0,"href":"https:\/\/ordemdosfisioterapeutas.pt\/pt\/wp-json\/wp\/v2\/posts\/8470\/revisions"}],"wp:featuredmedia":[{"embeddable":true,"href":"https:\/\/ordemdosfisioterapeutas.pt\/pt\/wp-json\/wp\/v2\/media\/8471"}],"wp:attachment":[{"href":"https:\/\/ordemdosfisioterapeutas.pt\/pt\/wp-json\/wp\/v2\/media?parent=8470"}],"wp:term":[{"taxonomy":"category","embeddable":true,"href":"https:\/\/ordemdosfisioterapeutas.pt\/pt\/wp-json\/wp\/v2\/categories?post=8470"},{"taxonomy":"post_tag","embeddable":true,"href":"https:\/\/ordemdosfisioterapeutas.pt\/pt\/wp-json\/wp\/v2\/tags?post=8470"}],"curies":[{"name":"wp","href":"https:\/\/api.w.org\/{rel}","templated":true}]}}