{"id":8359,"date":"2024-06-25T08:00:00","date_gmt":"2024-06-25T07:00:00","guid":{"rendered":"https:\/\/ordemdosfisioterapeutas.pt\/?p=8359"},"modified":"2024-06-27T10:43:11","modified_gmt":"2024-06-27T09:43:11","slug":"congresso-world-physiotherapy-datas-para-submissao-de-abstracts","status":"publish","type":"post","link":"https:\/\/ordemdosfisioterapeutas.pt\/pt\/noticias\/congresso-world-physiotherapy-datas-para-submissao-de-abstracts\/","title":{"rendered":"Congresso World Physiotherapy \u2013 Datas para submiss\u00e3o de abstracts"},"content":{"rendered":"\t\t<div data-elementor-type=\"wp-post\" data-elementor-id=\"8359\" class=\"elementor elementor-8359\" data-elementor-post-type=\"post\">\n\t\t\t\t<div class=\"elementor-element elementor-element-c2c3e75 e-flex e-con-boxed e-con e-parent\" data-id=\"c2c3e75\" data-element_type=\"container\" data-e-type=\"container\">\n\t\t\t\t\t<div class=\"e-con-inner\">\n\t\t\t\t<div class=\"elementor-element elementor-element-d37179a elementor-widget elementor-widget-text-editor\" data-id=\"d37179a\" data-element_type=\"widget\" data-e-type=\"widget\" data-widget_type=\"text-editor.default\">\n\t\t\t\t<div class=\"elementor-widget-container\">\n\t\t\t\t\t\t\t\t\t<p>A Ordem dos Fisioterapeutas, como membro da World Physiotherapy (WP), convida todos os Fisioterapeutas a submeterem <em>abstracts<\/em> para o pr\u00f3ximo <strong>Congresso Mundial de Fisioterapia <\/strong>at\u00e9 ao dia<strong> 3 de outubro. <\/strong>O evento decorrer\u00e1 de 29 a 31 de maio de 2025, em T\u00f3quio, Jap\u00e3o.<\/p><p>Este prestigiado congresso cient\u00edfico internacional, organizado bienalmente pela WP, re\u00fane especialistas e colegas de todo o mundo para trocar e partilhar inova\u00e7\u00f5es e ideias sobre pesquisa, educa\u00e7\u00e3o, gest\u00e3o, \u00e9tica e pr\u00e1tica cl\u00ednica, e as suas implica\u00e7\u00f5es na profiss\u00e3o.<\/p><p>Os <strong>crit\u00e9rios de sele\u00e7\u00e3o de <em>abstracts<\/em><\/strong> s\u00e3o os seguintes:<\/p><ul><li>Apresenta\u00e7\u00e3o das \u00faltimas investiga\u00e7\u00f5es com dados cient\u00edficos originais (podem ser apresentados relat\u00f3rios de interesse especial e estudos de casos);<\/li><li>Abordagem de desenvolvimentos novos e \u00fanicos na pr\u00e1tica, teoria, educa\u00e7\u00e3o, gest\u00e3o, pol\u00edtica e recursos;<\/li><li>Descri\u00e7\u00e3o de formas inovadoras de adapta\u00e7\u00e3o de m\u00e9todos estabelecidos para satisfazer as necessidades de mudan\u00e7a da pr\u00e1tica.<\/li><\/ul><p><strong>Programa de Apoio<\/strong><\/p><p>Todos os interessados que precisem de ajuda t\u00eam \u00e0 sua disposi\u00e7\u00e3o um <a href=\"https:\/\/wp2025.world.physio\/abstract-support\/\" target=\"_blank\" rel=\"noopener\"><strong>programa de apoio<\/strong><\/a> at\u00e9 ao dia 16 de setembro. O objetivo deste programa \u00e9 auxiliar os autores a apresentarem o material de forma clara e concisa, atrav\u00e9s de <em>feedback<\/em> e conselhos \u00fateis, antes de submeterem os seus <em>abstracts<\/em>.<\/p><p>Este programa pode ser especialmente \u00fatil para quem necessita de apoio com a escrita cient\u00edfica em ingl\u00eas, n\u00e3o disp\u00f5e de redes locais\/nacionais de apoio \u00e0 investiga\u00e7\u00e3o ou tem pouca experi\u00eancia na apresenta\u00e7\u00e3o deste tipo de trabalho.<\/p><p><strong>Os <em>abstracts<\/em> devem ser submetidos at\u00e9 dia 3 de outubro de 2024 (<\/strong><span style=\"text-decoration: underline;\"><a href=\"https:\/\/physio.us11.list-manage.com\/track\/click?u=833b86b6280ef62cc18e8eaf3&amp;id=704fa7df65&amp;e=34390974e3\" target=\"_blank\" rel=\"noopener\"><strong>aqui<\/strong><\/a><\/span><strong>).<\/strong><\/p>\t\t\t\t\t\t\t\t<\/div>\n\t\t\t\t<\/div>\n\t\t\t\t\t<\/div>\n\t\t\t\t<\/div>\n\t\t\t\t<\/div>\n\t\t","protected":false},"excerpt":{"rendered":"<p>A Ordem dos Fisioterapeutas, como membro da World Physiotherapy (WP), convida todos os Fisioterapeutas a submeterem abstracts para o pr\u00f3ximo Congresso Mundial de Fisioterapia at\u00e9 ao dia 3 de outubro.<\/p>\n","protected":false},"author":1,"featured_media":8360,"comment_status":"closed","ping_status":"open","sticky":false,"template":"","format":"standard","meta":{"footnotes":""},"categories":[13],"tags":[],"class_list":["post-8359","post","type-post","status-publish","format-standard","has-post-thumbnail","hentry","category-noticias"],"_links":{"self":[{"href":"https:\/\/ordemdosfisioterapeutas.pt\/pt\/wp-json\/wp\/v2\/posts\/8359","targetHints":{"allow":["GET"]}}],"collection":[{"href":"https:\/\/ordemdosfisioterapeutas.pt\/pt\/wp-json\/wp\/v2\/posts"}],"about":[{"href":"https:\/\/ordemdosfisioterapeutas.pt\/pt\/wp-json\/wp\/v2\/types\/post"}],"author":[{"embeddable":true,"href":"https:\/\/ordemdosfisioterapeutas.pt\/pt\/wp-json\/wp\/v2\/users\/1"}],"replies":[{"embeddable":true,"href":"https:\/\/ordemdosfisioterapeutas.pt\/pt\/wp-json\/wp\/v2\/comments?post=8359"}],"version-history":[{"count":0,"href":"https:\/\/ordemdosfisioterapeutas.pt\/pt\/wp-json\/wp\/v2\/posts\/8359\/revisions"}],"wp:featuredmedia":[{"embeddable":true,"href":"https:\/\/ordemdosfisioterapeutas.pt\/pt\/wp-json\/wp\/v2\/media\/8360"}],"wp:attachment":[{"href":"https:\/\/ordemdosfisioterapeutas.pt\/pt\/wp-json\/wp\/v2\/media?parent=8359"}],"wp:term":[{"taxonomy":"category","embeddable":true,"href":"https:\/\/ordemdosfisioterapeutas.pt\/pt\/wp-json\/wp\/v2\/categories?post=8359"},{"taxonomy":"post_tag","embeddable":true,"href":"https:\/\/ordemdosfisioterapeutas.pt\/pt\/wp-json\/wp\/v2\/tags?post=8359"}],"curies":[{"name":"wp","href":"https:\/\/api.w.org\/{rel}","templated":true}]}}