{"id":6986,"date":"2023-10-30T17:40:14","date_gmt":"2023-10-30T17:40:14","guid":{"rendered":"https:\/\/ordemdosfisioterapeutas.pt\/?p=6986"},"modified":"2023-10-30T17:40:53","modified_gmt":"2023-10-30T17:40:53","slug":"ordem-dos-fisioterapeutas-presente-na-2-a-edicao-das-jornadas-nacionais-da-fisioterapia-invasiva","status":"publish","type":"post","link":"https:\/\/ordemdosfisioterapeutas.pt\/pt\/noticias\/ordem-dos-fisioterapeutas-presente-na-2-a-edicao-das-jornadas-nacionais-da-fisioterapia-invasiva\/","title":{"rendered":"Ordem dos Fisioterapeutas presente na 2.\u00aa edi\u00e7\u00e3o das Jornadas Nacionais da Fisioterapia Invasiva"},"content":{"rendered":"\t\t<div data-elementor-type=\"wp-post\" data-elementor-id=\"6986\" class=\"elementor elementor-6986\" data-elementor-post-type=\"post\">\n\t\t\t\t\t\t<section class=\"elementor-section elementor-top-section elementor-element elementor-element-dcf2954 elementor-section-boxed elementor-section-height-default elementor-section-height-default\" data-id=\"dcf2954\" data-element_type=\"section\" data-e-type=\"section\">\n\t\t\t\t\t\t<div class=\"elementor-container elementor-column-gap-default\">\n\t\t\t\t\t<div class=\"elementor-column elementor-col-100 elementor-top-column elementor-element elementor-element-563c7d2\" data-id=\"563c7d2\" data-element_type=\"column\" data-e-type=\"column\">\n\t\t\t<div class=\"elementor-widget-wrap elementor-element-populated\">\n\t\t\t\t\t\t<div class=\"elementor-element elementor-element-39ccb3d elementor-widget elementor-widget-text-editor\" data-id=\"39ccb3d\" data-element_type=\"widget\" data-e-type=\"widget\" data-widget_type=\"text-editor.default\">\n\t\t\t\t<div class=\"elementor-widget-container\">\n\t\t\t\t\t\t\t\t\t<p style=\"font-weight: 400;\">A Ordem dos Fisioterapeutas esteve hoje presente na 2.\u00aa edi\u00e7\u00e3o das Jornadas Nacionais da Fisioterapia Invasiva, com o vogal da Dire\u00e7\u00e3o Afonso Neutel a integrar a cerim\u00f3nia de abertura.<\/p><p style=\"font-weight: 400;\">Na sua interven\u00e7\u00e3o da cerim\u00f3nia de abertura, refor\u00e7ou que \u201cO fisioterapeuta \u00e9 um profissional de sa\u00fade, e a fisioterapia uma disciplina cient\u00edfica, que dever\u00e1 ter o utente e a pessoa no centro do seu processo, suportada por evid\u00eancia robusta que garanta a defesa do cidad\u00e3o\u201d.<\/p><p style=\"font-weight: 400;\">Neste discurso, foi ainda referido que \u201co processo da Fisioterapia \u00e9 a aplica\u00e7\u00e3o da ci\u00eancia e da Fisioterapia , e que dever\u00e1 ser transversal a todas as \u00e1reas de interven\u00e7\u00e3o\u201d.<\/p><p style=\"font-weight: 400;\">Por ocasi\u00e3o destas Jornadas, o vogal Afonso Neutel aproveitou para dar conta de que est\u00e3o a decorrer os trabalhos para a cria\u00e7\u00e3o de um sistema de avalia\u00e7\u00e3o e acredita\u00e7\u00e3o da forma\u00e7\u00e3o p\u00f3s-graduada, em associa\u00e7\u00e3o com a cria\u00e7\u00e3o do quadro de especialidades<\/p>\t\t\t\t\t\t\t\t<\/div>\n\t\t\t\t<\/div>\n\t\t\t\t\t<\/div>\n\t\t<\/div>\n\t\t\t\t\t<\/div>\n\t\t<\/section>\n\t\t\t\t<\/div>\n\t\t","protected":false},"excerpt":{"rendered":"<p>A Ordem dos Fisioterapeutas esteve hoje presente na 2.\u00aa edi\u00e7\u00e3o das Jornadas Nacionais da Fisioterapia Invasiva, com o vogal da Dire\u00e7\u00e3o Afonso Neutel a integrar a cerim\u00f3nia de abertura.<\/p>\n","protected":false},"author":1,"featured_media":6987,"comment_status":"closed","ping_status":"open","sticky":false,"template":"","format":"standard","meta":{"footnotes":""},"categories":[13],"tags":[],"class_list":["post-6986","post","type-post","status-publish","format-standard","has-post-thumbnail","hentry","category-noticias"],"_links":{"self":[{"href":"https:\/\/ordemdosfisioterapeutas.pt\/pt\/wp-json\/wp\/v2\/posts\/6986","targetHints":{"allow":["GET"]}}],"collection":[{"href":"https:\/\/ordemdosfisioterapeutas.pt\/pt\/wp-json\/wp\/v2\/posts"}],"about":[{"href":"https:\/\/ordemdosfisioterapeutas.pt\/pt\/wp-json\/wp\/v2\/types\/post"}],"author":[{"embeddable":true,"href":"https:\/\/ordemdosfisioterapeutas.pt\/pt\/wp-json\/wp\/v2\/users\/1"}],"replies":[{"embeddable":true,"href":"https:\/\/ordemdosfisioterapeutas.pt\/pt\/wp-json\/wp\/v2\/comments?post=6986"}],"version-history":[{"count":0,"href":"https:\/\/ordemdosfisioterapeutas.pt\/pt\/wp-json\/wp\/v2\/posts\/6986\/revisions"}],"wp:featuredmedia":[{"embeddable":true,"href":"https:\/\/ordemdosfisioterapeutas.pt\/pt\/wp-json\/wp\/v2\/media\/6987"}],"wp:attachment":[{"href":"https:\/\/ordemdosfisioterapeutas.pt\/pt\/wp-json\/wp\/v2\/media?parent=6986"}],"wp:term":[{"taxonomy":"category","embeddable":true,"href":"https:\/\/ordemdosfisioterapeutas.pt\/pt\/wp-json\/wp\/v2\/categories?post=6986"},{"taxonomy":"post_tag","embeddable":true,"href":"https:\/\/ordemdosfisioterapeutas.pt\/pt\/wp-json\/wp\/v2\/tags?post=6986"}],"curies":[{"name":"wp","href":"https:\/\/api.w.org\/{rel}","templated":true}]}}