{"id":6958,"date":"2023-10-26T21:38:15","date_gmt":"2023-10-26T20:38:15","guid":{"rendered":"https:\/\/ordemdosfisioterapeutas.pt\/?p=6958"},"modified":"2023-10-26T21:39:53","modified_gmt":"2023-10-26T20:39:53","slug":"bastonario-no-20o-aniversario-da-escola-superior-de-saude-jean-piaget-vila-nova-de-gaia","status":"publish","type":"post","link":"https:\/\/ordemdosfisioterapeutas.pt\/pt\/noticias\/bastonario-no-20o-aniversario-da-escola-superior-de-saude-jean-piaget-vila-nova-de-gaia\/","title":{"rendered":"Baston\u00e1rio no 20\u00ba anivers\u00e1rio da Escola Superior de Sa\u00fade Jean Piaget \u2013 Vila Nova de Gaia"},"content":{"rendered":"\t\t<div data-elementor-type=\"wp-post\" data-elementor-id=\"6958\" class=\"elementor elementor-6958\" data-elementor-post-type=\"post\">\n\t\t\t\t\t\t<section class=\"elementor-section elementor-top-section elementor-element elementor-element-0ded0a5 elementor-section-boxed elementor-section-height-default elementor-section-height-default\" data-id=\"0ded0a5\" data-element_type=\"section\" data-e-type=\"section\">\n\t\t\t\t\t\t<div class=\"elementor-container elementor-column-gap-default\">\n\t\t\t\t\t<div class=\"elementor-column elementor-col-100 elementor-top-column elementor-element elementor-element-a06c4be\" data-id=\"a06c4be\" data-element_type=\"column\" data-e-type=\"column\">\n\t\t\t<div class=\"elementor-widget-wrap elementor-element-populated\">\n\t\t\t\t\t\t<div class=\"elementor-element elementor-element-604456d elementor-widget elementor-widget-text-editor\" data-id=\"604456d\" data-element_type=\"widget\" data-e-type=\"widget\" data-widget_type=\"text-editor.default\">\n\t\t\t\t<div class=\"elementor-widget-container\">\n\t\t\t\t\t\t\t\t\t<p>O Baston\u00e1rio Ant\u00f3nio Lopes participou na cerim\u00f3nia comemorativa dos <span style=\"text-decoration: underline;\"><a href=\"https:\/\/ipiaget.org\/ess-jp-de-v-n-de-gaia-celebra-20o-aniversario-no-dia-26-de-outubro\/\" target=\"_blank\" rel=\"noopener\">20 anos da Escola Superior de Sa\u00fade Jean Piaget \u2013 Vila Nova de Gaia<\/a><\/span>, no dia 26 de outubro.<\/p><p>\u00a0<\/p><p>Na interven\u00e7\u00e3o da Sess\u00e3o de Abertura, avocou como essencial a colabora\u00e7\u00e3o da Ordem dos Fisioterapeutas com as Institui\u00e7\u00f5es de Ensino Superior com cursos acreditados para a concretiza\u00e7\u00e3o da sua compet\u00eancia estatut\u00e1ria de \u201c<em>promo\u00e7\u00e3o do desenvolvimento da \u00e1rea cient\u00edfica da fisioterapia e do seu ensino<\/em>\u201d.<\/p><p>Acrescentou ainda que, enquanto respons\u00e1veis pelos ciclos de estudo de licenciatura que d\u00e3o acesso ao exerc\u00edcio da profiss\u00e3o de fisioterapeuta, as intui\u00e7\u00f5es de ensino superior assumem a responsabilidade de colocar no mercado de trabalho profissionais competentes e devidamente qualificados, enquanto que, \u00e0 Ordem, compete a concess\u00e3o do t\u00edtulo profissional, e, por isso, a defini\u00e7\u00e3o do perfil profissional e dos padr\u00f5es de qualidade para a presta\u00e7\u00e3o de cuidados com autonomia, dentro dos valores \u00e9ticos exigidos.<\/p><p>Por ocasi\u00e3o do 20\u00ba anivers\u00e1rio da Escola Superior de Sa\u00fade Jean Piaget \u2013 Vila Nova de Gaia, o Baston\u00e1rio aproveitou para dar conta de que est\u00e3o a decorrer os trabalhos para a cria\u00e7\u00e3o de um sistema de avalia\u00e7\u00e3o e acredita\u00e7\u00e3o da forma\u00e7\u00e3o p\u00f3s-graduada, em associa\u00e7\u00e3o com a cria\u00e7\u00e3o do quadro de especialidades, garantindo que todos ser\u00e3o chamados a colaborar na discuss\u00e3o p\u00fablica destes projetos, \u00e0 semelhan\u00e7a do que aconteceu com o <a href=\"https:\/\/ordemdosfisioterapeutas.pt\/wp-content\/uploads\/2023\/05\/ato-dre.pdf\" target=\"_blank\" rel=\"noopener\">Regulamento do Ato do Fisioterapeuta<\/a>, com o <a href=\"https:\/\/ordemdosfisioterapeutas.pt\/wp-content\/uploads\/2023\/05\/codigo-dre.pdf\" target=\"_blank\" rel=\"noopener\">C\u00f3digo Deontol\u00f3gico<\/a> e com o <a href=\"https:\/\/ordemdosfisioterapeutas.pt\/wp-content\/uploads\/2023\/05\/regulamento-disciplinar-dre.pdf\" target=\"_blank\" rel=\"noopener\">Regulamento Disciplinar<\/a>.<\/p><p>Atualmente, a institui\u00e7\u00e3o integra na sua oferta formativa, entre outras, a licenciatura em Fisioterapia.<\/p>\t\t\t\t\t\t\t\t<\/div>\n\t\t\t\t<\/div>\n\t\t\t\t\t<\/div>\n\t\t<\/div>\n\t\t\t\t\t<\/div>\n\t\t<\/section>\n\t\t\t\t<\/div>\n\t\t","protected":false},"excerpt":{"rendered":"<p>O Baston\u00e1rio Ant\u00f3nio Lopes participou na cerim\u00f3nia comemorativa dos 20 anos da Escola Superior de Sa\u00fade Jean Piaget \u2013 Vila Nova de Gaia, no dia 26 de outubro.<\/p>\n","protected":false},"author":1,"featured_media":6959,"comment_status":"closed","ping_status":"open","sticky":false,"template":"","format":"standard","meta":{"footnotes":""},"categories":[13],"tags":[],"class_list":["post-6958","post","type-post","status-publish","format-standard","has-post-thumbnail","hentry","category-noticias"],"_links":{"self":[{"href":"https:\/\/ordemdosfisioterapeutas.pt\/pt\/wp-json\/wp\/v2\/posts\/6958","targetHints":{"allow":["GET"]}}],"collection":[{"href":"https:\/\/ordemdosfisioterapeutas.pt\/pt\/wp-json\/wp\/v2\/posts"}],"about":[{"href":"https:\/\/ordemdosfisioterapeutas.pt\/pt\/wp-json\/wp\/v2\/types\/post"}],"author":[{"embeddable":true,"href":"https:\/\/ordemdosfisioterapeutas.pt\/pt\/wp-json\/wp\/v2\/users\/1"}],"replies":[{"embeddable":true,"href":"https:\/\/ordemdosfisioterapeutas.pt\/pt\/wp-json\/wp\/v2\/comments?post=6958"}],"version-history":[{"count":0,"href":"https:\/\/ordemdosfisioterapeutas.pt\/pt\/wp-json\/wp\/v2\/posts\/6958\/revisions"}],"wp:featuredmedia":[{"embeddable":true,"href":"https:\/\/ordemdosfisioterapeutas.pt\/pt\/wp-json\/wp\/v2\/media\/6959"}],"wp:attachment":[{"href":"https:\/\/ordemdosfisioterapeutas.pt\/pt\/wp-json\/wp\/v2\/media?parent=6958"}],"wp:term":[{"taxonomy":"category","embeddable":true,"href":"https:\/\/ordemdosfisioterapeutas.pt\/pt\/wp-json\/wp\/v2\/categories?post=6958"},{"taxonomy":"post_tag","embeddable":true,"href":"https:\/\/ordemdosfisioterapeutas.pt\/pt\/wp-json\/wp\/v2\/tags?post=6958"}],"curies":[{"name":"wp","href":"https:\/\/api.w.org\/{rel}","templated":true}]}}