{"id":6463,"date":"2023-09-08T09:59:37","date_gmt":"2023-09-08T08:59:37","guid":{"rendered":"https:\/\/ordemdosfisioterapeutas.pt\/?p=6463"},"modified":"2023-09-29T15:50:38","modified_gmt":"2023-09-29T14:50:38","slug":"dia-mundial-da-fisioterapia-2023","status":"publish","type":"post","link":"https:\/\/ordemdosfisioterapeutas.pt\/pt\/noticias\/dia-mundial-da-fisioterapia-2023\/","title":{"rendered":"Dia Mundial da Fisioterapia 2023"},"content":{"rendered":"\t\t<div data-elementor-type=\"wp-post\" data-elementor-id=\"6463\" class=\"elementor elementor-6463\" data-elementor-post-type=\"post\">\n\t\t\t\t\t\t<section class=\"elementor-section elementor-top-section elementor-element elementor-element-cff2410 elementor-section-boxed elementor-section-height-default elementor-section-height-default\" data-id=\"cff2410\" data-element_type=\"section\" data-e-type=\"section\">\n\t\t\t\t\t\t<div class=\"elementor-container elementor-column-gap-default\">\n\t\t\t\t\t<div class=\"elementor-column elementor-col-100 elementor-top-column elementor-element elementor-element-6230c9a\" data-id=\"6230c9a\" data-element_type=\"column\" data-e-type=\"column\">\n\t\t\t<div class=\"elementor-widget-wrap elementor-element-populated\">\n\t\t\t\t\t\t<div class=\"elementor-element elementor-element-964afc1 elementor-widget__width-initial elementor-widget elementor-widget-text-editor\" data-id=\"964afc1\" data-element_type=\"widget\" data-e-type=\"widget\" data-widget_type=\"text-editor.default\">\n\t\t\t\t<div class=\"elementor-widget-container\">\n\t\t\t\t\t\t\t\t\t<p>Assinala-se hoje o Dia Mundial da Fisioterapia!<\/p><p>\u00c9 dia de homenagear os Fisioterapeutas enquanto profissionais de sa\u00fade.\u00a0<\/p><p>Este ano, o foco desta efem\u00e9ride, institu\u00edda pela World Physiotherapy, \u00e9 a artrite, com uma vis\u00e3o aprofundada sobre algumas formas de artrite inflamat\u00f3ria, incluindo a artrite reumatoide e a espondilite axial.<\/p><p>A Ordem dos Fisioterapeutas destaca o papel determinante dos Fisioterapeutas no tratamento e gest\u00e3o de pessoas afetadas por esta condi\u00e7\u00e3o de sa\u00fade na melhoria da sa\u00fade dos utentes, no geral.<\/p><p><u>Dia Mundial da Fisioterapia em imagens<\/u><\/p><p>A Ordem dos Fisioterapeutas convida os membros a associarem-se \u00e0 iniciativa \u201cDia Mundial da Fisioterapia em imagens\u201d, partilhando connosco fotografias ilustrativas das comemora\u00e7\u00f5es, atrav\u00e9s do preenchimento deste <span style=\"text-decoration: underline;\"><a href=\"https:\/\/bit.ly\/Eu_no_Dia_Mundial_Fisioterapia_2023\" target=\"_blank\" rel=\"noopener\">formul\u00e1rio<\/a><\/span>. As fotografias selecionadas ser\u00e3o divulgadas no site da Ordem.<\/p>\t\t\t\t\t\t\t\t<\/div>\n\t\t\t\t<\/div>\n\t\t\t\t<div class=\"elementor-element elementor-element-cbc9e48 elementor-widget elementor-widget-gallery\" data-id=\"cbc9e48\" data-element_type=\"widget\" data-e-type=\"widget\" data-settings=\"{&quot;lazyload&quot;:&quot;yes&quot;,&quot;gallery_layout&quot;:&quot;grid&quot;,&quot;columns&quot;:4,&quot;columns_tablet&quot;:2,&quot;columns_mobile&quot;:1,&quot;gap&quot;:{&quot;unit&quot;:&quot;px&quot;,&quot;size&quot;:10,&quot;sizes&quot;:[]},&quot;gap_tablet&quot;:{&quot;unit&quot;:&quot;px&quot;,&quot;size&quot;:10,&quot;sizes&quot;:[]},&quot;gap_mobile&quot;:{&quot;unit&quot;:&quot;px&quot;,&quot;size&quot;:10,&quot;sizes&quot;:[]},&quot;link_to&quot;:&quot;file&quot;,&quot;aspect_ratio&quot;:&quot;3:2&quot;,&quot;overlay_background&quot;:&quot;yes&quot;,&quot;content_hover_animation&quot;:&quot;fade-in&quot;}\" data-widget_type=\"gallery.default\">\n\t\t\t\t<div class=\"elementor-widget-container\">\n\t\t\t\t\t\t\t<div class=\"elementor-gallery__container\">\n\t\t\t\t\t\t\t<a class=\"e-gallery-item elementor-gallery-item elementor-animated-content\" href=\"https:\/\/ordemdosfisioterapeutas.pt\/wp-content\/uploads\/2023\/09\/Dia-da-Fisioterapia_3.jpg\" data-elementor-open-lightbox=\"yes\" data-elementor-lightbox-slideshow=\"cbc9e48\" data-elementor-lightbox-title=\"Dia da Fisioterapia_3\" data-e-action-hash=\"#elementor-action%3Aaction%3Dlightbox%26settings%3DeyJpZCI6NjgwOCwidXJsIjoiaHR0cHM6XC9cL29yZGVtZG9zZmlzaW90ZXJhcGV1dGFzLnB0XC93cC1jb250ZW50XC91cGxvYWRzXC8yMDIzXC8wOVwvRGlhLWRhLUZpc2lvdGVyYXBpYV8zLmpwZyIsInNsaWRlc2hvdyI6ImNiYzllNDgifQ%3D%3D\">\n\t\t\t\t\t<div class=\"e-gallery-image elementor-gallery-item__image\" data-thumbnail=\"https:\/\/ordemdosfisioterapeutas.pt\/wp-content\/uploads\/2023\/09\/Dia-da-Fisioterapia_3-225x300.jpg\" data-width=\"225\" data-height=\"300\" aria-label=\"\" role=\"img\" ><\/div>\n\t\t\t\t\t\t\t\t\t\t\t<div class=\"elementor-gallery-item__overlay\"><\/div>\n\t\t\t\t\t\t\t\t\t\t\t\t\t\t<\/a>\n\t\t\t\t\t\t\t<a class=\"e-gallery-item elementor-gallery-item elementor-animated-content\" href=\"https:\/\/ordemdosfisioterapeutas.pt\/wp-content\/uploads\/2023\/09\/Dia-da-Fisioterapia_2.jpg\" data-elementor-open-lightbox=\"yes\" data-elementor-lightbox-slideshow=\"cbc9e48\" data-elementor-lightbox-title=\"Dia da Fisioterapia_2\" data-e-action-hash=\"#elementor-action%3Aaction%3Dlightbox%26settings%3DeyJpZCI6NjgwOSwidXJsIjoiaHR0cHM6XC9cL29yZGVtZG9zZmlzaW90ZXJhcGV1dGFzLnB0XC93cC1jb250ZW50XC91cGxvYWRzXC8yMDIzXC8wOVwvRGlhLWRhLUZpc2lvdGVyYXBpYV8yLmpwZyIsInNsaWRlc2hvdyI6ImNiYzllNDgifQ%3D%3D\">\n\t\t\t\t\t<div class=\"e-gallery-image elementor-gallery-item__image\" data-thumbnail=\"https:\/\/ordemdosfisioterapeutas.pt\/wp-content\/uploads\/2023\/09\/Dia-da-Fisioterapia_2-169x300.jpg\" data-width=\"169\" data-height=\"300\" aria-label=\"\" role=\"img\" ><\/div>\n\t\t\t\t\t\t\t\t\t\t\t<div class=\"elementor-gallery-item__overlay\"><\/div>\n\t\t\t\t\t\t\t\t\t\t\t\t\t\t<\/a>\n\t\t\t\t\t\t\t<a class=\"e-gallery-item elementor-gallery-item elementor-animated-content\" href=\"https:\/\/ordemdosfisioterapeutas.pt\/wp-content\/uploads\/2023\/09\/Dia-da-Fisioterapia_1.jpg\" data-elementor-open-lightbox=\"yes\" data-elementor-lightbox-slideshow=\"cbc9e48\" data-elementor-lightbox-title=\"Dia da Fisioterapia_1\" data-e-action-hash=\"#elementor-action%3Aaction%3Dlightbox%26settings%3DeyJpZCI6NjgxMCwidXJsIjoiaHR0cHM6XC9cL29yZGVtZG9zZmlzaW90ZXJhcGV1dGFzLnB0XC93cC1jb250ZW50XC91cGxvYWRzXC8yMDIzXC8wOVwvRGlhLWRhLUZpc2lvdGVyYXBpYV8xLmpwZyIsInNsaWRlc2hvdyI6ImNiYzllNDgifQ%3D%3D\">\n\t\t\t\t\t<div class=\"e-gallery-image elementor-gallery-item__image\" data-thumbnail=\"https:\/\/ordemdosfisioterapeutas.pt\/wp-content\/uploads\/2023\/09\/Dia-da-Fisioterapia_1-300x300.jpg\" data-width=\"300\" data-height=\"300\" aria-label=\"\" role=\"img\" ><\/div>\n\t\t\t\t\t\t\t\t\t\t\t<div class=\"elementor-gallery-item__overlay\"><\/div>\n\t\t\t\t\t\t\t\t\t\t\t\t\t\t<\/a>\n\t\t\t\t\t\t\t<a class=\"e-gallery-item elementor-gallery-item elementor-animated-content\" href=\"https:\/\/ordemdosfisioterapeutas.pt\/wp-content\/uploads\/2023\/09\/Dia-da-Fisioterapia.jpg\" data-elementor-open-lightbox=\"yes\" data-elementor-lightbox-slideshow=\"cbc9e48\" data-elementor-lightbox-title=\"Dia da Fisioterapia\" data-e-action-hash=\"#elementor-action%3Aaction%3Dlightbox%26settings%3DeyJpZCI6NjgxMSwidXJsIjoiaHR0cHM6XC9cL29yZGVtZG9zZmlzaW90ZXJhcGV1dGFzLnB0XC93cC1jb250ZW50XC91cGxvYWRzXC8yMDIzXC8wOVwvRGlhLWRhLUZpc2lvdGVyYXBpYS5qcGciLCJzbGlkZXNob3ciOiJjYmM5ZTQ4In0%3D\">\n\t\t\t\t\t<div class=\"e-gallery-image elementor-gallery-item__image\" data-thumbnail=\"https:\/\/ordemdosfisioterapeutas.pt\/wp-content\/uploads\/2023\/09\/Dia-da-Fisioterapia-203x300.jpg\" data-width=\"203\" data-height=\"300\" aria-label=\"\" role=\"img\" ><\/div>\n\t\t\t\t\t\t\t\t\t\t\t<div class=\"elementor-gallery-item__overlay\"><\/div>\n\t\t\t\t\t\t\t\t\t\t\t\t\t\t<\/a>\n\t\t\t\t\t<\/div>\n\t\t\t\t\t<\/div>\n\t\t\t\t<\/div>\n\t\t\t\t\t<\/div>\n\t\t<\/div>\n\t\t\t\t\t<\/div>\n\t\t<\/section>\n\t\t\t\t<section class=\"elementor-section elementor-top-section elementor-element elementor-element-60c664d elementor-section-boxed elementor-section-height-default elementor-section-height-default\" data-id=\"60c664d\" data-element_type=\"section\" data-e-type=\"section\">\n\t\t\t\t\t\t<div class=\"elementor-container elementor-column-gap-default\">\n\t\t\t\t\t<div class=\"elementor-column elementor-col-100 elementor-top-column elementor-element elementor-element-12595a1\" data-id=\"12595a1\" data-element_type=\"column\" data-e-type=\"column\">\n\t\t\t<div class=\"elementor-widget-wrap elementor-element-populated\">\n\t\t\t\t\t\t<div class=\"elementor-element elementor-element-d6766ce elementor-widget elementor-widget-text-editor\" data-id=\"d6766ce\" data-element_type=\"widget\" data-e-type=\"widget\" data-widget_type=\"text-editor.default\">\n\t\t\t\t<div class=\"elementor-widget-container\">\n\t\t\t\t\t\t\t\t\t<p><strong>Feliz Dia Mundial da Fisioterapia!<\/strong><\/p><p><a href=\"https:\/\/ordemdosfisioterapeutas.pt\/dia-mundial-da-fisioterapia-2023\/\" target=\"_blank\" rel=\"noopener\"><span style=\"text-decoration: underline;\">Saiba mais aqui<\/span><\/a>.<\/p>\t\t\t\t\t\t\t\t<\/div>\n\t\t\t\t<\/div>\n\t\t\t\t\t<\/div>\n\t\t<\/div>\n\t\t\t\t\t<\/div>\n\t\t<\/section>\n\t\t\t\t<\/div>\n\t\t","protected":false},"excerpt":{"rendered":"<p>Assinala-se hoje o Dia Mundial da Fisioterapia!<br \/>\n\u00c9 dia de homenagear os Fisioterapeutas enquanto profissionais de sa\u00fade.<\/p>\n","protected":false},"author":1,"featured_media":6464,"comment_status":"closed","ping_status":"open","sticky":false,"template":"","format":"standard","meta":{"footnotes":""},"categories":[13],"tags":[],"class_list":["post-6463","post","type-post","status-publish","format-standard","has-post-thumbnail","hentry","category-noticias"],"_links":{"self":[{"href":"https:\/\/ordemdosfisioterapeutas.pt\/pt\/wp-json\/wp\/v2\/posts\/6463","targetHints":{"allow":["GET"]}}],"collection":[{"href":"https:\/\/ordemdosfisioterapeutas.pt\/pt\/wp-json\/wp\/v2\/posts"}],"about":[{"href":"https:\/\/ordemdosfisioterapeutas.pt\/pt\/wp-json\/wp\/v2\/types\/post"}],"author":[{"embeddable":true,"href":"https:\/\/ordemdosfisioterapeutas.pt\/pt\/wp-json\/wp\/v2\/users\/1"}],"replies":[{"embeddable":true,"href":"https:\/\/ordemdosfisioterapeutas.pt\/pt\/wp-json\/wp\/v2\/comments?post=6463"}],"version-history":[{"count":0,"href":"https:\/\/ordemdosfisioterapeutas.pt\/pt\/wp-json\/wp\/v2\/posts\/6463\/revisions"}],"wp:featuredmedia":[{"embeddable":true,"href":"https:\/\/ordemdosfisioterapeutas.pt\/pt\/wp-json\/wp\/v2\/media\/6464"}],"wp:attachment":[{"href":"https:\/\/ordemdosfisioterapeutas.pt\/pt\/wp-json\/wp\/v2\/media?parent=6463"}],"wp:term":[{"taxonomy":"category","embeddable":true,"href":"https:\/\/ordemdosfisioterapeutas.pt\/pt\/wp-json\/wp\/v2\/categories?post=6463"},{"taxonomy":"post_tag","embeddable":true,"href":"https:\/\/ordemdosfisioterapeutas.pt\/pt\/wp-json\/wp\/v2\/tags?post=6463"}],"curies":[{"name":"wp","href":"https:\/\/api.w.org\/{rel}","templated":true}]}}