{"id":6303,"date":"2023-08-09T18:55:25","date_gmt":"2023-08-09T17:55:25","guid":{"rendered":"https:\/\/ordemdosfisioterapeutas.pt\/?p=6303"},"modified":"2023-08-09T18:58:11","modified_gmt":"2023-08-09T17:58:11","slug":"fisioterapeutas-prestam-assistencia-na-jornada-mundial-da-juventude-2023","status":"publish","type":"post","link":"https:\/\/ordemdosfisioterapeutas.pt\/pt\/noticias\/fisioterapeutas-prestam-assistencia-na-jornada-mundial-da-juventude-2023\/","title":{"rendered":"Fisioterapeutas prestam assist\u00eancia na Jornada Mundial da Juventude 2023"},"content":{"rendered":"\t\t<div data-elementor-type=\"wp-post\" data-elementor-id=\"6303\" class=\"elementor elementor-6303\" data-elementor-post-type=\"post\">\n\t\t\t\t\t\t<section class=\"elementor-section elementor-top-section elementor-element elementor-element-39c0eea elementor-section-boxed elementor-section-height-default elementor-section-height-default\" data-id=\"39c0eea\" data-element_type=\"section\" data-e-type=\"section\">\n\t\t\t\t\t\t<div class=\"elementor-container elementor-column-gap-default\">\n\t\t\t\t\t<div class=\"elementor-column elementor-col-100 elementor-top-column elementor-element elementor-element-e3c2213\" data-id=\"e3c2213\" data-element_type=\"column\" data-e-type=\"column\">\n\t\t\t<div class=\"elementor-widget-wrap elementor-element-populated\">\n\t\t\t\t\t\t<div class=\"elementor-element elementor-element-d4dd837 elementor-widget elementor-widget-text-editor\" data-id=\"d4dd837\" data-element_type=\"widget\" data-e-type=\"widget\" data-widget_type=\"text-editor.default\">\n\t\t\t\t<div class=\"elementor-widget-container\">\n\t\t\t\t\t\t\t\t\t<p>Um total de 4.376 pessoas foram assistidas nos recintos da Jornada Mundial da Juventude (JMJ), que decorreu entre 1 e 6 de agosto. Os dados oficiais do INEM registaram ainda que, destas assist\u00eancias, apenas 153 (3,5%) necessitaram de observa\u00e7\u00e3o ou cuidados adicionais em ambiente hospitalar.<\/p><p>A assist\u00eancia das equipas de sa\u00fade distribu\u00eddas pelos diferentes eventos da JMJ contou com v\u00e1rios fisioterapeutas, que reportaram diversas tipologias de interven\u00e7\u00f5es, com maior incid\u00eancia em ocorr\u00eancias relacionadas com situa\u00e7\u00f5es m\u00fasculo-esquel\u00e9ticas, como entorses.<\/p><p>A JMJ contou ainda com a presen\u00e7a de fisioterapeutas inscritos nas par\u00f3quias de acolhimento aos peregrinos e que prestaram igualmente o seu apoio neste contexto.<\/p><p>Os fisioterapeutas inscritos como volunt\u00e1rios de sa\u00fade na JMJ responderam ao <span style=\"text-decoration: underline;\"><a href=\"https:\/\/ordemdosfisioterapeutas.pt\/noticias\/fisioterapeutas-podem-reforcar-equipa-de-saude-da-jornada-mundial-da-juventude-2023\/\" target=\"_blank\" rel=\"noopener\">repto<\/a><\/span> lan\u00e7ado pela Ordem, juntando-se assim a v\u00e1rios outros que j\u00e1 estavam inscritos como volunt\u00e1rios centrais ou paroquiais.<\/p><p>A Ordem congratula-se com a participa\u00e7\u00e3o e com o profissionalismo demonstrado pelos fisioterapeutas que participaram na JMJ 2023, contribuindo para elevar a import\u00e2ncia da Fisioterapia no refor\u00e7o das equipas de resposta em eventos de grandes dimens\u00f5es, bem como em situa\u00e7\u00f5es de cat\u00e1strofes e\/ou crises humanit\u00e1rias.<\/p>\t\t\t\t\t\t\t\t<\/div>\n\t\t\t\t<\/div>\n\t\t\t\t\t<\/div>\n\t\t<\/div>\n\t\t\t\t\t<\/div>\n\t\t<\/section>\n\t\t\t\t<section class=\"elementor-section elementor-top-section elementor-element elementor-element-9f9d1fb elementor-section-boxed elementor-section-height-default elementor-section-height-default\" data-id=\"9f9d1fb\" data-element_type=\"section\" data-e-type=\"section\">\n\t\t\t\t\t\t<div class=\"elementor-container elementor-column-gap-default\">\n\t\t\t\t\t<div class=\"elementor-column elementor-col-100 elementor-top-column elementor-element elementor-element-5b5c1b8\" data-id=\"5b5c1b8\" data-element_type=\"column\" data-e-type=\"column\">\n\t\t\t<div class=\"elementor-widget-wrap elementor-element-populated\">\n\t\t\t\t\t\t<div class=\"elementor-element elementor-element-922a5f0 elementor-widget elementor-widget-gallery\" data-id=\"922a5f0\" data-element_type=\"widget\" data-e-type=\"widget\" data-settings=\"{&quot;lazyload&quot;:&quot;yes&quot;,&quot;gallery_layout&quot;:&quot;grid&quot;,&quot;columns&quot;:4,&quot;columns_tablet&quot;:2,&quot;columns_mobile&quot;:1,&quot;gap&quot;:{&quot;unit&quot;:&quot;px&quot;,&quot;size&quot;:10,&quot;sizes&quot;:[]},&quot;gap_tablet&quot;:{&quot;unit&quot;:&quot;px&quot;,&quot;size&quot;:10,&quot;sizes&quot;:[]},&quot;gap_mobile&quot;:{&quot;unit&quot;:&quot;px&quot;,&quot;size&quot;:10,&quot;sizes&quot;:[]},&quot;link_to&quot;:&quot;file&quot;,&quot;aspect_ratio&quot;:&quot;3:2&quot;,&quot;overlay_background&quot;:&quot;yes&quot;,&quot;content_hover_animation&quot;:&quot;fade-in&quot;}\" data-widget_type=\"gallery.default\">\n\t\t\t\t<div class=\"elementor-widget-container\">\n\t\t\t\t\t\t\t<div class=\"elementor-gallery__container\">\n\t\t\t\t\t\t\t<a class=\"e-gallery-item elementor-gallery-item elementor-animated-content\" href=\"https:\/\/ordemdosfisioterapeutas.pt\/wp-content\/uploads\/2023\/08\/JMJ2023_noticia_site_0.jpg\" data-elementor-open-lightbox=\"yes\" data-elementor-lightbox-slideshow=\"922a5f0\" data-elementor-lightbox-title=\"JMJ2023_noticia_site_0\" data-e-action-hash=\"#elementor-action%3Aaction%3Dlightbox%26settings%3DeyJpZCI6NjMwOSwidXJsIjoiaHR0cHM6XC9cL29yZGVtZG9zZmlzaW90ZXJhcGV1dGFzLnB0XC93cC1jb250ZW50XC91cGxvYWRzXC8yMDIzXC8wOFwvSk1KMjAyM19ub3RpY2lhX3NpdGVfMC5qcGciLCJzbGlkZXNob3ciOiI5MjJhNWYwIn0%3D\">\n\t\t\t\t\t<div class=\"e-gallery-image elementor-gallery-item__image\" data-thumbnail=\"https:\/\/ordemdosfisioterapeutas.pt\/wp-content\/uploads\/2023\/08\/JMJ2023_noticia_site_0-300x200.jpg\" data-width=\"300\" data-height=\"200\" aria-label=\"\" role=\"img\" ><\/div>\n\t\t\t\t\t\t\t\t\t\t\t<div class=\"elementor-gallery-item__overlay\"><\/div>\n\t\t\t\t\t\t\t\t\t\t\t\t\t\t<\/a>\n\t\t\t\t\t\t\t<a class=\"e-gallery-item elementor-gallery-item elementor-animated-content\" href=\"https:\/\/ordemdosfisioterapeutas.pt\/wp-content\/uploads\/2023\/08\/JMJ2023_noticia_site_2.jpg\" data-elementor-open-lightbox=\"yes\" data-elementor-lightbox-slideshow=\"922a5f0\" data-elementor-lightbox-title=\"JMJ2023_noticia_site_2\" data-e-action-hash=\"#elementor-action%3Aaction%3Dlightbox%26settings%3DeyJpZCI6NjMxMCwidXJsIjoiaHR0cHM6XC9cL29yZGVtZG9zZmlzaW90ZXJhcGV1dGFzLnB0XC93cC1jb250ZW50XC91cGxvYWRzXC8yMDIzXC8wOFwvSk1KMjAyM19ub3RpY2lhX3NpdGVfMi5qcGciLCJzbGlkZXNob3ciOiI5MjJhNWYwIn0%3D\">\n\t\t\t\t\t<div class=\"e-gallery-image elementor-gallery-item__image\" data-thumbnail=\"https:\/\/ordemdosfisioterapeutas.pt\/wp-content\/uploads\/2023\/08\/JMJ2023_noticia_site_2-300x200.jpg\" data-width=\"300\" data-height=\"200\" aria-label=\"\" role=\"img\" ><\/div>\n\t\t\t\t\t\t\t\t\t\t\t<div class=\"elementor-gallery-item__overlay\"><\/div>\n\t\t\t\t\t\t\t\t\t\t\t\t\t\t<\/a>\n\t\t\t\t\t\t\t<a class=\"e-gallery-item elementor-gallery-item elementor-animated-content\" href=\"https:\/\/ordemdosfisioterapeutas.pt\/wp-content\/uploads\/2023\/08\/reunieo-livres_site.jpg\" data-elementor-open-lightbox=\"yes\" data-elementor-lightbox-slideshow=\"922a5f0\" data-elementor-lightbox-title=\"reunieo-livres_site\" data-e-action-hash=\"#elementor-action%3Aaction%3Dlightbox%26settings%3DeyJpZCI6NjMxMSwidXJsIjoiaHR0cHM6XC9cL29yZGVtZG9zZmlzaW90ZXJhcGV1dGFzLnB0XC93cC1jb250ZW50XC91cGxvYWRzXC8yMDIzXC8wOFwvcmV1bmllby1saXZyZXNfc2l0ZS5qcGciLCJzbGlkZXNob3ciOiI5MjJhNWYwIn0%3D\">\n\t\t\t\t\t<div class=\"e-gallery-image elementor-gallery-item__image\" data-thumbnail=\"https:\/\/ordemdosfisioterapeutas.pt\/wp-content\/uploads\/2023\/08\/reunieo-livres_site-300x200.jpg\" data-width=\"300\" data-height=\"200\" aria-label=\"\" role=\"img\" ><\/div>\n\t\t\t\t\t\t\t\t\t\t\t<div class=\"elementor-gallery-item__overlay\"><\/div>\n\t\t\t\t\t\t\t\t\t\t\t\t\t\t<\/a>\n\t\t\t\t\t<\/div>\n\t\t\t\t\t<\/div>\n\t\t\t\t<\/div>\n\t\t\t\t\t<\/div>\n\t\t<\/div>\n\t\t\t\t\t<\/div>\n\t\t<\/section>\n\t\t\t\t<\/div>\n\t\t","protected":false},"excerpt":{"rendered":"<p>Um total de 4.376 pessoas foram assistidas nos recintos da Jornada Mundial da Juventude (JMJ), que decorreu entre 1 e 6 de agosto. Os dados oficiais do INEM registaram ainda que, destas assist\u00eancias, apenas 153 (3,5%) necessitaram de observa\u00e7\u00e3o ou cuidados adicionais em ambiente hospitalar.<\/p>\n","protected":false},"author":1,"featured_media":6304,"comment_status":"closed","ping_status":"open","sticky":false,"template":"","format":"standard","meta":{"footnotes":""},"categories":[13],"tags":[],"class_list":["post-6303","post","type-post","status-publish","format-standard","has-post-thumbnail","hentry","category-noticias"],"_links":{"self":[{"href":"https:\/\/ordemdosfisioterapeutas.pt\/pt\/wp-json\/wp\/v2\/posts\/6303","targetHints":{"allow":["GET"]}}],"collection":[{"href":"https:\/\/ordemdosfisioterapeutas.pt\/pt\/wp-json\/wp\/v2\/posts"}],"about":[{"href":"https:\/\/ordemdosfisioterapeutas.pt\/pt\/wp-json\/wp\/v2\/types\/post"}],"author":[{"embeddable":true,"href":"https:\/\/ordemdosfisioterapeutas.pt\/pt\/wp-json\/wp\/v2\/users\/1"}],"replies":[{"embeddable":true,"href":"https:\/\/ordemdosfisioterapeutas.pt\/pt\/wp-json\/wp\/v2\/comments?post=6303"}],"version-history":[{"count":0,"href":"https:\/\/ordemdosfisioterapeutas.pt\/pt\/wp-json\/wp\/v2\/posts\/6303\/revisions"}],"wp:featuredmedia":[{"embeddable":true,"href":"https:\/\/ordemdosfisioterapeutas.pt\/pt\/wp-json\/wp\/v2\/media\/6304"}],"wp:attachment":[{"href":"https:\/\/ordemdosfisioterapeutas.pt\/pt\/wp-json\/wp\/v2\/media?parent=6303"}],"wp:term":[{"taxonomy":"category","embeddable":true,"href":"https:\/\/ordemdosfisioterapeutas.pt\/pt\/wp-json\/wp\/v2\/categories?post=6303"},{"taxonomy":"post_tag","embeddable":true,"href":"https:\/\/ordemdosfisioterapeutas.pt\/pt\/wp-json\/wp\/v2\/tags?post=6303"}],"curies":[{"name":"wp","href":"https:\/\/api.w.org\/{rel}","templated":true}]}}