{"id":6003,"date":"2023-05-17T08:00:00","date_gmt":"2023-05-17T07:00:00","guid":{"rendered":"https:\/\/ordemdosfisioterapeutas.pt\/?p=6003"},"modified":"2023-05-16T20:09:50","modified_gmt":"2023-05-16T19:09:50","slug":"ordem-destaca-papel-da-fisioterapia-como-aliado-do-combate-a-hipertensao","status":"publish","type":"post","link":"https:\/\/ordemdosfisioterapeutas.pt\/pt\/noticias\/ordem-destaca-papel-da-fisioterapia-como-aliado-do-combate-a-hipertensao\/","title":{"rendered":"Ordem destaca papel da Fisioterapia como aliado do combate \u00e0 hipertens\u00e3o"},"content":{"rendered":"\t\t<div data-elementor-type=\"wp-post\" data-elementor-id=\"6003\" class=\"elementor elementor-6003\" data-elementor-post-type=\"post\">\n\t\t\t\t\t\t<section class=\"elementor-section elementor-top-section elementor-element elementor-element-ebe87b5 elementor-section-boxed elementor-section-height-default elementor-section-height-default\" data-id=\"ebe87b5\" data-element_type=\"section\" data-e-type=\"section\">\n\t\t\t\t\t\t<div class=\"elementor-container elementor-column-gap-default\">\n\t\t\t\t\t<div class=\"elementor-column elementor-col-100 elementor-top-column elementor-element elementor-element-b0d3ae6\" data-id=\"b0d3ae6\" data-element_type=\"column\" data-e-type=\"column\">\n\t\t\t<div class=\"elementor-widget-wrap elementor-element-populated\">\n\t\t\t\t\t\t<div class=\"elementor-element elementor-element-c73d52d elementor-widget elementor-widget-text-editor\" data-id=\"c73d52d\" data-element_type=\"widget\" data-e-type=\"widget\" data-widget_type=\"text-editor.default\">\n\t\t\t\t<div class=\"elementor-widget-container\">\n\t\t\t\t\t\t\t\t\t<p>Assinala-se esta quarta-feira, 17 de maio, o Dia Mundial da Hipertens\u00e3o, uma data que tem como objetivo divulgar a import\u00e2ncia da preven\u00e7\u00e3o, da dete\u00e7\u00e3o e do tratamento da hipertens\u00e3o.<\/p><p>A <a href=\"https:\/\/www.eshonline.org\/\" target=\"_blank\" rel=\"noopener\"><span style=\"text-decoration: underline;\">Sociedade Europeia de Hipertens\u00e3o<\/span><\/a> revela que existem mil milh\u00f5es de pessoas, em todo o mundo, com hipertens\u00e3o arterial. Em <strong>Portugal<\/strong>, a hipertens\u00e3o arterial est\u00e1 diagnosticada em <strong>33 de cada 100 mulheres<\/strong> portuguesas e em <strong>40 de cada 100 homens<\/strong> portugueses.<\/p><p>Os estudos demonstram que o n\u00edvel de sedentarismo agrava este fator de risco cardiovascular, e que a pr\u00e1tica regular de atividade f\u00edsica integrada numa mudan\u00e7a de estilo de vida saud\u00e1vel, pode inclusivamente adiar a necessidade de terap\u00eautica farmacol\u00f3gica.<\/p><p>O Fisioterapeuta \u00e9 um profissional de sa\u00fade qualificado com o qual pode contar para a monitoriza\u00e7\u00e3o da press\u00e3o arterial, aconselhamento de pr\u00e1tica aut\u00f3noma de atividade f\u00edsica e prescri\u00e7\u00e3o de treino de exerc\u00edcio individualizado, com o objetivo de ganho de qualidade de vida e melhoria do seu estado de sa\u00fade.<\/p><p>A Ordem dos Fisioterapeutas salienta que a Fisioterapia ao servi\u00e7o do cidad\u00e3o \u00e9 mais um aliado no combate \u00e0 hipertens\u00e3o.<\/p>\t\t\t\t\t\t\t\t<\/div>\n\t\t\t\t<\/div>\n\t\t\t\t\t<\/div>\n\t\t<\/div>\n\t\t\t\t\t<\/div>\n\t\t<\/section>\n\t\t\t\t<\/div>\n\t\t","protected":false},"excerpt":{"rendered":"<p>Assinala-se esta quarta-feira, 17 de maio, o Dia Mundial da Hipertens\u00e3o, uma data que tem como objetivo divulgar a import\u00e2ncia da preven\u00e7\u00e3o, da dete\u00e7\u00e3o e do tratamento da hipertens\u00e3o.<\/p>\n","protected":false},"author":1,"featured_media":6004,"comment_status":"closed","ping_status":"open","sticky":false,"template":"","format":"standard","meta":{"footnotes":""},"categories":[13],"tags":[],"class_list":["post-6003","post","type-post","status-publish","format-standard","has-post-thumbnail","hentry","category-noticias"],"_links":{"self":[{"href":"https:\/\/ordemdosfisioterapeutas.pt\/pt\/wp-json\/wp\/v2\/posts\/6003","targetHints":{"allow":["GET"]}}],"collection":[{"href":"https:\/\/ordemdosfisioterapeutas.pt\/pt\/wp-json\/wp\/v2\/posts"}],"about":[{"href":"https:\/\/ordemdosfisioterapeutas.pt\/pt\/wp-json\/wp\/v2\/types\/post"}],"author":[{"embeddable":true,"href":"https:\/\/ordemdosfisioterapeutas.pt\/pt\/wp-json\/wp\/v2\/users\/1"}],"replies":[{"embeddable":true,"href":"https:\/\/ordemdosfisioterapeutas.pt\/pt\/wp-json\/wp\/v2\/comments?post=6003"}],"version-history":[{"count":0,"href":"https:\/\/ordemdosfisioterapeutas.pt\/pt\/wp-json\/wp\/v2\/posts\/6003\/revisions"}],"wp:featuredmedia":[{"embeddable":true,"href":"https:\/\/ordemdosfisioterapeutas.pt\/pt\/wp-json\/wp\/v2\/media\/6004"}],"wp:attachment":[{"href":"https:\/\/ordemdosfisioterapeutas.pt\/pt\/wp-json\/wp\/v2\/media?parent=6003"}],"wp:term":[{"taxonomy":"category","embeddable":true,"href":"https:\/\/ordemdosfisioterapeutas.pt\/pt\/wp-json\/wp\/v2\/categories?post=6003"},{"taxonomy":"post_tag","embeddable":true,"href":"https:\/\/ordemdosfisioterapeutas.pt\/pt\/wp-json\/wp\/v2\/tags?post=6003"}],"curies":[{"name":"wp","href":"https:\/\/api.w.org\/{rel}","templated":true}]}}