{"id":5811,"date":"2023-03-31T08:00:00","date_gmt":"2023-03-31T07:00:00","guid":{"rendered":"https:\/\/ordemdosfisioterapeutas.pt\/?p=5811"},"modified":"2023-04-13T12:28:19","modified_gmt":"2023-04-13T11:28:19","slug":"ordem-dos-fisioterapeutas-filiada-na-associacao-das-autoridades-competentes-europeias-para-as-profissoes-de-saude-eurheca","status":"publish","type":"post","link":"https:\/\/ordemdosfisioterapeutas.pt\/pt\/noticias\/ordem-dos-fisioterapeutas-filiada-na-associacao-das-autoridades-competentes-europeias-para-as-profissoes-de-saude-eurheca\/","title":{"rendered":"Ordem dos Fisioterapeutas filiada na Associa\u00e7\u00e3o das Autoridades Competentes Europeias para as Profiss\u00f5es de Sa\u00fade (EurHeCA)"},"content":{"rendered":"\t\t<div data-elementor-type=\"wp-post\" data-elementor-id=\"5811\" class=\"elementor elementor-5811\" data-elementor-post-type=\"post\">\n\t\t\t\t\t\t<section class=\"elementor-section elementor-top-section elementor-element elementor-element-8414220 elementor-section-boxed elementor-section-height-default elementor-section-height-default\" data-id=\"8414220\" data-element_type=\"section\" data-e-type=\"section\">\n\t\t\t\t\t\t<div class=\"elementor-container elementor-column-gap-default\">\n\t\t\t\t\t<div class=\"elementor-column elementor-col-100 elementor-top-column elementor-element elementor-element-a3b62ac\" data-id=\"a3b62ac\" data-element_type=\"column\" data-e-type=\"column\">\n\t\t\t<div class=\"elementor-widget-wrap elementor-element-populated\">\n\t\t\t\t\t\t<div class=\"elementor-element elementor-element-3a30b48 elementor-widget elementor-widget-text-editor\" data-id=\"3a30b48\" data-element_type=\"widget\" data-e-type=\"widget\" data-widget_type=\"text-editor.default\">\n\t\t\t\t<div class=\"elementor-widget-container\">\n\t\t\t\t\t\t\t\t\t<p>A Ordem dos Fisioterapeutas participou na Assembleia Geral da <span style=\"text-decoration: underline;\"><a href=\"https:\/\/www.eurheca.eu\/en\/\" target=\"_blank\" rel=\"noopener\">EurHeCA<\/a><\/span>, representada pela 2\u00aa Vice-Presidente, Concei\u00e7\u00e3o Bettencourt, que decorreu em Madrid, no dia 31 de mar\u00e7o.<\/p><p>Na ordem de trabalhos do encontro da associa\u00e7\u00e3o presidida por Pascale Mathieu, que re\u00fane autoridades competentes das profiss\u00f5es da sa\u00fade do espa\u00e7o europeu foi inclu\u00edda a vota\u00e7\u00e3o de novos pedidos de ades\u00e3o da Ordem dos Fisioterapeutas em Portugal e do Col\u00e9gio de Fisioterapeutas, em Espanha, ambos aprovados por unanimidade.<\/p><p>A Assembleia Geral da EurHeCA focou-se nas iniciativas em curso relacionadas com a Diretiva sobre o reconhecimento das qualifica\u00e7\u00f5es profissionais e na apresenta\u00e7\u00e3o dos principais desenvolvimentos a n\u00edvel da UE relativamente aos temas de interesse da EurHeCA.<\/p><p>Foram ainda abordadas quest\u00f5es de funcionamento interno da organiza\u00e7\u00e3o, como a elei\u00e7\u00e3o do segundo vice-presidente, cargo para o qual foi eleita, por unanimidade, Carolina Martinez-Berganza.<\/p><p>A Ordem dos Fisioterapeutas passa, assim, a ser membro efetivo da <span style=\"text-decoration: underline;\"><a href=\"https:\/\/www.eurheca.eu\/en\/\" target=\"_blank\" rel=\"noopener\">EurHeCA<\/a><\/span>, uma organiza\u00e7\u00e3o que constitui um f\u00f3rum entre os profissionais de sa\u00fade,\u00a0 a comunidade cient\u00edfica e as autoridades reguladoras, e que tem como principal atividade o desenvolvimento de a\u00e7\u00f5es consideradas \u00fateis, pelos seus membros, para facilitar a aplica\u00e7\u00e3o da legisla\u00e7\u00e3o da Uni\u00e3o Europeia relacionada com\u00a0 os cuidados de sa\u00fade transfronteiri\u00e7os e a mobilidade dos profissionais de sa\u00fade no espa\u00e7o europeu, garantindo ao mesmo tempo a seguran\u00e7a do doente.<\/p><p>A EurHeCA representa e defende a vis\u00e3o e os pontos de vista conjuntos dos seus membros e representa-os perante das autoridades, tanto a n\u00edvel europeu como internacional.<\/p><p>A pr\u00f3xima Assembleia-Geral ter\u00e1 lugar nos dias 14 e 15 de setembro, na Pol\u00f3nia.<\/p>\t\t\t\t\t\t\t\t<\/div>\n\t\t\t\t<\/div>\n\t\t\t\t<div class=\"elementor-element elementor-element-0dc4b94 elementor-widget elementor-widget-gallery\" data-id=\"0dc4b94\" data-element_type=\"widget\" data-e-type=\"widget\" data-settings=\"{&quot;lazyload&quot;:&quot;yes&quot;,&quot;gallery_layout&quot;:&quot;grid&quot;,&quot;columns&quot;:4,&quot;columns_tablet&quot;:2,&quot;columns_mobile&quot;:1,&quot;gap&quot;:{&quot;unit&quot;:&quot;px&quot;,&quot;size&quot;:10,&quot;sizes&quot;:[]},&quot;gap_tablet&quot;:{&quot;unit&quot;:&quot;px&quot;,&quot;size&quot;:10,&quot;sizes&quot;:[]},&quot;gap_mobile&quot;:{&quot;unit&quot;:&quot;px&quot;,&quot;size&quot;:10,&quot;sizes&quot;:[]},&quot;link_to&quot;:&quot;file&quot;,&quot;aspect_ratio&quot;:&quot;3:2&quot;,&quot;overlay_background&quot;:&quot;yes&quot;,&quot;content_hover_animation&quot;:&quot;fade-in&quot;}\" data-widget_type=\"gallery.default\">\n\t\t\t\t<div class=\"elementor-widget-container\">\n\t\t\t\t\t\t\t<div class=\"elementor-gallery__container\">\n\t\t\t\t\t\t\t<a class=\"e-gallery-item elementor-gallery-item elementor-animated-content\" href=\"https:\/\/ordemdosfisioterapeutas.pt\/wp-content\/uploads\/2023\/04\/EurHeCA-galeria_1.jpg\" data-elementor-open-lightbox=\"yes\" data-elementor-lightbox-slideshow=\"0dc4b94\" data-elementor-lightbox-title=\"EurHeCA galeria_1\" data-e-action-hash=\"#elementor-action%3Aaction%3Dlightbox%26settings%3DeyJpZCI6NTgxNiwidXJsIjoiaHR0cHM6XC9cL29yZGVtZG9zZmlzaW90ZXJhcGV1dGFzLnB0XC93cC1jb250ZW50XC91cGxvYWRzXC8yMDIzXC8wNFwvRXVySGVDQS1nYWxlcmlhXzEuanBnIiwic2xpZGVzaG93IjoiMGRjNGI5NCJ9\">\n\t\t\t\t\t<div class=\"e-gallery-image elementor-gallery-item__image\" data-thumbnail=\"https:\/\/ordemdosfisioterapeutas.pt\/wp-content\/uploads\/2023\/04\/EurHeCA-galeria_1-300x200.jpg\" data-width=\"300\" data-height=\"200\" aria-label=\"\" role=\"img\" ><\/div>\n\t\t\t\t\t\t\t\t\t\t\t<div class=\"elementor-gallery-item__overlay\"><\/div>\n\t\t\t\t\t\t\t\t\t\t\t\t\t\t<\/a>\n\t\t\t\t\t\t\t<a class=\"e-gallery-item elementor-gallery-item elementor-animated-content\" href=\"https:\/\/ordemdosfisioterapeutas.pt\/wp-content\/uploads\/2023\/04\/EurHeCA-galeria_2.jpg\" data-elementor-open-lightbox=\"yes\" data-elementor-lightbox-slideshow=\"0dc4b94\" data-elementor-lightbox-title=\"EurHeCA galeria_2\" data-e-action-hash=\"#elementor-action%3Aaction%3Dlightbox%26settings%3DeyJpZCI6NTgxOCwidXJsIjoiaHR0cHM6XC9cL29yZGVtZG9zZmlzaW90ZXJhcGV1dGFzLnB0XC93cC1jb250ZW50XC91cGxvYWRzXC8yMDIzXC8wNFwvRXVySGVDQS1nYWxlcmlhXzIuanBnIiwic2xpZGVzaG93IjoiMGRjNGI5NCJ9\">\n\t\t\t\t\t<div class=\"e-gallery-image elementor-gallery-item__image\" data-thumbnail=\"https:\/\/ordemdosfisioterapeutas.pt\/wp-content\/uploads\/2023\/04\/EurHeCA-galeria_2-300x200.jpg\" data-width=\"300\" data-height=\"200\" aria-label=\"\" role=\"img\" ><\/div>\n\t\t\t\t\t\t\t\t\t\t\t<div class=\"elementor-gallery-item__overlay\"><\/div>\n\t\t\t\t\t\t\t\t\t\t\t\t\t\t<\/a>\n\t\t\t\t\t\t\t<a class=\"e-gallery-item elementor-gallery-item elementor-animated-content\" href=\"https:\/\/ordemdosfisioterapeutas.pt\/wp-content\/uploads\/2023\/04\/EurHeCA-galeria_3.jpg\" data-elementor-open-lightbox=\"yes\" data-elementor-lightbox-slideshow=\"0dc4b94\" data-elementor-lightbox-title=\"EurHeCA galeria_3\" data-e-action-hash=\"#elementor-action%3Aaction%3Dlightbox%26settings%3DeyJpZCI6NTgxNywidXJsIjoiaHR0cHM6XC9cL29yZGVtZG9zZmlzaW90ZXJhcGV1dGFzLnB0XC93cC1jb250ZW50XC91cGxvYWRzXC8yMDIzXC8wNFwvRXVySGVDQS1nYWxlcmlhXzMuanBnIiwic2xpZGVzaG93IjoiMGRjNGI5NCJ9\">\n\t\t\t\t\t<div class=\"e-gallery-image elementor-gallery-item__image\" data-thumbnail=\"https:\/\/ordemdosfisioterapeutas.pt\/wp-content\/uploads\/2023\/04\/EurHeCA-galeria_3-300x200.jpg\" data-width=\"300\" data-height=\"200\" aria-label=\"\" role=\"img\" ><\/div>\n\t\t\t\t\t\t\t\t\t\t\t<div class=\"elementor-gallery-item__overlay\"><\/div>\n\t\t\t\t\t\t\t\t\t\t\t\t\t\t<\/a>\n\t\t\t\t\t\t\t<a class=\"e-gallery-item elementor-gallery-item elementor-animated-content\" href=\"https:\/\/ordemdosfisioterapeutas.pt\/wp-content\/uploads\/2023\/04\/EurHeCA-galeria_4.jpg\" data-elementor-open-lightbox=\"yes\" data-elementor-lightbox-slideshow=\"0dc4b94\" data-elementor-lightbox-title=\"EurHeCA galeria_4\" data-e-action-hash=\"#elementor-action%3Aaction%3Dlightbox%26settings%3DeyJpZCI6NTgxNSwidXJsIjoiaHR0cHM6XC9cL29yZGVtZG9zZmlzaW90ZXJhcGV1dGFzLnB0XC93cC1jb250ZW50XC91cGxvYWRzXC8yMDIzXC8wNFwvRXVySGVDQS1nYWxlcmlhXzQuanBnIiwic2xpZGVzaG93IjoiMGRjNGI5NCJ9\">\n\t\t\t\t\t<div class=\"e-gallery-image elementor-gallery-item__image\" data-thumbnail=\"https:\/\/ordemdosfisioterapeutas.pt\/wp-content\/uploads\/2023\/04\/EurHeCA-galeria_4-300x200.jpg\" data-width=\"300\" data-height=\"200\" aria-label=\"\" role=\"img\" ><\/div>\n\t\t\t\t\t\t\t\t\t\t\t<div class=\"elementor-gallery-item__overlay\"><\/div>\n\t\t\t\t\t\t\t\t\t\t\t\t\t\t<\/a>\n\t\t\t\t\t<\/div>\n\t\t\t\t\t<\/div>\n\t\t\t\t<\/div>\n\t\t\t\t\t<\/div>\n\t\t<\/div>\n\t\t\t\t\t<\/div>\n\t\t<\/section>\n\t\t\t\t<\/div>\n\t\t","protected":false},"excerpt":{"rendered":"<p>A Ordem dos Fisioterapeutas participou na Assembleia Geral da EurHeCA, representada pela 2\u00aa Vice-Presidente, Concei\u00e7\u00e3o Bettencourt, que decorreu em Madrid, no dia 31 de mar\u00e7o.<\/p>\n","protected":false},"author":1,"featured_media":5812,"comment_status":"closed","ping_status":"open","sticky":false,"template":"","format":"standard","meta":{"footnotes":""},"categories":[13],"tags":[],"class_list":["post-5811","post","type-post","status-publish","format-standard","has-post-thumbnail","hentry","category-noticias"],"_links":{"self":[{"href":"https:\/\/ordemdosfisioterapeutas.pt\/pt\/wp-json\/wp\/v2\/posts\/5811","targetHints":{"allow":["GET"]}}],"collection":[{"href":"https:\/\/ordemdosfisioterapeutas.pt\/pt\/wp-json\/wp\/v2\/posts"}],"about":[{"href":"https:\/\/ordemdosfisioterapeutas.pt\/pt\/wp-json\/wp\/v2\/types\/post"}],"author":[{"embeddable":true,"href":"https:\/\/ordemdosfisioterapeutas.pt\/pt\/wp-json\/wp\/v2\/users\/1"}],"replies":[{"embeddable":true,"href":"https:\/\/ordemdosfisioterapeutas.pt\/pt\/wp-json\/wp\/v2\/comments?post=5811"}],"version-history":[{"count":0,"href":"https:\/\/ordemdosfisioterapeutas.pt\/pt\/wp-json\/wp\/v2\/posts\/5811\/revisions"}],"wp:featuredmedia":[{"embeddable":true,"href":"https:\/\/ordemdosfisioterapeutas.pt\/pt\/wp-json\/wp\/v2\/media\/5812"}],"wp:attachment":[{"href":"https:\/\/ordemdosfisioterapeutas.pt\/pt\/wp-json\/wp\/v2\/media?parent=5811"}],"wp:term":[{"taxonomy":"category","embeddable":true,"href":"https:\/\/ordemdosfisioterapeutas.pt\/pt\/wp-json\/wp\/v2\/categories?post=5811"},{"taxonomy":"post_tag","embeddable":true,"href":"https:\/\/ordemdosfisioterapeutas.pt\/pt\/wp-json\/wp\/v2\/tags?post=5811"}],"curies":[{"name":"wp","href":"https:\/\/api.w.org\/{rel}","templated":true}]}}