{"id":5744,"date":"2023-03-31T14:26:30","date_gmt":"2023-03-31T13:26:30","guid":{"rendered":"https:\/\/ordemdosfisioterapeutas.pt\/?p=5744"},"modified":"2023-03-31T14:30:28","modified_gmt":"2023-03-31T13:30:28","slug":"ordem-dos-fisioterapeutas-assinala-dia-nacional-do-doente-com-acidente-vascular-cerebral","status":"publish","type":"post","link":"https:\/\/ordemdosfisioterapeutas.pt\/pt\/noticias\/ordem-dos-fisioterapeutas-assinala-dia-nacional-do-doente-com-acidente-vascular-cerebral\/","title":{"rendered":"Ordem dos Fisioterapeutas assinala Dia Nacional do Doente com Acidente Vascular Cerebral"},"content":{"rendered":"\t\t<div data-elementor-type=\"wp-post\" data-elementor-id=\"5744\" class=\"elementor elementor-5744\" data-elementor-post-type=\"post\">\n\t\t\t\t\t\t<section class=\"elementor-section elementor-top-section elementor-element elementor-element-fabd61a elementor-section-boxed elementor-section-height-default elementor-section-height-default\" data-id=\"fabd61a\" data-element_type=\"section\" data-e-type=\"section\">\n\t\t\t\t\t\t<div class=\"elementor-container elementor-column-gap-default\">\n\t\t\t\t\t<div class=\"elementor-column elementor-col-100 elementor-top-column elementor-element elementor-element-c2663d3\" data-id=\"c2663d3\" data-element_type=\"column\" data-e-type=\"column\">\n\t\t\t<div class=\"elementor-widget-wrap elementor-element-populated\">\n\t\t\t\t\t\t<div class=\"elementor-element elementor-element-545ebd7 elementor-widget elementor-widget-text-editor\" data-id=\"545ebd7\" data-element_type=\"widget\" data-e-type=\"widget\" data-widget_type=\"text-editor.default\">\n\t\t\t\t<div class=\"elementor-widget-container\">\n\t\t\t\t\t\t\t\t\t<p>Hoje, 31 de mar\u00e7o, assinala-se o Dia Nacional do Doente com Acidente Vascular Cerebral. Institu\u00eddo desde 2003, tem como objetivo sensibilizar a popula\u00e7\u00e3o em geral para o problema que continua a ser a principal causa de morte e de incapacidade permanente em Portugal e uma das principais na Europa, e promover a melhoria das pr\u00e1ticas profissionais de sa\u00fade<\/p><p>A presta\u00e7\u00e3o de bons cuidados no AVC depende de profissionais altamente competentes e especializados em AVC, refere o <span style=\"text-decoration: underline;\"><a href=\"https:\/\/actionplan.eso-stroke.org\/wp-content\/uploads\/2021\/03\/sap-portugal-s.pdf\" target=\"_blank\" rel=\"noopener\">Plano de A\u00e7\u00e3o para o AVC na Europa 2018-2030<\/a><\/span>, sublinhando tamb\u00e9m a import\u00e2ncia da reabilita\u00e7\u00e3o adequada, que \u00abinclui terapia ocupacional, fisioterapia e terapia da fala, com a interven\u00e7\u00e3o de psic\u00f3logos e assistentes sociais sempre que necess\u00e1rio\u00bb.<\/p><p>A Fisioterapia \u00e9, assim, em conjunto com outras profiss\u00f5es da \u00e1rea da sa\u00fade, determinante para ajudar os sobreviventes de AVC a otimizar a funcionalidade e a recupera\u00e7\u00e3o da autonomia.<\/p><p><strong><u>Acidente Vascular Cerebral em Portugal \u2013 realidade e desafios<\/u><\/strong><\/p><p>A convite da <span style=\"text-decoration: underline;\"><a href=\"https:\/\/www.portugalavc.pt\/\" target=\"_blank\" rel=\"noopener\">Portugal AVC \u2013 Uni\u00e3o de Sobreviventes, Familiares e Amigos<\/a><\/span>, o Baston\u00e1rio da Ordem dos Fisioterapeutas, Ant\u00f3nio Lopes, esteve presente na Sess\u00e3o \u201c<span style=\"text-decoration: underline;\"><a href=\"https:\/\/www.portugalavc.pt\/_files\/ugd\/4e8230_7558d25fd668400b90f03f65ba1430ef.pdf\" target=\"_blank\" rel=\"noopener\">Acidente Vascular Cerebral em Portugal &#8211; Realidade e desafios<\/a><\/span>\u201d, que decorreu no dia 29 mar\u00e7o, no Audit\u00f3rio Ant\u00f3nio de Almeida Santos, na Assembleia da Rep\u00fablica, com a participa\u00e7\u00e3o da Comiss\u00e3o Parlamentar de Sa\u00fade.\u00a0<\/p><p>O Presidente da Portugal AVC \u2013 Uni\u00e3o de Sobreviventes, Familiares e Amigos, Ant\u00f3nio Concei\u00e7\u00e3o, e o Baston\u00e1rio da Ordem dos Fisioterapeutas, Ant\u00f3nio Lopes, j\u00e1 se haviam reunido no passado dia 25 de mar\u00e7o, em Viseu, onde fica sedeada a associa\u00e7\u00e3o. O contacto regular e institucional com estruturas associativas de e para doentes faz parte do Plano de Atividades da Ordem.<\/p>\t\t\t\t\t\t\t\t<\/div>\n\t\t\t\t<\/div>\n\t\t\t\t\t<\/div>\n\t\t<\/div>\n\t\t\t\t\t<\/div>\n\t\t<\/section>\n\t\t\t\t<section class=\"elementor-section elementor-top-section elementor-element elementor-element-d1fb78b elementor-section-boxed elementor-section-height-default elementor-section-height-default\" data-id=\"d1fb78b\" data-element_type=\"section\" data-e-type=\"section\">\n\t\t\t\t\t\t<div class=\"elementor-container elementor-column-gap-default\">\n\t\t\t\t\t<div class=\"elementor-column elementor-col-100 elementor-top-column elementor-element elementor-element-d155789\" data-id=\"d155789\" data-element_type=\"column\" data-e-type=\"column\">\n\t\t\t<div class=\"elementor-widget-wrap elementor-element-populated\">\n\t\t\t\t\t\t<div class=\"elementor-element elementor-element-ebce434 elementor-widget elementor-widget-gallery\" data-id=\"ebce434\" data-element_type=\"widget\" data-e-type=\"widget\" data-settings=\"{&quot;lazyload&quot;:&quot;yes&quot;,&quot;gallery_layout&quot;:&quot;grid&quot;,&quot;columns&quot;:4,&quot;columns_tablet&quot;:2,&quot;columns_mobile&quot;:1,&quot;gap&quot;:{&quot;unit&quot;:&quot;px&quot;,&quot;size&quot;:10,&quot;sizes&quot;:[]},&quot;gap_tablet&quot;:{&quot;unit&quot;:&quot;px&quot;,&quot;size&quot;:10,&quot;sizes&quot;:[]},&quot;gap_mobile&quot;:{&quot;unit&quot;:&quot;px&quot;,&quot;size&quot;:10,&quot;sizes&quot;:[]},&quot;link_to&quot;:&quot;file&quot;,&quot;aspect_ratio&quot;:&quot;3:2&quot;,&quot;overlay_background&quot;:&quot;yes&quot;,&quot;content_hover_animation&quot;:&quot;fade-in&quot;}\" data-widget_type=\"gallery.default\">\n\t\t\t\t<div class=\"elementor-widget-container\">\n\t\t\t\t\t\t\t<div class=\"elementor-gallery__container\">\n\t\t\t\t\t\t\t<a class=\"e-gallery-item elementor-gallery-item elementor-animated-content\" href=\"https:\/\/ordemdosfisioterapeutas.pt\/wp-content\/uploads\/2023\/03\/foto_AVC_2.jpg\" data-elementor-open-lightbox=\"yes\" data-elementor-lightbox-slideshow=\"ebce434\" data-elementor-lightbox-title=\"foto_AVC_2\" data-e-action-hash=\"#elementor-action%3Aaction%3Dlightbox%26settings%3DeyJpZCI6NTc0NywidXJsIjoiaHR0cHM6XC9cL29yZGVtZG9zZmlzaW90ZXJhcGV1dGFzLnB0XC93cC1jb250ZW50XC91cGxvYWRzXC8yMDIzXC8wM1wvZm90b19BVkNfMi5qcGciLCJzbGlkZXNob3ciOiJlYmNlNDM0In0%3D\">\n\t\t\t\t\t<div class=\"e-gallery-image elementor-gallery-item__image\" data-thumbnail=\"https:\/\/ordemdosfisioterapeutas.pt\/wp-content\/uploads\/2023\/03\/foto_AVC_2-300x200.jpg\" data-width=\"300\" data-height=\"200\" aria-label=\"\" role=\"img\" ><\/div>\n\t\t\t\t\t\t\t\t\t\t\t<div class=\"elementor-gallery-item__overlay\"><\/div>\n\t\t\t\t\t\t\t\t\t\t\t\t\t\t<\/a>\n\t\t\t\t\t<\/div>\n\t\t\t\t\t<\/div>\n\t\t\t\t<\/div>\n\t\t\t\t\t<\/div>\n\t\t<\/div>\n\t\t\t\t\t<\/div>\n\t\t<\/section>\n\t\t\t\t<\/div>\n\t\t","protected":false},"excerpt":{"rendered":"<p>Hoje, 31 de mar\u00e7o, assinala-se o Dia Nacional do Doente com Acidente Vascular Cerebral. Institu\u00eddo desde 2003, tem como objetivo sensibilizar a popula\u00e7\u00e3o em geral para o problema que continua a ser a principal causa de morte e de incapacidade permanente em Portugal e uma das principais na Europa, e promover a melhoria das pr\u00e1ticas profissionais de sa\u00fade <\/p>\n","protected":false},"author":1,"featured_media":5745,"comment_status":"closed","ping_status":"open","sticky":false,"template":"","format":"standard","meta":{"footnotes":""},"categories":[13],"tags":[],"class_list":["post-5744","post","type-post","status-publish","format-standard","has-post-thumbnail","hentry","category-noticias"],"_links":{"self":[{"href":"https:\/\/ordemdosfisioterapeutas.pt\/pt\/wp-json\/wp\/v2\/posts\/5744","targetHints":{"allow":["GET"]}}],"collection":[{"href":"https:\/\/ordemdosfisioterapeutas.pt\/pt\/wp-json\/wp\/v2\/posts"}],"about":[{"href":"https:\/\/ordemdosfisioterapeutas.pt\/pt\/wp-json\/wp\/v2\/types\/post"}],"author":[{"embeddable":true,"href":"https:\/\/ordemdosfisioterapeutas.pt\/pt\/wp-json\/wp\/v2\/users\/1"}],"replies":[{"embeddable":true,"href":"https:\/\/ordemdosfisioterapeutas.pt\/pt\/wp-json\/wp\/v2\/comments?post=5744"}],"version-history":[{"count":0,"href":"https:\/\/ordemdosfisioterapeutas.pt\/pt\/wp-json\/wp\/v2\/posts\/5744\/revisions"}],"wp:featuredmedia":[{"embeddable":true,"href":"https:\/\/ordemdosfisioterapeutas.pt\/pt\/wp-json\/wp\/v2\/media\/5745"}],"wp:attachment":[{"href":"https:\/\/ordemdosfisioterapeutas.pt\/pt\/wp-json\/wp\/v2\/media?parent=5744"}],"wp:term":[{"taxonomy":"category","embeddable":true,"href":"https:\/\/ordemdosfisioterapeutas.pt\/pt\/wp-json\/wp\/v2\/categories?post=5744"},{"taxonomy":"post_tag","embeddable":true,"href":"https:\/\/ordemdosfisioterapeutas.pt\/pt\/wp-json\/wp\/v2\/tags?post=5744"}],"curies":[{"name":"wp","href":"https:\/\/api.w.org\/{rel}","templated":true}]}}