{"id":4791,"date":"2022-07-04T12:43:36","date_gmt":"2022-07-04T11:43:36","guid":{"rendered":"https:\/\/ordemdosfisioterapeutas.pt\/?p=4791"},"modified":"2022-07-04T12:44:13","modified_gmt":"2022-07-04T11:44:13","slug":"encontro-da-ordem-dos-fisioterapeutas-com-a-socifin-portugal","status":"publish","type":"post","link":"https:\/\/ordemdosfisioterapeutas.pt\/pt\/noticias\/encontro-da-ordem-dos-fisioterapeutas-com-a-socifin-portugal\/","title":{"rendered":"Encontro da Ordem dos Fisioterapeutas com a SOCIFIN Portugal"},"content":{"rendered":"\t\t<div data-elementor-type=\"wp-post\" data-elementor-id=\"4791\" class=\"elementor elementor-4791\" data-elementor-post-type=\"post\">\n\t\t\t\t\t\t<section class=\"elementor-section elementor-top-section elementor-element elementor-element-28a0e94 elementor-section-boxed elementor-section-height-default elementor-section-height-default\" data-id=\"28a0e94\" data-element_type=\"section\" data-e-type=\"section\">\n\t\t\t\t\t\t<div class=\"elementor-container elementor-column-gap-default\">\n\t\t\t\t\t<div class=\"elementor-column elementor-col-100 elementor-top-column elementor-element elementor-element-a60c27f\" data-id=\"a60c27f\" data-element_type=\"column\" data-e-type=\"column\">\n\t\t\t<div class=\"elementor-widget-wrap elementor-element-populated\">\n\t\t\t\t\t\t<div class=\"elementor-element elementor-element-4acfdb8 elementor-widget elementor-widget-text-editor\" data-id=\"4acfdb8\" data-element_type=\"widget\" data-e-type=\"widget\" data-widget_type=\"text-editor.default\">\n\t\t\t\t<div class=\"elementor-widget-container\">\n\t\t\t\t\t\t\t\t\t<div class=\"\">A Ordem dos Fisioterapeutas reuniu-se no dia 24 de junho com a SOCIFIN Portugal, a delega\u00e7\u00e3o portuguesa da Sociedade Cient\u00edfica da Fisioterapia Invasiva.\u00a0<\/div><div class=\"\">A SOCIFIN Portugal apresentou a sua vis\u00e3o sobre os procedimentos invasivos em contexto m\u00fasculo-esquel\u00e9tico e os desafios futuros que se relacionam com a an\u00e1lise da sua evid\u00eancia e efetividade no \u00e2mbito do processo de fisioterapia. A Ordem reiterou a disponibilidade para trabalhar com todas as sociedades cient\u00edficas que promovam o desenvolvimento da Fisioterapia.<\/div><div class=\"\"><span class=\"\">Em representa\u00e7\u00e3o da Ordem estiveram presentes o Baston\u00e1rio, Vice-Presidente e vogais, respetivamente, Ant\u00f3nio Lopes, Nuno Cordeiro, Pedro Rebelo e Afonso Neutel. A SOCIFIN Portugal esteve representada pelo seu Presidente Jos\u00e9 Pedro Leite e pela vice-presidente Rita Moreira.\u201d<\/span>\u00a0<\/div>\t\t\t\t\t\t\t\t<\/div>\n\t\t\t\t<\/div>\n\t\t\t\t\t<\/div>\n\t\t<\/div>\n\t\t\t\t\t<\/div>\n\t\t<\/section>\n\t\t\t\t<\/div>\n\t\t","protected":false},"excerpt":{"rendered":"<p>A Ordem dos Fisioterapeutas reuniu-se no dia 24 de junho com a SOCIFIN Portugal, a delega\u00e7\u00e3o portuguesa da Sociedade Cient\u00edfica da Fisioterapia Invasiva. <\/p>\n","protected":false},"author":1,"featured_media":4792,"comment_status":"closed","ping_status":"open","sticky":false,"template":"","format":"standard","meta":{"footnotes":""},"categories":[13],"tags":[],"class_list":["post-4791","post","type-post","status-publish","format-standard","has-post-thumbnail","hentry","category-noticias"],"_links":{"self":[{"href":"https:\/\/ordemdosfisioterapeutas.pt\/pt\/wp-json\/wp\/v2\/posts\/4791","targetHints":{"allow":["GET"]}}],"collection":[{"href":"https:\/\/ordemdosfisioterapeutas.pt\/pt\/wp-json\/wp\/v2\/posts"}],"about":[{"href":"https:\/\/ordemdosfisioterapeutas.pt\/pt\/wp-json\/wp\/v2\/types\/post"}],"author":[{"embeddable":true,"href":"https:\/\/ordemdosfisioterapeutas.pt\/pt\/wp-json\/wp\/v2\/users\/1"}],"replies":[{"embeddable":true,"href":"https:\/\/ordemdosfisioterapeutas.pt\/pt\/wp-json\/wp\/v2\/comments?post=4791"}],"version-history":[{"count":0,"href":"https:\/\/ordemdosfisioterapeutas.pt\/pt\/wp-json\/wp\/v2\/posts\/4791\/revisions"}],"wp:featuredmedia":[{"embeddable":true,"href":"https:\/\/ordemdosfisioterapeutas.pt\/pt\/wp-json\/wp\/v2\/media\/4792"}],"wp:attachment":[{"href":"https:\/\/ordemdosfisioterapeutas.pt\/pt\/wp-json\/wp\/v2\/media?parent=4791"}],"wp:term":[{"taxonomy":"category","embeddable":true,"href":"https:\/\/ordemdosfisioterapeutas.pt\/pt\/wp-json\/wp\/v2\/categories?post=4791"},{"taxonomy":"post_tag","embeddable":true,"href":"https:\/\/ordemdosfisioterapeutas.pt\/pt\/wp-json\/wp\/v2\/tags?post=4791"}],"curies":[{"name":"wp","href":"https:\/\/api.w.org\/{rel}","templated":true}]}}