{"id":4452,"date":"2022-05-13T10:14:18","date_gmt":"2022-05-13T09:14:18","guid":{"rendered":"https:\/\/ordemdosfisioterapeutas.pt\/?p=4452"},"modified":"2022-06-07T19:56:22","modified_gmt":"2022-06-07T18:56:22","slug":"reuniao-com-a-associacao-portuguesa-do-ensino-superior-privado","status":"publish","type":"post","link":"https:\/\/ordemdosfisioterapeutas.pt\/pt\/noticias\/reuniao-com-a-associacao-portuguesa-do-ensino-superior-privado\/","title":{"rendered":"Reuni\u00e3o com a Associa\u00e7\u00e3o Portuguesa do Ensino Superior Privado"},"content":{"rendered":"\t\t<div data-elementor-type=\"wp-post\" data-elementor-id=\"4452\" class=\"elementor elementor-4452\" data-elementor-post-type=\"post\">\n\t\t\t\t\t\t<section class=\"elementor-section elementor-top-section elementor-element elementor-element-a722cae elementor-section-boxed elementor-section-height-default elementor-section-height-default\" data-id=\"a722cae\" data-element_type=\"section\" data-e-type=\"section\">\n\t\t\t\t\t\t<div class=\"elementor-container elementor-column-gap-default\">\n\t\t\t\t\t<div class=\"elementor-column elementor-col-100 elementor-top-column elementor-element elementor-element-f251c6c\" data-id=\"f251c6c\" data-element_type=\"column\" data-e-type=\"column\">\n\t\t\t<div class=\"elementor-widget-wrap elementor-element-populated\">\n\t\t\t\t\t\t<div class=\"elementor-element elementor-element-b2bdfc4 elementor-widget elementor-widget-text-editor\" data-id=\"b2bdfc4\" data-element_type=\"widget\" data-e-type=\"widget\" data-widget_type=\"text-editor.default\">\n\t\t\t\t<div class=\"elementor-widget-container\">\n\t\t\t\t\t\t\t\t\t<p>A Dire\u00e7\u00e3o da Ordem dos Fisioterapeutas reuniu com a Associa\u00e7\u00e3o Portuguesa do Ensino Superior Privado no dia 09 de maio, no sentido de colaborar estrategicamente com as Institui\u00e7\u00f5es de Ensino Superior com forma\u00e7\u00e3o em Fisioterapia, no respeito pela sua autonomia pedag\u00f3gica e cient\u00edfica.<\/p><p>Como tal, neste encontro foram:<\/p><p>&#8211; Apresentados cumprimentos e a disponibilidade para colabora\u00e7\u00e3o tanto com a APESP, como com as IES individualmente,<\/p><p>&#8211; Apresentado sumariamente o Plano de Atividades da Ordem dos Fisioterapeutas;<\/p><p>&#8211; Perspetivadas as diversas formas interinstitucionais de colabora\u00e7\u00e3o poss\u00edveis, nomeadamente tamb\u00e9m no que diz respeito \u00e0 forma\u00e7\u00e3o pr\u00e9-graduada, Mestrado e Doutoramento.\u00a0<\/p>\t\t\t\t\t\t\t\t<\/div>\n\t\t\t\t<\/div>\n\t\t\t\t\t<\/div>\n\t\t<\/div>\n\t\t\t\t\t<\/div>\n\t\t<\/section>\n\t\t\t\t<\/div>\n\t\t","protected":false},"excerpt":{"rendered":"<p>A Dire\u00e7\u00e3o da Ordem dos Fisioterapeutas reuniu com a Associa\u00e7\u00e3o Portuguesa do Ensino Superior Privado no dia 09 de maio, no sentido de colaborar estrategicamente com as Institui\u00e7\u00f5es de Ensino Superior com forma\u00e7\u00e3o em Fisioterapia, no respeito pela sua autonomia pedag\u00f3gica e cient\u00edfica.<\/p>\n","protected":false},"author":1,"featured_media":4453,"comment_status":"closed","ping_status":"open","sticky":false,"template":"","format":"standard","meta":{"footnotes":""},"categories":[13],"tags":[],"class_list":["post-4452","post","type-post","status-publish","format-standard","has-post-thumbnail","hentry","category-noticias"],"_links":{"self":[{"href":"https:\/\/ordemdosfisioterapeutas.pt\/pt\/wp-json\/wp\/v2\/posts\/4452","targetHints":{"allow":["GET"]}}],"collection":[{"href":"https:\/\/ordemdosfisioterapeutas.pt\/pt\/wp-json\/wp\/v2\/posts"}],"about":[{"href":"https:\/\/ordemdosfisioterapeutas.pt\/pt\/wp-json\/wp\/v2\/types\/post"}],"author":[{"embeddable":true,"href":"https:\/\/ordemdosfisioterapeutas.pt\/pt\/wp-json\/wp\/v2\/users\/1"}],"replies":[{"embeddable":true,"href":"https:\/\/ordemdosfisioterapeutas.pt\/pt\/wp-json\/wp\/v2\/comments?post=4452"}],"version-history":[{"count":0,"href":"https:\/\/ordemdosfisioterapeutas.pt\/pt\/wp-json\/wp\/v2\/posts\/4452\/revisions"}],"wp:featuredmedia":[{"embeddable":true,"href":"https:\/\/ordemdosfisioterapeutas.pt\/pt\/wp-json\/wp\/v2\/media\/4453"}],"wp:attachment":[{"href":"https:\/\/ordemdosfisioterapeutas.pt\/pt\/wp-json\/wp\/v2\/media?parent=4452"}],"wp:term":[{"taxonomy":"category","embeddable":true,"href":"https:\/\/ordemdosfisioterapeutas.pt\/pt\/wp-json\/wp\/v2\/categories?post=4452"},{"taxonomy":"post_tag","embeddable":true,"href":"https:\/\/ordemdosfisioterapeutas.pt\/pt\/wp-json\/wp\/v2\/tags?post=4452"}],"curies":[{"name":"wp","href":"https:\/\/api.w.org\/{rel}","templated":true}]}}