{"id":4350,"date":"2022-04-21T17:10:14","date_gmt":"2022-04-21T16:10:14","guid":{"rendered":"https:\/\/ordemdosfisioterapeutas.pt\/?p=4350"},"modified":"2022-04-21T17:12:11","modified_gmt":"2022-04-21T16:12:11","slug":"dia-da-reabilitacao-respiratoria","status":"publish","type":"post","link":"https:\/\/ordemdosfisioterapeutas.pt\/pt\/noticias\/dia-da-reabilitacao-respiratoria\/","title":{"rendered":"Dia da Reabilita\u00e7\u00e3o Respirat\u00f3ria"},"content":{"rendered":"\t\t<div data-elementor-type=\"wp-post\" data-elementor-id=\"4350\" class=\"elementor elementor-4350\" data-elementor-post-type=\"post\">\n\t\t\t\t\t\t<section class=\"elementor-section elementor-top-section elementor-element elementor-element-1c468db elementor-section-boxed elementor-section-height-default elementor-section-height-default\" data-id=\"1c468db\" data-element_type=\"section\" data-e-type=\"section\">\n\t\t\t\t\t\t<div class=\"elementor-container elementor-column-gap-default\">\n\t\t\t\t\t<div class=\"elementor-column elementor-col-100 elementor-top-column elementor-element elementor-element-c2d434b\" data-id=\"c2d434b\" data-element_type=\"column\" data-e-type=\"column\">\n\t\t\t<div class=\"elementor-widget-wrap elementor-element-populated\">\n\t\t\t\t\t\t<div class=\"elementor-element elementor-element-ce98ba2 elementor-widget elementor-widget-text-editor\" data-id=\"ce98ba2\" data-element_type=\"widget\" data-e-type=\"widget\" data-widget_type=\"text-editor.default\">\n\t\t\t\t<div class=\"elementor-widget-container\">\n\t\t\t\t\t\t\t\t\t<p>A celebra\u00e7\u00e3o do Dia da Reabilita\u00e7\u00e3o Respirat\u00f3ria teve in\u00edcio a 21 de abril de 2016, por iniciativa da Funda\u00e7\u00e3o Portuguesa do Pulm\u00e3o e subscrita por mais 12 entidades (sociedades m\u00e9dicas e associa\u00e7\u00f5es de profissionais de sa\u00fade e de doentes respirat\u00f3rios), entre as quais a Associa\u00e7\u00e3o Portuguesa de Fisioterapeutas.\u00a0<\/p><p>O objetivo desta iniciativa \u00e9 sensibilizar os respons\u00e1veis pelas pol\u00edticas de sa\u00fade, as entidades financiadoras da sa\u00fade, os profissionais de sa\u00fade, os doentes respirat\u00f3rios e seus familiares e a sociedade em geral, de que a Reabilita\u00e7\u00e3o Respirat\u00f3ria (RR) \u00e9 uma interven\u00e7\u00e3o com benef\u00edcios comprovados para a sa\u00fade nas suas dimens\u00f5es f\u00edsica, ps\u00edquica e social, custo-efetiva, mas incompreensivelmente a acessibilidade e referencia\u00e7\u00e3o s\u00e3o extremamente baixas, estimando-se que apenas cerca de 2-3% dos doentes que dela necessitam, t\u00eam acesso a programas de reabilita\u00e7\u00e3o ajustados \u00e0s necessidades, situa\u00e7\u00e3o que se agravou muito durante a pandemia da COVID-19 e que se mant\u00e9m.<\/p><p>A fisioterapia respirat\u00f3ria (componente da \u00e1rea da fisioterapia cardiorrespirat\u00f3ria) diz respeito \u00e0 interven\u00e7\u00e3o do fisioterapeuta nas condi\u00e7\u00f5es do foro respirat\u00f3rio, com doen\u00e7a ou em risco de a desenvolver, prestando assim cuidados no \u00e2mbito da preven\u00e7\u00e3o, tratamento, habilita\u00e7\u00e3o e reabilita\u00e7\u00e3o.<\/p><p>A fisioterapia respirat\u00f3ria e o profissional que a executa, o fisioterapeuta, s\u00e3o elementos fundamentais que contribuem para a melhoria da condi\u00e7\u00e3o de sa\u00fade do doente respirat\u00f3rio (aguda ou cr\u00f3nica), seja integrado em equipas multi-interdisciplinares de RR ou num contexto de pr\u00e1tica mais direto n\u00e3o enquadrado no conceito de Reabilita\u00e7\u00e3o Respirat\u00f3ria. Real\u00e7amos tamb\u00e9m o enorme contributo que os fisioterapeutas, a n\u00edvel nacional e internacional, t\u00eam dado para o aumento do conhecimento, evid\u00eancia e implementa\u00e7\u00e3o da Reabilita\u00e7\u00e3o Respirat\u00f3ria, incluindo novos modelos de pr\u00e1tica (telerreabilita\u00e7\u00e3o, domiciliar e web-based).<\/p>\t\t\t\t\t\t\t\t<\/div>\n\t\t\t\t<\/div>\n\t\t\t\t\t<\/div>\n\t\t<\/div>\n\t\t\t\t\t<\/div>\n\t\t<\/section>\n\t\t\t\t<\/div>\n\t\t","protected":false},"excerpt":{"rendered":"<p>A celebra\u00e7\u00e3o do Dia da Reabilita\u00e7\u00e3o Respirat\u00f3ria teve in\u00edcio a 21 de abril de 2016, por iniciativa da Funda\u00e7\u00e3o Portuguesa do Pulm\u00e3o e subscrita por mais 12 entidades (sociedades m\u00e9dicas e associa\u00e7\u00f5es de profissionais de sa\u00fade e de doentes respirat\u00f3rios), entre as quais a Associa\u00e7\u00e3o Portuguesa de Fisioterapeutas.<\/p>\n","protected":false},"author":1,"featured_media":4351,"comment_status":"closed","ping_status":"open","sticky":false,"template":"","format":"standard","meta":{"footnotes":""},"categories":[13],"tags":[],"class_list":["post-4350","post","type-post","status-publish","format-standard","has-post-thumbnail","hentry","category-noticias"],"_links":{"self":[{"href":"https:\/\/ordemdosfisioterapeutas.pt\/pt\/wp-json\/wp\/v2\/posts\/4350","targetHints":{"allow":["GET"]}}],"collection":[{"href":"https:\/\/ordemdosfisioterapeutas.pt\/pt\/wp-json\/wp\/v2\/posts"}],"about":[{"href":"https:\/\/ordemdosfisioterapeutas.pt\/pt\/wp-json\/wp\/v2\/types\/post"}],"author":[{"embeddable":true,"href":"https:\/\/ordemdosfisioterapeutas.pt\/pt\/wp-json\/wp\/v2\/users\/1"}],"replies":[{"embeddable":true,"href":"https:\/\/ordemdosfisioterapeutas.pt\/pt\/wp-json\/wp\/v2\/comments?post=4350"}],"version-history":[{"count":0,"href":"https:\/\/ordemdosfisioterapeutas.pt\/pt\/wp-json\/wp\/v2\/posts\/4350\/revisions"}],"wp:featuredmedia":[{"embeddable":true,"href":"https:\/\/ordemdosfisioterapeutas.pt\/pt\/wp-json\/wp\/v2\/media\/4351"}],"wp:attachment":[{"href":"https:\/\/ordemdosfisioterapeutas.pt\/pt\/wp-json\/wp\/v2\/media?parent=4350"}],"wp:term":[{"taxonomy":"category","embeddable":true,"href":"https:\/\/ordemdosfisioterapeutas.pt\/pt\/wp-json\/wp\/v2\/categories?post=4350"},{"taxonomy":"post_tag","embeddable":true,"href":"https:\/\/ordemdosfisioterapeutas.pt\/pt\/wp-json\/wp\/v2\/tags?post=4350"}],"curies":[{"name":"wp","href":"https:\/\/api.w.org\/{rel}","templated":true}]}}