{"id":4335,"date":"2022-04-18T21:33:05","date_gmt":"2022-04-18T20:33:05","guid":{"rendered":"https:\/\/ordemdosfisioterapeutas.pt\/?p=4335"},"modified":"2022-04-18T21:35:18","modified_gmt":"2022-04-18T20:35:18","slug":"saude-sustentavel-de-tods-para-tods","status":"publish","type":"post","link":"https:\/\/ordemdosfisioterapeutas.pt\/pt\/noticias\/saude-sustentavel-de-tods-para-tods\/","title":{"rendered":"Sa\u00fade Sustent\u00e1vel: De Tod@s para Tod@s"},"content":{"rendered":"\t\t<div data-elementor-type=\"wp-post\" data-elementor-id=\"4335\" class=\"elementor elementor-4335\" data-elementor-post-type=\"post\">\n\t\t\t\t\t\t<section class=\"elementor-section elementor-top-section elementor-element elementor-element-95a3d3e elementor-section-boxed elementor-section-height-default elementor-section-height-default\" data-id=\"95a3d3e\" data-element_type=\"section\" data-e-type=\"section\">\n\t\t\t\t\t\t<div class=\"elementor-container elementor-column-gap-default\">\n\t\t\t\t\t<div class=\"elementor-column elementor-col-100 elementor-top-column elementor-element elementor-element-89ec5df\" data-id=\"89ec5df\" data-element_type=\"column\" data-e-type=\"column\">\n\t\t\t<div class=\"elementor-widget-wrap elementor-element-populated\">\n\t\t\t\t\t\t<div class=\"elementor-element elementor-element-8c4d0b2 elementor-widget elementor-widget-text-editor\" data-id=\"8c4d0b2\" data-element_type=\"widget\" data-e-type=\"widget\" data-widget_type=\"text-editor.default\">\n\t\t\t\t<div class=\"elementor-widget-container\">\n\t\t\t\t\t\t\t\t\t<p>A Dire\u00e7\u00e3o da Ordem informa que se encontra para consulta p\u00fablica o Plano Nacional de Sa\u00fade 2021-2030 no site <a href=\"http:\/\/www.pns.dgs.pt\" target=\"_blank\" rel=\"noopener\">www.pns.dgs.pt<\/a>.\u00a0<\/p><p>A Ordem dos Fisioterapeutas, enquanto Comiss\u00e3o Instaladora, integrou a Comiss\u00e3o de Acompanhamento e encontra-se nesta fase a analisar o documento agora publicado.<\/p><p>O Plano Nacional de Sa\u00fade \u00e9 um documento e um processo colaborativo em constru\u00e7\u00e3o, mesmo durante a sua implementa\u00e7\u00e3o. Participar no PNS \u00e9 poder influenciar o estado da Sa\u00fade em Portugal nos pr\u00f3ximos 10 anos porque este \u00e9 um documento que orienta as pol\u00edticas p\u00fablicas portuguesas.\u00a0<\/p><p>Todos somos atores de sa\u00fade, temos a possibilidade e responsabilidade de participar na sua constru\u00e7\u00e3o, sendo a participa\u00e7\u00e3o essencial para alcan\u00e7ar \u201cSa\u00fade Sustent\u00e1vel: de Tod@s para Tod@s\u201d.<\/p><p>Participe de forma ativa atrav\u00e9s do site referido, ou envie-nos os seus contributos at\u00e9 dia 29 de abril atrav\u00e9s do seguinte endere\u00e7o: <span style=\"text-decoration: underline;\"><a href=\"mailto:pns-21-30@ordemdosfisioterapeutas.pt\">pns-21-30@ordemdosfisioterapeutas.pt<\/a><\/span><\/p>\t\t\t\t\t\t\t\t<\/div>\n\t\t\t\t<\/div>\n\t\t\t\t\t<\/div>\n\t\t<\/div>\n\t\t\t\t\t<\/div>\n\t\t<\/section>\n\t\t\t\t<\/div>\n\t\t","protected":false},"excerpt":{"rendered":"<p>A Dire\u00e7\u00e3o da Ordem informa que se encontra para consulta p\u00fablica o Plano Nacional de Sa\u00fade 2021-2030 no site www.pns.dgs.pt. <\/p>\n","protected":false},"author":1,"featured_media":4336,"comment_status":"closed","ping_status":"open","sticky":false,"template":"","format":"standard","meta":{"footnotes":""},"categories":[13],"tags":[],"class_list":["post-4335","post","type-post","status-publish","format-standard","has-post-thumbnail","hentry","category-noticias"],"_links":{"self":[{"href":"https:\/\/ordemdosfisioterapeutas.pt\/pt\/wp-json\/wp\/v2\/posts\/4335","targetHints":{"allow":["GET"]}}],"collection":[{"href":"https:\/\/ordemdosfisioterapeutas.pt\/pt\/wp-json\/wp\/v2\/posts"}],"about":[{"href":"https:\/\/ordemdosfisioterapeutas.pt\/pt\/wp-json\/wp\/v2\/types\/post"}],"author":[{"embeddable":true,"href":"https:\/\/ordemdosfisioterapeutas.pt\/pt\/wp-json\/wp\/v2\/users\/1"}],"replies":[{"embeddable":true,"href":"https:\/\/ordemdosfisioterapeutas.pt\/pt\/wp-json\/wp\/v2\/comments?post=4335"}],"version-history":[{"count":0,"href":"https:\/\/ordemdosfisioterapeutas.pt\/pt\/wp-json\/wp\/v2\/posts\/4335\/revisions"}],"wp:featuredmedia":[{"embeddable":true,"href":"https:\/\/ordemdosfisioterapeutas.pt\/pt\/wp-json\/wp\/v2\/media\/4336"}],"wp:attachment":[{"href":"https:\/\/ordemdosfisioterapeutas.pt\/pt\/wp-json\/wp\/v2\/media?parent=4335"}],"wp:term":[{"taxonomy":"category","embeddable":true,"href":"https:\/\/ordemdosfisioterapeutas.pt\/pt\/wp-json\/wp\/v2\/categories?post=4335"},{"taxonomy":"post_tag","embeddable":true,"href":"https:\/\/ordemdosfisioterapeutas.pt\/pt\/wp-json\/wp\/v2\/tags?post=4335"}],"curies":[{"name":"wp","href":"https:\/\/api.w.org\/{rel}","templated":true}]}}