{"id":4323,"date":"2022-04-12T21:11:04","date_gmt":"2022-04-12T20:11:04","guid":{"rendered":"https:\/\/ordemdosfisioterapeutas.pt\/?p=4323"},"modified":"2022-04-12T21:13:50","modified_gmt":"2022-04-12T20:13:50","slug":"reuniao-com-a-ministra-marta-temido","status":"publish","type":"post","link":"https:\/\/ordemdosfisioterapeutas.pt\/pt\/noticias\/reuniao-com-a-ministra-marta-temido\/","title":{"rendered":"Reuni\u00e3o com a Ministra Marta Temido"},"content":{"rendered":"\t\t<div data-elementor-type=\"wp-post\" data-elementor-id=\"4323\" class=\"elementor elementor-4323\" data-elementor-post-type=\"post\">\n\t\t\t\t\t\t<section class=\"elementor-section elementor-top-section elementor-element elementor-element-89b25e0 elementor-section-boxed elementor-section-height-default elementor-section-height-default\" data-id=\"89b25e0\" data-element_type=\"section\" data-e-type=\"section\">\n\t\t\t\t\t\t<div class=\"elementor-container elementor-column-gap-default\">\n\t\t\t\t\t<div class=\"elementor-column elementor-col-100 elementor-top-column elementor-element elementor-element-5b14c30\" data-id=\"5b14c30\" data-element_type=\"column\" data-e-type=\"column\">\n\t\t\t<div class=\"elementor-widget-wrap elementor-element-populated\">\n\t\t\t\t\t\t<div class=\"elementor-element elementor-element-1ea8ab9 elementor-widget elementor-widget-text-editor\" data-id=\"1ea8ab9\" data-element_type=\"widget\" data-e-type=\"widget\" data-widget_type=\"text-editor.default\">\n\t\t\t\t<div class=\"elementor-widget-container\">\n\t\t\t\t\t\t\t\t\t<p>No \u00e2mbito da apresenta\u00e7\u00e3o do programa de governo, a Ordem dos Fisioterapeutas reuniu ontem com a Ministra da Sa\u00fade numa sequ\u00eancia de reuni\u00f5es individuais que envolveram as Ordens Profissionais.<\/p><p>Nesta reuni\u00e3o, foram apresentados os elementos governativos do Minist\u00e9rio da Sa\u00fade e respetivas fun\u00e7\u00f5es. O minist\u00e9rio apresentou o programa de governo e auscultou as necessidades dos profissionais. A Dire\u00e7\u00e3o da Ordem refor\u00e7ou a necessidade da exist\u00eancia de unidades funcionais de Fisioterapia e a import\u00e2ncia do registo dos atos inerentes \u00e0 profiss\u00e3o, bem como a constitui\u00e7\u00e3o do perfil profissional do Fisioterapeuta.\u00a0\u00a0 A Lei de Bases da Sa\u00fade e do Estatuto do SNS foram temas abordados durante a reuni\u00e3o.\u00a0<\/p><p>A Ordem mostrou ainda disponibilidade para os esclarecimentos necess\u00e1rios a instituir na sua atividade governativa.\u00a0<\/p><p>Do minist\u00e9rio da sa\u00fade, estiveram presentes a Sra. Ministra da Sa\u00fade, Marta Temido, o Sr. Secret\u00e1rio de Estado Adjunto e da Sa\u00fade, Ant\u00f3nio Lacerda Sales, a Sra Secret\u00e1ria de Estado da Sa\u00fade, Maria de F\u00e1tima Fonseca, e respetivos chefes de Gabinete do Minist\u00e9rio da Sa\u00fade.<\/p><p>Da parte da Ordem, esteve presente o Baston\u00e1rio da Ordem dos Fisioterapeutas, Ant\u00f3nio Lopes, e o 1\u00ba Vice-Presidente, Nuno Cordeiro.<\/p>\t\t\t\t\t\t\t\t<\/div>\n\t\t\t\t<\/div>\n\t\t\t\t\t<\/div>\n\t\t<\/div>\n\t\t\t\t\t<\/div>\n\t\t<\/section>\n\t\t\t\t<\/div>\n\t\t","protected":false},"excerpt":{"rendered":"<p>No \u00e2mbito da apresenta\u00e7\u00e3o do programa de governo, a Ordem dos Fisioterapeutas reuniu ontem com a Ministra da Sa\u00fade numa sequ\u00eancia de reuni\u00f5es individuais que envolveram as Ordens Profissionais.<\/p>\n","protected":false},"author":1,"featured_media":4324,"comment_status":"closed","ping_status":"open","sticky":false,"template":"","format":"standard","meta":{"footnotes":""},"categories":[13],"tags":[],"class_list":["post-4323","post","type-post","status-publish","format-standard","has-post-thumbnail","hentry","category-noticias"],"_links":{"self":[{"href":"https:\/\/ordemdosfisioterapeutas.pt\/pt\/wp-json\/wp\/v2\/posts\/4323","targetHints":{"allow":["GET"]}}],"collection":[{"href":"https:\/\/ordemdosfisioterapeutas.pt\/pt\/wp-json\/wp\/v2\/posts"}],"about":[{"href":"https:\/\/ordemdosfisioterapeutas.pt\/pt\/wp-json\/wp\/v2\/types\/post"}],"author":[{"embeddable":true,"href":"https:\/\/ordemdosfisioterapeutas.pt\/pt\/wp-json\/wp\/v2\/users\/1"}],"replies":[{"embeddable":true,"href":"https:\/\/ordemdosfisioterapeutas.pt\/pt\/wp-json\/wp\/v2\/comments?post=4323"}],"version-history":[{"count":0,"href":"https:\/\/ordemdosfisioterapeutas.pt\/pt\/wp-json\/wp\/v2\/posts\/4323\/revisions"}],"wp:featuredmedia":[{"embeddable":true,"href":"https:\/\/ordemdosfisioterapeutas.pt\/pt\/wp-json\/wp\/v2\/media\/4324"}],"wp:attachment":[{"href":"https:\/\/ordemdosfisioterapeutas.pt\/pt\/wp-json\/wp\/v2\/media?parent=4323"}],"wp:term":[{"taxonomy":"category","embeddable":true,"href":"https:\/\/ordemdosfisioterapeutas.pt\/pt\/wp-json\/wp\/v2\/categories?post=4323"},{"taxonomy":"post_tag","embeddable":true,"href":"https:\/\/ordemdosfisioterapeutas.pt\/pt\/wp-json\/wp\/v2\/tags?post=4323"}],"curies":[{"name":"wp","href":"https:\/\/api.w.org\/{rel}","templated":true}]}}