{"id":4296,"date":"2022-04-05T17:14:31","date_gmt":"2022-04-05T16:14:31","guid":{"rendered":"https:\/\/ordemdosfisioterapeutas.pt\/?p=4296"},"modified":"2022-04-05T17:15:29","modified_gmt":"2022-04-05T16:15:29","slug":"tomada-de-posse-sociedade-portuguesa-de-literacia-em-saude","status":"publish","type":"post","link":"https:\/\/ordemdosfisioterapeutas.pt\/pt\/noticias\/tomada-de-posse-sociedade-portuguesa-de-literacia-em-saude\/","title":{"rendered":"Tomada de Posse &#8211; Sociedade Portuguesa de Literacia em Sa\u00fade"},"content":{"rendered":"\t\t<div data-elementor-type=\"wp-post\" data-elementor-id=\"4296\" class=\"elementor elementor-4296\" data-elementor-post-type=\"post\">\n\t\t\t\t\t\t<section class=\"elementor-section elementor-top-section elementor-element elementor-element-1834f3d elementor-section-boxed elementor-section-height-default elementor-section-height-default\" data-id=\"1834f3d\" data-element_type=\"section\" data-e-type=\"section\">\n\t\t\t\t\t\t<div class=\"elementor-container elementor-column-gap-default\">\n\t\t\t\t\t<div class=\"elementor-column elementor-col-100 elementor-top-column elementor-element elementor-element-40dad0e\" data-id=\"40dad0e\" data-element_type=\"column\" data-e-type=\"column\">\n\t\t\t<div class=\"elementor-widget-wrap elementor-element-populated\">\n\t\t\t\t\t\t<div class=\"elementor-element elementor-element-9551119 elementor-widget elementor-widget-text-editor\" data-id=\"9551119\" data-element_type=\"widget\" data-e-type=\"widget\" data-widget_type=\"text-editor.default\">\n\t\t\t\t<div class=\"elementor-widget-container\">\n\t\t\t\t\t\t\t\t\t<p>No dia 26 de mar\u00e7o, realizou-se a Cerim\u00f3nia de Tomada de Posse da SPLS, marcada tamb\u00e9m pelo evento \u201cA Literacia em Sa\u00fade e a Crise Humanit\u00e1ria Global\u201d, em\u00a0<em>Lisboa.\u00a0<\/em><\/p><p>A Sociedade Portuguesa de Literacia em Sa\u00fade \u00e9 uma organiza\u00e7\u00e3o sem fins lucrativos, com um car\u00e1ter cient\u00edfico e formativo, dedicada \u00e0 promo\u00e7\u00e3o, desenvolvimento e aperfei\u00e7oamento da Literacia em Sa\u00fade, respeitando os princ\u00edpios \u00e9ticos e valores humanistas.<\/p><p>Fazemos votos aos \u00f3rg\u00e3os sociais eleitos para um mandato com muito sucesso, disponibilizando-nos para contribuir para a sua abordagem multidisciplinar na promo\u00e7\u00e3o da literacia na Sa\u00fade.\u00a0<\/p><p>A Ordem dos Fisioterapeutas esteve representada pela Vice-Presidente<strong>,<\/strong>\u00a0Concei\u00e7\u00e3o Bettencourt.\u00a0<\/p><p>Saiba mais sobre a SPLS aqui:\u00a0<span style=\"text-decoration: underline;\"><a href=\"https:\/\/www.splsportugal.pt\/\" target=\"_blank\" rel=\"noopener\">https:\/\/www.splsportugal.pt\/<\/a><\/span><\/p>\t\t\t\t\t\t\t\t<\/div>\n\t\t\t\t<\/div>\n\t\t\t\t\t<\/div>\n\t\t<\/div>\n\t\t\t\t\t<\/div>\n\t\t<\/section>\n\t\t\t\t<\/div>\n\t\t","protected":false},"excerpt":{"rendered":"<p>No dia 26 de mar\u00e7o, realizou-se a Cerim\u00f3nia de Tomada de Posse da SPLS, marcada tamb\u00e9m pelo evento \u201cA Literacia em Sa\u00fade e a Crise Humanit\u00e1ria Global\u201d, em Lisboa. <\/p>\n","protected":false},"author":1,"featured_media":4297,"comment_status":"closed","ping_status":"open","sticky":false,"template":"","format":"standard","meta":{"footnotes":""},"categories":[13],"tags":[],"class_list":["post-4296","post","type-post","status-publish","format-standard","has-post-thumbnail","hentry","category-noticias"],"_links":{"self":[{"href":"https:\/\/ordemdosfisioterapeutas.pt\/pt\/wp-json\/wp\/v2\/posts\/4296","targetHints":{"allow":["GET"]}}],"collection":[{"href":"https:\/\/ordemdosfisioterapeutas.pt\/pt\/wp-json\/wp\/v2\/posts"}],"about":[{"href":"https:\/\/ordemdosfisioterapeutas.pt\/pt\/wp-json\/wp\/v2\/types\/post"}],"author":[{"embeddable":true,"href":"https:\/\/ordemdosfisioterapeutas.pt\/pt\/wp-json\/wp\/v2\/users\/1"}],"replies":[{"embeddable":true,"href":"https:\/\/ordemdosfisioterapeutas.pt\/pt\/wp-json\/wp\/v2\/comments?post=4296"}],"version-history":[{"count":0,"href":"https:\/\/ordemdosfisioterapeutas.pt\/pt\/wp-json\/wp\/v2\/posts\/4296\/revisions"}],"wp:featuredmedia":[{"embeddable":true,"href":"https:\/\/ordemdosfisioterapeutas.pt\/pt\/wp-json\/wp\/v2\/media\/4297"}],"wp:attachment":[{"href":"https:\/\/ordemdosfisioterapeutas.pt\/pt\/wp-json\/wp\/v2\/media?parent=4296"}],"wp:term":[{"taxonomy":"category","embeddable":true,"href":"https:\/\/ordemdosfisioterapeutas.pt\/pt\/wp-json\/wp\/v2\/categories?post=4296"},{"taxonomy":"post_tag","embeddable":true,"href":"https:\/\/ordemdosfisioterapeutas.pt\/pt\/wp-json\/wp\/v2\/tags?post=4296"}],"curies":[{"name":"wp","href":"https:\/\/api.w.org\/{rel}","templated":true}]}}