{"id":4229,"date":"2022-03-21T17:22:53","date_gmt":"2022-03-21T17:22:53","guid":{"rendered":"https:\/\/ordemdosfisioterapeutas.pt\/?p=4229"},"modified":"2022-03-21T17:25:25","modified_gmt":"2022-03-21T17:25:25","slug":"inauguracao-do-laboratorio-lafffi","status":"publish","type":"post","link":"https:\/\/ordemdosfisioterapeutas.pt\/pt\/noticias\/inauguracao-do-laboratorio-lafffi\/","title":{"rendered":"Inaugura\u00e7\u00e3o do Laborat\u00f3rio LAFFFI"},"content":{"rendered":"\t\t<div data-elementor-type=\"wp-post\" data-elementor-id=\"4229\" class=\"elementor elementor-4229\" data-elementor-post-type=\"post\">\n\t\t\t\t\t\t<section class=\"elementor-section elementor-top-section elementor-element elementor-element-78d71c5 elementor-section-boxed elementor-section-height-default elementor-section-height-default\" data-id=\"78d71c5\" data-element_type=\"section\" data-e-type=\"section\">\n\t\t\t\t\t\t<div class=\"elementor-container elementor-column-gap-default\">\n\t\t\t\t\t<div class=\"elementor-column elementor-col-100 elementor-top-column elementor-element elementor-element-7169787\" data-id=\"7169787\" data-element_type=\"column\" data-e-type=\"column\">\n\t\t\t<div class=\"elementor-widget-wrap elementor-element-populated\">\n\t\t\t\t\t\t<div class=\"elementor-element elementor-element-221ca45 elementor-widget elementor-widget-text-editor\" data-id=\"221ca45\" data-element_type=\"widget\" data-e-type=\"widget\" data-widget_type=\"text-editor.default\">\n\t\t\t\t<div class=\"elementor-widget-container\">\n\t\t\t\t\t\t\t\t\t<p>A Ordem dos Fisioterapeutas esteve presente no dia 09 de mar\u00e7o de 2022 na inaugura\u00e7\u00e3o do Laborat\u00f3rio de Avalia\u00e7\u00e3o F\u00edsica e Funcional em Fisioterapia \u2013 LAFFFI da Egas Moniz Cooperativa de Ensino Superior. Este marco ficou assinalado, entre outras individualidades, com presen\u00e7a do Sr. Baston\u00e1rio da Ordem dos Fisioterapeutas Ant\u00f3nio Manuel Fernandes Lopes.<br \/><br \/>O Professor Jos\u00e9 Jo\u00e3o Mendes, Presidente da Dire\u00e7\u00e3o da Egas Moniz frisou a import\u00e2ncia da investiga\u00e7\u00e3o de modo transversal e o longo caminho que esta institui\u00e7\u00e3o j\u00e1 percorreu neste \u00e2mbito e que continua a percorrer. O Professor Luciano Maia, fundador deste laborat\u00f3rio, salientou todas parcerias que permitiram que este se tornasse realidade.<br \/><br \/>O LAFFFI \u00e9 um laborat\u00f3rio de investiga\u00e7\u00e3o que tem como miss\u00e3o o desenvolvimento de investiga\u00e7\u00e3o b\u00e1sica, avan\u00e7ada e aplicada, em disciplinas ligadas ao estudo e ensino da fisioterapia e ci\u00eancias biom\u00e9dicas, bem como outras \u00e1reas cient\u00edficas aplicadas \u00e0 sa\u00fade.<\/p><p>A Ordem dos Fisioterapeutas deixa votos de maior sucesso para o futuro do LAFFFI.<\/p>\t\t\t\t\t\t\t\t<\/div>\n\t\t\t\t<\/div>\n\t\t\t\t\t<\/div>\n\t\t<\/div>\n\t\t\t\t\t<\/div>\n\t\t<\/section>\n\t\t\t\t<\/div>\n\t\t","protected":false},"excerpt":{"rendered":"<p>A Ordem dos Fisioterapeutas esteve presente no dia 09 de mar\u00e7o de 2022 na inaugura\u00e7\u00e3o do Laborat\u00f3rio de Avalia\u00e7\u00e3o F\u00edsica e Funcional em Fisioterapia \u2013 LAFFFI da Egas Moniz Cooperativa de Ensino Superior. <\/p>\n","protected":false},"author":1,"featured_media":4234,"comment_status":"closed","ping_status":"open","sticky":false,"template":"","format":"standard","meta":{"footnotes":""},"categories":[13],"tags":[],"class_list":["post-4229","post","type-post","status-publish","format-standard","has-post-thumbnail","hentry","category-noticias"],"_links":{"self":[{"href":"https:\/\/ordemdosfisioterapeutas.pt\/pt\/wp-json\/wp\/v2\/posts\/4229","targetHints":{"allow":["GET"]}}],"collection":[{"href":"https:\/\/ordemdosfisioterapeutas.pt\/pt\/wp-json\/wp\/v2\/posts"}],"about":[{"href":"https:\/\/ordemdosfisioterapeutas.pt\/pt\/wp-json\/wp\/v2\/types\/post"}],"author":[{"embeddable":true,"href":"https:\/\/ordemdosfisioterapeutas.pt\/pt\/wp-json\/wp\/v2\/users\/1"}],"replies":[{"embeddable":true,"href":"https:\/\/ordemdosfisioterapeutas.pt\/pt\/wp-json\/wp\/v2\/comments?post=4229"}],"version-history":[{"count":0,"href":"https:\/\/ordemdosfisioterapeutas.pt\/pt\/wp-json\/wp\/v2\/posts\/4229\/revisions"}],"wp:featuredmedia":[{"embeddable":true,"href":"https:\/\/ordemdosfisioterapeutas.pt\/pt\/wp-json\/wp\/v2\/media\/4234"}],"wp:attachment":[{"href":"https:\/\/ordemdosfisioterapeutas.pt\/pt\/wp-json\/wp\/v2\/media?parent=4229"}],"wp:term":[{"taxonomy":"category","embeddable":true,"href":"https:\/\/ordemdosfisioterapeutas.pt\/pt\/wp-json\/wp\/v2\/categories?post=4229"},{"taxonomy":"post_tag","embeddable":true,"href":"https:\/\/ordemdosfisioterapeutas.pt\/pt\/wp-json\/wp\/v2\/tags?post=4229"}],"curies":[{"name":"wp","href":"https:\/\/api.w.org\/{rel}","templated":true}]}}