{"id":4063,"date":"2022-03-06T16:26:03","date_gmt":"2022-03-06T16:26:03","guid":{"rendered":"https:\/\/ordemdosfisioterapeutas.pt\/?p=4063"},"modified":"2022-03-06T16:26:29","modified_gmt":"2022-03-06T16:26:29","slug":"reuniao-com-o-sindicato-dos-fisioterapeutas","status":"publish","type":"post","link":"https:\/\/ordemdosfisioterapeutas.pt\/pt\/noticias\/reuniao-com-o-sindicato-dos-fisioterapeutas\/","title":{"rendered":"Reuni\u00e3o com o Sindicato dos Fisioterapeutas"},"content":{"rendered":"\t\t<div data-elementor-type=\"wp-post\" data-elementor-id=\"4063\" class=\"elementor elementor-4063\" data-elementor-post-type=\"post\">\n\t\t\t\t\t\t<section class=\"elementor-section elementor-top-section elementor-element elementor-element-bb92a55 elementor-section-boxed elementor-section-height-default elementor-section-height-default\" data-id=\"bb92a55\" data-element_type=\"section\" data-e-type=\"section\">\n\t\t\t\t\t\t<div class=\"elementor-container elementor-column-gap-default\">\n\t\t\t\t\t<div class=\"elementor-column elementor-col-100 elementor-top-column elementor-element elementor-element-89ebedf\" data-id=\"89ebedf\" data-element_type=\"column\" data-e-type=\"column\">\n\t\t\t<div class=\"elementor-widget-wrap elementor-element-populated\">\n\t\t\t\t\t\t<div class=\"elementor-element elementor-element-8e3ef77 elementor-widget elementor-widget-text-editor\" data-id=\"8e3ef77\" data-element_type=\"widget\" data-e-type=\"widget\" data-widget_type=\"text-editor.default\">\n\t\t\t\t<div class=\"elementor-widget-container\">\n\t\t\t\t\t\t\t\t\t<p>A Dire\u00e7\u00e3o da OF reuniu hoje com a Dire\u00e7\u00e3o do Sindicato dos Fisioterapeutas, na pessoa Fisioterapeuta Jo\u00e3o Paulo Valente.<\/p><p>Este encontro muito aguardado promoveu a partilha de preocupa\u00e7\u00f5es e procura de respostas necess\u00e1rias \u00e0 profiss\u00e3o. Entendemos, pois, que esta reuni\u00e3o estreitou la\u00e7os fundamentais entre as nossas entidades que,. embora tenham uma natureza distinta, procuram dignificar a profiss\u00e3o e valorizar os fisioterapeutas.<\/p>\t\t\t\t\t\t\t\t<\/div>\n\t\t\t\t<\/div>\n\t\t\t\t\t<\/div>\n\t\t<\/div>\n\t\t\t\t\t<\/div>\n\t\t<\/section>\n\t\t\t\t<\/div>\n\t\t","protected":false},"excerpt":{"rendered":"<p>A Dire\u00e7\u00e3o da OF reuniu hoje com a Dire\u00e7\u00e3o do Sindicato dos Fisioterapeutas, na pessoa Fisioterapeuta Jo\u00e3o Paulo Valente.<\/p>\n","protected":false},"author":1,"featured_media":4064,"comment_status":"closed","ping_status":"open","sticky":false,"template":"","format":"standard","meta":{"footnotes":""},"categories":[13],"tags":[],"class_list":["post-4063","post","type-post","status-publish","format-standard","has-post-thumbnail","hentry","category-noticias"],"_links":{"self":[{"href":"https:\/\/ordemdosfisioterapeutas.pt\/pt\/wp-json\/wp\/v2\/posts\/4063","targetHints":{"allow":["GET"]}}],"collection":[{"href":"https:\/\/ordemdosfisioterapeutas.pt\/pt\/wp-json\/wp\/v2\/posts"}],"about":[{"href":"https:\/\/ordemdosfisioterapeutas.pt\/pt\/wp-json\/wp\/v2\/types\/post"}],"author":[{"embeddable":true,"href":"https:\/\/ordemdosfisioterapeutas.pt\/pt\/wp-json\/wp\/v2\/users\/1"}],"replies":[{"embeddable":true,"href":"https:\/\/ordemdosfisioterapeutas.pt\/pt\/wp-json\/wp\/v2\/comments?post=4063"}],"version-history":[{"count":0,"href":"https:\/\/ordemdosfisioterapeutas.pt\/pt\/wp-json\/wp\/v2\/posts\/4063\/revisions"}],"wp:featuredmedia":[{"embeddable":true,"href":"https:\/\/ordemdosfisioterapeutas.pt\/pt\/wp-json\/wp\/v2\/media\/4064"}],"wp:attachment":[{"href":"https:\/\/ordemdosfisioterapeutas.pt\/pt\/wp-json\/wp\/v2\/media?parent=4063"}],"wp:term":[{"taxonomy":"category","embeddable":true,"href":"https:\/\/ordemdosfisioterapeutas.pt\/pt\/wp-json\/wp\/v2\/categories?post=4063"},{"taxonomy":"post_tag","embeddable":true,"href":"https:\/\/ordemdosfisioterapeutas.pt\/pt\/wp-json\/wp\/v2\/tags?post=4063"}],"curies":[{"name":"wp","href":"https:\/\/api.w.org\/{rel}","templated":true}]}}