{"id":246,"date":"2020-09-23T17:32:16","date_gmt":"2020-09-23T17:32:16","guid":{"rendered":"https:\/\/ordemdosfisioterapeutas.pt\/?p=246"},"modified":"2021-03-16T20:58:11","modified_gmt":"2021-03-16T20:58:11","slug":"identidade-da-ordem-razoes-de-escolha","status":"publish","type":"post","link":"https:\/\/ordemdosfisioterapeutas.pt\/pt\/noticias\/identidade-da-ordem-razoes-de-escolha\/","title":{"rendered":"Identidade da Ordem: raz\u00f5es de escolha"},"content":{"rendered":"\t\t<div data-elementor-type=\"wp-post\" data-elementor-id=\"246\" class=\"elementor elementor-246\" data-elementor-post-type=\"post\">\n\t\t\t\t\t\t<section class=\"elementor-section elementor-top-section elementor-element elementor-element-43a6a72d elementor-section-boxed elementor-section-height-default elementor-section-height-default\" data-id=\"43a6a72d\" data-element_type=\"section\" data-e-type=\"section\">\n\t\t\t\t\t\t<div class=\"elementor-container elementor-column-gap-default\">\n\t\t\t\t\t<div class=\"elementor-column elementor-col-100 elementor-top-column elementor-element elementor-element-4c2de4c1\" data-id=\"4c2de4c1\" data-element_type=\"column\" data-e-type=\"column\">\n\t\t\t<div class=\"elementor-widget-wrap elementor-element-populated\">\n\t\t\t\t\t\t<div class=\"elementor-element elementor-element-619f2345 elementor-widget elementor-widget-text-editor\" data-id=\"619f2345\" data-element_type=\"widget\" data-e-type=\"widget\" data-widget_type=\"text-editor.default\">\n\t\t\t\t<div class=\"elementor-widget-container\">\n\t\t\t\t\t\t\t\t\t<p>A Comiss\u00e3o Instaladora da Ordem dos Fisioterapeutas promoveu um concurso para desenvolvimento da sua identidade pessoal. Foram apresentadas v\u00e1rias propostas, tendo a comiss\u00e3o instaladora decidido pela que apresentava mais garantias de cumprir o objetivo de uma identidade profissional.<\/p><p>A op\u00e7\u00e3o por uma marca s\u00f3bria, por\u00e9m atual, que pudesse transmitir e identificar o trabalho da ordem em qualquer contexto, foi uma prioridade. Sabendo que os ambientes digitais ser\u00e3o privilegiados no contacto da ordem com os seus associados e parceiros, procur\u00e1mos uma identidade adaptada a essa realidade, facilmente aplic\u00e1vel em qualquer plataforma de comunica\u00e7\u00e3o.<\/p><p>A identidade desenvolve-se a partir de formas arredondadas privilegiando a cor azul, que j\u00e1 faz parte das refer\u00eancias dos fisioterapeutas. A op\u00e7\u00e3o pelo azul deve-se ao facto de ser a cor representativa da profiss\u00e3o, mas tamb\u00e9m cor da simpatia, harmonia e fidelidade. Atrav\u00e9s das formas arredondadas transmitimos movimento e dinamismo, valores que consideramos essenciais na Fisioterapia e na Ordem dos Fisioterapeutas.<\/p>\t\t\t\t\t\t\t\t<\/div>\n\t\t\t\t<\/div>\n\t\t\t\t\t<\/div>\n\t\t<\/div>\n\t\t\t\t\t<\/div>\n\t\t<\/section>\n\t\t\t\t<\/div>\n\t\t","protected":false},"excerpt":{"rendered":"<p>A Comiss\u00e3o Instaladora da Ordem dos Fisioterapeutas promoveu um concurso para desenvolvimento da sua identidade pessoal. Foram apresentadas v\u00e1rias propostas, tendo a comiss\u00e3o instaladora decidido pela que apresentava mais garantias de cumprir o objetivo de uma identidade profissional.<\/p>\n","protected":false},"author":1,"featured_media":1243,"comment_status":"closed","ping_status":"open","sticky":false,"template":"","format":"standard","meta":{"footnotes":""},"categories":[13],"tags":[],"class_list":["post-246","post","type-post","status-publish","format-standard","has-post-thumbnail","hentry","category-noticias"],"_links":{"self":[{"href":"https:\/\/ordemdosfisioterapeutas.pt\/pt\/wp-json\/wp\/v2\/posts\/246","targetHints":{"allow":["GET"]}}],"collection":[{"href":"https:\/\/ordemdosfisioterapeutas.pt\/pt\/wp-json\/wp\/v2\/posts"}],"about":[{"href":"https:\/\/ordemdosfisioterapeutas.pt\/pt\/wp-json\/wp\/v2\/types\/post"}],"author":[{"embeddable":true,"href":"https:\/\/ordemdosfisioterapeutas.pt\/pt\/wp-json\/wp\/v2\/users\/1"}],"replies":[{"embeddable":true,"href":"https:\/\/ordemdosfisioterapeutas.pt\/pt\/wp-json\/wp\/v2\/comments?post=246"}],"version-history":[{"count":0,"href":"https:\/\/ordemdosfisioterapeutas.pt\/pt\/wp-json\/wp\/v2\/posts\/246\/revisions"}],"wp:featuredmedia":[{"embeddable":true,"href":"https:\/\/ordemdosfisioterapeutas.pt\/pt\/wp-json\/wp\/v2\/media\/1243"}],"wp:attachment":[{"href":"https:\/\/ordemdosfisioterapeutas.pt\/pt\/wp-json\/wp\/v2\/media?parent=246"}],"wp:term":[{"taxonomy":"category","embeddable":true,"href":"https:\/\/ordemdosfisioterapeutas.pt\/pt\/wp-json\/wp\/v2\/categories?post=246"},{"taxonomy":"post_tag","embeddable":true,"href":"https:\/\/ordemdosfisioterapeutas.pt\/pt\/wp-json\/wp\/v2\/tags?post=246"}],"curies":[{"name":"wp","href":"https:\/\/api.w.org\/{rel}","templated":true}]}}