{"id":2406,"date":"2021-05-19T12:15:51","date_gmt":"2021-05-19T11:15:51","guid":{"rendered":"https:\/\/ordemdosfisioterapeutas.pt\/?p=2406"},"modified":"2021-05-19T12:15:54","modified_gmt":"2021-05-19T11:15:54","slug":"estao-abertas-as-inscricoes-para-a-ordem-dos-fisioterapeutas","status":"publish","type":"post","link":"https:\/\/ordemdosfisioterapeutas.pt\/pt\/noticias\/estao-abertas-as-inscricoes-para-a-ordem-dos-fisioterapeutas\/","title":{"rendered":"Est\u00e3o abertas as inscri\u00e7\u00f5es para a Ordem dos Fisioterapeutas"},"content":{"rendered":"\t\t<div data-elementor-type=\"wp-post\" data-elementor-id=\"2406\" class=\"elementor elementor-2406\" data-elementor-post-type=\"post\">\n\t\t\t\t\t\t<section class=\"elementor-section elementor-top-section elementor-element elementor-element-dec2483 elementor-section-boxed elementor-section-height-default elementor-section-height-default\" data-id=\"dec2483\" data-element_type=\"section\" data-e-type=\"section\">\n\t\t\t\t\t\t<div class=\"elementor-container elementor-column-gap-default\">\n\t\t\t\t\t<div class=\"elementor-column elementor-col-100 elementor-top-column elementor-element elementor-element-cb0d05c\" data-id=\"cb0d05c\" data-element_type=\"column\" data-e-type=\"column\">\n\t\t\t<div class=\"elementor-widget-wrap elementor-element-populated\">\n\t\t\t\t\t\t<div class=\"elementor-element elementor-element-509fd88 elementor-widget elementor-widget-text-editor\" data-id=\"509fd88\" data-element_type=\"widget\" data-e-type=\"widget\" data-widget_type=\"text-editor.default\">\n\t\t\t\t<div class=\"elementor-widget-container\">\n\t\t\t\t\t\t\t\t\t<p>Est\u00e3o abertas as inscri\u00e7\u00f5es para a Ordem dos Fisioterapeutas, condi\u00e7\u00e3o legal para o exerc\u00edcio da atividade de fisioterapia em Portugal, nos termos da Lei n.\u00ba 122\/2019, de 30 de setembro, do Estatuto a ela anexo e do Regulamento n.\u00ba 359\/2021, de 15 de Fevereiro, da Ordem, publicado no DR, 2.\u00aa, E, de 23 de Abril.<\/p><p>Nesses termos, a Ordem dos Fisioterapeutas passa a proceder \u00e0 inscri\u00e7\u00e3o de fisioterapeutas, incluindo os pedidos que lhe sejam dirigidos por detentores de c\u00e9dula profissional de Fisioterapeuta j\u00e1 emitida pela ACSS,<\/p><p>A ACSS, IP mant\u00e9m-se como a Autoridade Competente no \u00e2mbito da aplica\u00e7\u00e3o da Diretiva n.\u00ba 2005\/36\/CE, do Parlamento e do Conselho de 7 de setembro, na sua reda\u00e7\u00e3o atual relativamente a todos os pedidos de reconhecimento de qualifica\u00e7\u00f5es profissionais por detentores de qualifica\u00e7\u00f5es profissionais obtidas na Uni\u00e3o Europeia ou no resto do mundo, no \u00e2mbito da Fisioterapia, at\u00e9 \u00e0 tomada de posse do primeiro baston\u00e1rio, a qual decorrer\u00e1 ap\u00f3s 15 de Novembro de 2021, data definida tutelarmente para a realiza\u00e7\u00e3o das elei\u00e7\u00f5es, conforme Despacho n.\u00ba 3657\/2021, do Secret\u00e1rio de Estado Adjunto e da Sa\u00fade, de 31 de Mar\u00e7o, publicado no DR, 2.\u00aa, de 9 de Abril.<\/p><p>Assim, neste per\u00edodo transit\u00f3rio, os detentores de qualifica\u00e7\u00f5es profissionais obtidas na Uni\u00e3o Europeia ou no resto do mundo, no \u00e2mbito da Fisioterapia, que ainda n\u00e3o possuam a c\u00e9dula de Fisioterapeuta, ter\u00e3o que proceder ao seu registo na ACSS, IP, de harmonia com a tramita\u00e7\u00e3o nela em uso e conforme as regras da UE, (colocar link), e s\u00f3 depois dele a inscri\u00e7\u00e3o na Ordem dos Fisioterapeutas, nos termos da Lei n.\u00ba 122\/2019, de 30 de Setembro e do Regulamento n.\u00ba 359\/2021, de 15 de Fevereiro, da Ordem, publicado no DR, 2.\u00aa, E, de 23 de Abril.<\/p>\t\t\t\t\t\t\t\t<\/div>\n\t\t\t\t<\/div>\n\t\t\t\t\t<\/div>\n\t\t<\/div>\n\t\t\t\t\t<\/div>\n\t\t<\/section>\n\t\t\t\t<\/div>\n\t\t","protected":false},"excerpt":{"rendered":"<p>Est\u00e3o abertas as inscri\u00e7\u00f5es para a Ordem dos Fisioterapeutas, condi\u00e7\u00e3o legal para o exerc\u00edcio da atividade de fisioterapia em Portugal, nos termos da Lei n.\u00ba 122\/2019, de 30 de setembro, do Estatuto a ela anexo e do Regulamento n.\u00ba 359\/2021, de 15 de Fevereiro, da Ordem, publicado no DR, 2.\u00aa, E, de 23 de Abril.<\/p>\n","protected":false},"author":1,"featured_media":2407,"comment_status":"closed","ping_status":"open","sticky":false,"template":"","format":"standard","meta":{"footnotes":""},"categories":[13],"tags":[],"class_list":["post-2406","post","type-post","status-publish","format-standard","has-post-thumbnail","hentry","category-noticias"],"_links":{"self":[{"href":"https:\/\/ordemdosfisioterapeutas.pt\/pt\/wp-json\/wp\/v2\/posts\/2406","targetHints":{"allow":["GET"]}}],"collection":[{"href":"https:\/\/ordemdosfisioterapeutas.pt\/pt\/wp-json\/wp\/v2\/posts"}],"about":[{"href":"https:\/\/ordemdosfisioterapeutas.pt\/pt\/wp-json\/wp\/v2\/types\/post"}],"author":[{"embeddable":true,"href":"https:\/\/ordemdosfisioterapeutas.pt\/pt\/wp-json\/wp\/v2\/users\/1"}],"replies":[{"embeddable":true,"href":"https:\/\/ordemdosfisioterapeutas.pt\/pt\/wp-json\/wp\/v2\/comments?post=2406"}],"version-history":[{"count":0,"href":"https:\/\/ordemdosfisioterapeutas.pt\/pt\/wp-json\/wp\/v2\/posts\/2406\/revisions"}],"wp:featuredmedia":[{"embeddable":true,"href":"https:\/\/ordemdosfisioterapeutas.pt\/pt\/wp-json\/wp\/v2\/media\/2407"}],"wp:attachment":[{"href":"https:\/\/ordemdosfisioterapeutas.pt\/pt\/wp-json\/wp\/v2\/media?parent=2406"}],"wp:term":[{"taxonomy":"category","embeddable":true,"href":"https:\/\/ordemdosfisioterapeutas.pt\/pt\/wp-json\/wp\/v2\/categories?post=2406"},{"taxonomy":"post_tag","embeddable":true,"href":"https:\/\/ordemdosfisioterapeutas.pt\/pt\/wp-json\/wp\/v2\/tags?post=2406"}],"curies":[{"name":"wp","href":"https:\/\/api.w.org\/{rel}","templated":true}]}}