{"id":13217,"date":"2026-04-07T19:41:56","date_gmt":"2026-04-07T18:41:56","guid":{"rendered":"https:\/\/ordemdosfisioterapeutas.pt\/?p=13217"},"modified":"2026-04-07T19:42:56","modified_gmt":"2026-04-07T18:42:56","slug":"dia-mundial-da-saude-juntos-pela-saude-ao-lado-da-ciencia","status":"publish","type":"post","link":"https:\/\/ordemdosfisioterapeutas.pt\/pt\/noticias\/dia-mundial-da-saude-juntos-pela-saude-ao-lado-da-ciencia\/","title":{"rendered":"Dia Mundial da Sa\u00fade: Juntos pela sa\u00fade. Ao lado da ci\u00eancia"},"content":{"rendered":"\t\t<div data-elementor-type=\"wp-post\" data-elementor-id=\"13217\" class=\"elementor elementor-13217\" data-elementor-post-type=\"post\">\n\t\t\t\t<div class=\"elementor-element elementor-element-5cf9a5c e-flex e-con-boxed e-con e-parent\" data-id=\"5cf9a5c\" data-element_type=\"container\" data-e-type=\"container\">\n\t\t\t\t\t<div class=\"e-con-inner\">\n\t\t\t\t<div class=\"elementor-element elementor-element-210c411 elementor-widget elementor-widget-text-editor\" data-id=\"210c411\" data-element_type=\"widget\" data-e-type=\"widget\" data-widget_type=\"text-editor.default\">\n\t\t\t\t<div class=\"elementor-widget-container\">\n\t\t\t\t\t\t\t\t\t<p data-olk-copy-source=\"MessageBody\">Assinala-se hoje, 7 de abril, o Dia Mundial da Sa\u00fade. Em 2026, a Organiza\u00e7\u00e3o Mundial da Sa\u00fade (OMS) assinala esta data sob o mote\u00a0<strong>\u201c<\/strong><strong><a title=\"https:\/\/www.who.int\/campaigns\/world-health-day\/2026\" href=\"https:\/\/www.who.int\/campaigns\/world-health-day\/2026\" data-auth=\"NotApplicable\" data-linkindex=\"0\" target=\"_blank\" rel=\"noopener\">Juntos pela sa\u00fade.\u00a0Ao lado da ci\u00eancia.<\/a><\/strong><strong>\u201d<\/strong>, sublinhando a import\u00e2ncia de decis\u00f5es em sa\u00fade orientadas pela evid\u00eancia, da confian\u00e7a em fontes cred\u00edveis e da colabora\u00e7\u00e3o como base para respostas mais eficazes em sa\u00fade p\u00fablica. As mensagens-chave da campanha refor\u00e7am, em particular, que as decis\u00f5es em sa\u00fade devem ser guiadas pela evid\u00eancia, que a ci\u00eancia produz resultados quando trabalhamos em conjunto e que a sa\u00fade p\u00fablica protege vidas todos os dias.<\/p><p>Neste enquadramento, a Ordem dos Fisioterapeutas associa-se ao Dia Mundial da Sa\u00fade e \u00e0 mensagem conjunta das Ordens Profissionais que atuam em contexto de sa\u00fade, reafirmando a sua disponibilidade para colaborar na constru\u00e7\u00e3o de pol\u00edticas est\u00e1veis e integradas.<\/p><p><strong>Uma S\u00f3 Sa\u00fade<\/strong>\u00a0\u00e9 o mote desta mensagem conjunta. O documento\u00a0<em><a title=\"https:\/\/checkpoint.url-protection.com\/v1\/r02\/url?o=https%3A\/\/ordemdosmedicos.pt\/files\/pdfs\/qFKf-Ordens-e-One-health-20250604final.pdf&amp;g=MDYxMjFhZjA2NGE4OWVmOA==&amp;h=N2QxYzJlNGQwMmQ3NDE3YmY1MDI4MGQwOWIwMTMzNjUxNmYzOTU1YzkxNDNkZWE1ODViZWJjYWM5MmQwNTdmMg==&amp;p=YzJlOm9yZGVtZG9zZmlzaW90ZXJhcGV1dGFzMTpjOm86NmY2MTAxNTcyM2Y1ZmFmMDFiYjNjZmUwZmJiY2YxZTg6NzpoOlQ=\" href=\"https:\/\/checkpoint.url-protection.com\/v1\/r02\/url?o=https%3A\/\/ordemdosmedicos.pt\/files\/pdfs\/qFKf-Ordens-e-One-health-20250604final.pdf&amp;g=MDYxMjFhZjA2NGE4OWVmOA==&amp;h=N2QxYzJlNGQwMmQ3NDE3YmY1MDI4MGQwOWIwMTMzNjUxNmYzOTU1YzkxNDNkZWE1ODViZWJjYWM5MmQwNTdmMg==&amp;p=YzJlOm9yZGVtZG9zZmlzaW90ZXJhcGV1dGFzMTpjOm86NmY2MTAxNTcyM2Y1ZmFmMDFiYjNjZmUwZmJiY2YxZTg6NzpoOlQ=\" data-auth=\"NotApplicable\" data-linkindex=\"1\" target=\"_blank\" rel=\"noopener\">As Ordens e a \u201cOne Health<\/a><\/em><em>\u201d<\/em>\u00a0apresenta esta abordagem como uma vis\u00e3o integrada e unificadora da sa\u00fade, que reconhece a interdepend\u00eancia entre sa\u00fade humana, animal e ambiental e a necessidade de respostas colaborativas, multissetoriais e sustent\u00e1veis. O mesmo documento sublinha que a preven\u00e7\u00e3o, a literacia em sa\u00fade, a articula\u00e7\u00e3o entre setores e a coopera\u00e7\u00e3o entre profiss\u00f5es s\u00e3o condi\u00e7\u00f5es essenciais para responder aos desafios atuais em sa\u00fade.<\/p><p>A Ordem dos Fisioterapeutas reafirma, neste contexto, o seu compromisso com uma sa\u00fade p\u00fablica assente na preven\u00e7\u00e3o, na literacia em sa\u00fade, no acesso equitativo a cuidados e em respostas sustentadas pela melhor evid\u00eancia dispon\u00edvel. Num tempo em que os sistemas de sa\u00fade enfrentam desafios cada vez mais complexos, assinalar o Dia Mundial da Sa\u00fade \u00e9 tamb\u00e9m lembrar que proteger a sa\u00fade das popula\u00e7\u00f5es exige conhecimento, coopera\u00e7\u00e3o e confian\u00e7a na evid\u00eancia. Valorizar a ci\u00eancia, refor\u00e7ar a sa\u00fade p\u00fablica e aproximar os cuidados das pessoas s\u00e3o condi\u00e7\u00f5es essenciais para construir respostas mais integradas, eficazes e duradouras.<\/p>\t\t\t\t\t\t\t\t<\/div>\n\t\t\t\t<\/div>\n\t\t\t\t\t<\/div>\n\t\t\t\t<\/div>\n\t\t\t\t<\/div>\n\t\t","protected":false},"excerpt":{"rendered":"<p>Assinala-se hoje, 7 de abril, o Dia Mundial da Sa\u00fade. Em 2026, a Organiza\u00e7\u00e3o Mundial da Sa\u00fade (OMS) assinala esta data sob o mote \u201cJuntos pela sa\u00fade. Ao lado da ci\u00eancia.\u201d, sublinhando a import\u00e2ncia de decis\u00f5es em sa\u00fade orientadas pela evid\u00eancia, da confian\u00e7a em fontes cred\u00edveis e da colabora\u00e7\u00e3o como base para respostas mais eficazes em sa\u00fade p\u00fablica.<\/p>\n","protected":false},"author":1,"featured_media":13218,"comment_status":"closed","ping_status":"open","sticky":false,"template":"","format":"standard","meta":{"footnotes":""},"categories":[13],"tags":[],"class_list":["post-13217","post","type-post","status-publish","format-standard","has-post-thumbnail","hentry","category-noticias"],"_links":{"self":[{"href":"https:\/\/ordemdosfisioterapeutas.pt\/pt\/wp-json\/wp\/v2\/posts\/13217","targetHints":{"allow":["GET"]}}],"collection":[{"href":"https:\/\/ordemdosfisioterapeutas.pt\/pt\/wp-json\/wp\/v2\/posts"}],"about":[{"href":"https:\/\/ordemdosfisioterapeutas.pt\/pt\/wp-json\/wp\/v2\/types\/post"}],"author":[{"embeddable":true,"href":"https:\/\/ordemdosfisioterapeutas.pt\/pt\/wp-json\/wp\/v2\/users\/1"}],"replies":[{"embeddable":true,"href":"https:\/\/ordemdosfisioterapeutas.pt\/pt\/wp-json\/wp\/v2\/comments?post=13217"}],"version-history":[{"count":4,"href":"https:\/\/ordemdosfisioterapeutas.pt\/pt\/wp-json\/wp\/v2\/posts\/13217\/revisions"}],"predecessor-version":[{"id":13222,"href":"https:\/\/ordemdosfisioterapeutas.pt\/pt\/wp-json\/wp\/v2\/posts\/13217\/revisions\/13222"}],"wp:featuredmedia":[{"embeddable":true,"href":"https:\/\/ordemdosfisioterapeutas.pt\/pt\/wp-json\/wp\/v2\/media\/13218"}],"wp:attachment":[{"href":"https:\/\/ordemdosfisioterapeutas.pt\/pt\/wp-json\/wp\/v2\/media?parent=13217"}],"wp:term":[{"taxonomy":"category","embeddable":true,"href":"https:\/\/ordemdosfisioterapeutas.pt\/pt\/wp-json\/wp\/v2\/categories?post=13217"},{"taxonomy":"post_tag","embeddable":true,"href":"https:\/\/ordemdosfisioterapeutas.pt\/pt\/wp-json\/wp\/v2\/tags?post=13217"}],"curies":[{"name":"wp","href":"https:\/\/api.w.org\/{rel}","templated":true}]}}