{"id":13174,"date":"2026-03-31T08:00:00","date_gmt":"2026-03-31T07:00:00","guid":{"rendered":"https:\/\/ordemdosfisioterapeutas.pt\/?p=13174"},"modified":"2026-03-30T14:41:01","modified_gmt":"2026-03-30T13:41:01","slug":"dia-nacional-do-doente-com-avc-fisioterapia-e-essencial-na-prevencao-recuperacao-funcional-e-participacao-na-vida-diaria","status":"publish","type":"post","link":"https:\/\/ordemdosfisioterapeutas.pt\/pt\/noticias\/dia-nacional-do-doente-com-avc-fisioterapia-e-essencial-na-prevencao-recuperacao-funcional-e-participacao-na-vida-diaria\/","title":{"rendered":"Dia Nacional do Doente com AVC: Fisioterapia \u00e9 essencial na preven\u00e7\u00e3o, recupera\u00e7\u00e3o funcional e participa\u00e7\u00e3o na vida di\u00e1ria"},"content":{"rendered":"\t\t<div data-elementor-type=\"wp-post\" data-elementor-id=\"13174\" class=\"elementor elementor-13174\" data-elementor-post-type=\"post\">\n\t\t\t\t<div class=\"elementor-element elementor-element-f46b5a6 e-flex e-con-boxed e-con e-parent\" data-id=\"f46b5a6\" data-element_type=\"container\" data-e-type=\"container\">\n\t\t\t\t\t<div class=\"e-con-inner\">\n\t\t\t\t<div class=\"elementor-element elementor-element-29b96d1 elementor-widget elementor-widget-text-editor\" data-id=\"29b96d1\" data-element_type=\"widget\" data-e-type=\"widget\" data-widget_type=\"text-editor.default\">\n\t\t\t\t<div class=\"elementor-widget-container\">\n\t\t\t\t\t\t\t\t\t<div data-olk-copy-source=\"MessageBody\">O Acidente Vascular Cerebral (AVC) continua a representar um importante desafio de sa\u00fade p\u00fablica, pelo seu impacto na mortalidade, na incapacidade e na qualidade de vida das pessoas e das fam\u00edlias. Assinalar o Dia Nacional do Doente com AVC \u00e9, por isso, uma oportunidade para refor\u00e7ar a import\u00e2ncia da preven\u00e7\u00e3o, do reconhecimento atempado dos sinais de alerta e do acesso a cuidados de sa\u00fade adequados ao longo de todo o percurso assistencial.<\/div><div data-olk-copy-source=\"MessageBody\">\u00a0<\/div><div>A Fisioterapia tem um papel relevante neste contexto, desde logo na\u00a0<b>promo\u00e7\u00e3o da sa\u00fade e na preven\u00e7\u00e3o<\/b>. Atrav\u00e9s da promo\u00e7\u00e3o da atividade f\u00edsica, da educa\u00e7\u00e3o para a sa\u00fade e da interven\u00e7\u00e3o sobre fatores de risco modific\u00e1veis, os Fisioterapeutas contribuem para reduzir o risco de doen\u00e7a c\u00e9rebro-cardiovascular e para melhorar a literacia em sa\u00fade da popula\u00e7\u00e3o.<\/div><div>Ap\u00f3s um AVC, a interven\u00e7\u00e3o da Fisioterapia \u00e9 determinante para a\u00a0<b>recupera\u00e7\u00e3o da mobilidade, da funcionalidade e da autonomia<\/b>, para a redu\u00e7\u00e3o de complica\u00e7\u00f5es e para a melhoria da qualidade de vida. Para que essa interven\u00e7\u00e3o produza os melhores resultados, deve ser iniciada atempadamente, ser adequada \u00e0s necessidades de cada pessoa e integrar-se numa resposta articulada entre n\u00edveis de cuidados de sa\u00fade.<\/div><div>\u00a0<\/div><div>A interven\u00e7\u00e3o em Fisioterapia n\u00e3o se limita \u00e0 recupera\u00e7\u00e3o de fun\u00e7\u00f5es corporais isoladas. O seu objetivo \u00e9 apoiar a pessoa a voltar a mover-se com seguran\u00e7a, a realizar atividades do quotidiano, a recuperar independ\u00eancia e a retomar a participa\u00e7\u00e3o familiar, social e profissional, sempre que poss\u00edvel. Falar de AVC \u00e9, por isso, falar tamb\u00e9m de vida ap\u00f3s o evento e da necessidade de garantir acesso equitativo a cuidados de sa\u00fade.<\/div><div>\u00a0<\/div><div>Neste dia, criado por proposta da Sociedade Portuguesa do AVC (SPAVC), a Ordem dos Fisioterapeutas reafirma a import\u00e2ncia de pol\u00edticas de sa\u00fade que coloquem a\u00a0<b>preven\u00e7\u00e3o, a recupera\u00e7\u00e3o funcional e a participa\u00e7\u00e3o<\/b>\u00a0no centro das respostas em sa\u00fade. Refor\u00e7ar o acesso \u00e0 Fisioterapia ao longo das v\u00e1rias fases da doen\u00e7a \u00e9 investir em melhores resultados em sa\u00fade, em menor incapacidade e em melhor qualidade de vida para as pessoas afetadas por AVC.<\/div>\t\t\t\t\t\t\t\t<\/div>\n\t\t\t\t<\/div>\n\t\t\t\t\t<\/div>\n\t\t\t\t<\/div>\n\t\t\t\t<\/div>\n\t\t","protected":false},"excerpt":{"rendered":"<p>O Acidente Vascular Cerebral (AVC) continua a representar um importante desafio de sa\u00fade p\u00fablica, pelo seu impacto na mortalidade, na incapacidade e na qualidade de vida das pessoas e das fam\u00edlias.<\/p>\n","protected":false},"author":1,"featured_media":13175,"comment_status":"closed","ping_status":"open","sticky":false,"template":"","format":"standard","meta":{"footnotes":""},"categories":[13],"tags":[],"class_list":["post-13174","post","type-post","status-publish","format-standard","has-post-thumbnail","hentry","category-noticias"],"_links":{"self":[{"href":"https:\/\/ordemdosfisioterapeutas.pt\/pt\/wp-json\/wp\/v2\/posts\/13174","targetHints":{"allow":["GET"]}}],"collection":[{"href":"https:\/\/ordemdosfisioterapeutas.pt\/pt\/wp-json\/wp\/v2\/posts"}],"about":[{"href":"https:\/\/ordemdosfisioterapeutas.pt\/pt\/wp-json\/wp\/v2\/types\/post"}],"author":[{"embeddable":true,"href":"https:\/\/ordemdosfisioterapeutas.pt\/pt\/wp-json\/wp\/v2\/users\/1"}],"replies":[{"embeddable":true,"href":"https:\/\/ordemdosfisioterapeutas.pt\/pt\/wp-json\/wp\/v2\/comments?post=13174"}],"version-history":[{"count":7,"href":"https:\/\/ordemdosfisioterapeutas.pt\/pt\/wp-json\/wp\/v2\/posts\/13174\/revisions"}],"predecessor-version":[{"id":13182,"href":"https:\/\/ordemdosfisioterapeutas.pt\/pt\/wp-json\/wp\/v2\/posts\/13174\/revisions\/13182"}],"wp:featuredmedia":[{"embeddable":true,"href":"https:\/\/ordemdosfisioterapeutas.pt\/pt\/wp-json\/wp\/v2\/media\/13175"}],"wp:attachment":[{"href":"https:\/\/ordemdosfisioterapeutas.pt\/pt\/wp-json\/wp\/v2\/media?parent=13174"}],"wp:term":[{"taxonomy":"category","embeddable":true,"href":"https:\/\/ordemdosfisioterapeutas.pt\/pt\/wp-json\/wp\/v2\/categories?post=13174"},{"taxonomy":"post_tag","embeddable":true,"href":"https:\/\/ordemdosfisioterapeutas.pt\/pt\/wp-json\/wp\/v2\/tags?post=13174"}],"curies":[{"name":"wp","href":"https:\/\/api.w.org\/{rel}","templated":true}]}}