{"id":13076,"date":"2026-03-19T20:13:00","date_gmt":"2026-03-19T20:13:00","guid":{"rendered":"https:\/\/ordemdosfisioterapeutas.pt\/?p=13076"},"modified":"2026-03-19T20:15:56","modified_gmt":"2026-03-19T20:15:56","slug":"ordem-dos-fisioterapeutas-apresenta-proposta-para-criacao-do-dia-nacional-do-fisioterapeuta-na-assembleia-da-republica","status":"publish","type":"post","link":"https:\/\/ordemdosfisioterapeutas.pt\/pt\/noticias\/ordem-dos-fisioterapeutas-apresenta-proposta-para-criacao-do-dia-nacional-do-fisioterapeuta-na-assembleia-da-republica\/","title":{"rendered":"Ordem dos Fisioterapeutas apresenta proposta para cria\u00e7\u00e3o do Dia Nacional do Fisioterapeuta na Assembleia da Rep\u00fablica"},"content":{"rendered":"\t\t<div data-elementor-type=\"wp-post\" data-elementor-id=\"13076\" class=\"elementor elementor-13076\" data-elementor-post-type=\"post\">\n\t\t\t\t<div class=\"elementor-element elementor-element-1631764 e-flex e-con-boxed e-con e-parent\" data-id=\"1631764\" data-element_type=\"container\" data-e-type=\"container\">\n\t\t\t\t\t<div class=\"e-con-inner\">\n\t\t\t\t<div class=\"elementor-element elementor-element-a1618c2 elementor-widget elementor-widget-text-editor\" data-id=\"a1618c2\" data-element_type=\"widget\" data-e-type=\"widget\" data-widget_type=\"text-editor.default\">\n\t\t\t\t<div class=\"elementor-widget-container\">\n\t\t\t\t\t\t\t\t\t<p>A Ordem dos Fisioterapeutas esteve presente, no passado dia 18 de mar\u00e7o, na <strong>Comiss\u00e3o Parlamentar de Sa\u00fade<\/strong> da Assembleia da Rep\u00fablica, onde apresentou a proposta de cria\u00e7\u00e3o do <strong>Dia Nacional do Fisioterapeuta<\/strong>, a assinalar a 30 de setembro, data da cria\u00e7\u00e3o da Ordem, tendo sido representada pelo Baston\u00e1rio, Ant\u00f3nio Lopes, acompanhado pela 1.\u00aa Vice-Presidente da Dire\u00e7\u00e3o, Concei\u00e7\u00e3o Bettencourt.<\/p><p>A audi\u00eancia teve como objetivo sensibilizar os deputados para a relev\u00e2ncia da institui\u00e7\u00e3o desta data, n\u00e3o apenas enquanto momento de reconhecimento simb\u00f3lico da profiss\u00e3o, mas tamb\u00e9m como uma oportunidade estrat\u00e9gica para promover a literacia em sa\u00fade, a preven\u00e7\u00e3o e a capacita\u00e7\u00e3o dos cidad\u00e3os, refor\u00e7ando o papel da fisioterapia no sistema de sa\u00fade e na sociedade.<\/p><p>Durante a sess\u00e3o, os grupos parlamentares presentes (PSD, CHEGA e PS) reconheceram a import\u00e2ncia da fisioterapia, tendo sido destacada a sua crescente relev\u00e2ncia no contexto dos cuidados de sa\u00fade, nomeadamente na promo\u00e7\u00e3o da mobilidade, da autonomia e da qualidade de vida da popula\u00e7\u00e3o.<\/p><p>As deputadas reconheceram a import\u00e2ncia da fisioterapia no contexto das profiss\u00f5es de sa\u00fade e sublinharam a necessidade de assegurar que a cria\u00e7\u00e3o deste dia se traduza em impacto concreto para os cidad\u00e3os, nomeadamente atrav\u00e9s de iniciativas de sensibiliza\u00e7\u00e3o p\u00fablica, promo\u00e7\u00e3o da literacia em sa\u00fade e refor\u00e7o da integra\u00e7\u00e3o dos fisioterapeutas no sistema de sa\u00fade.<\/p><p>Foi igualmente referida a exist\u00eancia do Dia Mundial da Fisioterapia, assinalado a 8 de setembro, data de cria\u00e7\u00e3o da World Physiotherapy, tendo sido destacado que a proposta da Ordem visa instituir uma data de \u00e2mbito nacional, associada \u00e0 cria\u00e7\u00e3o da Ordem dos Fisioterapeutas, e orientada para a realidade portuguesa.<\/p><p>Na sua interven\u00e7\u00e3o, o Baston\u00e1rio da Ordem dos Fisioterapeutas, Ant\u00f3nio Lopes, destacou a import\u00e2ncia desta iniciativa para refor\u00e7ar a liga\u00e7\u00e3o entre a Fisioterapia e os cidad\u00e3os:<\/p><p>\u201c<strong>A exist\u00eancia de um dia dedicado aos fisioterapeutas permitir\u00e1 promover campanhas de educa\u00e7\u00e3o e sensibiliza\u00e7\u00e3o p\u00fablica, contribuindo para o refor\u00e7o da literacia em sa\u00fade e ajudando os cidad\u00e3os a compreender quando e como recorrer a um fisioterapeuta<\/strong>.\u201d<\/p><p>O Baston\u00e1rio refor\u00e7ou ainda que o Dia Nacional do Fisioterapeuta poder\u00e1 constituir um momento privilegiado para promover a\u00e7\u00f5es de proximidade com os cidad\u00e3os, iniciativas de reflex\u00e3o e partilha e campanhas de sensibiliza\u00e7\u00e3o, contribuindo para uma melhor utiliza\u00e7\u00e3o dos cuidados de sa\u00fade e para ganhos em sa\u00fade.<\/p><p>A Ordem dos Fisioterapeutas reafirmou a sua total disponibilidade para colaborar com a Assembleia da Rep\u00fablica no desenvolvimento desta iniciativa, que considera de inequ\u00edvoco interesse p\u00fablico.<\/p><p><strong>Veja <\/strong><span style=\"text-decoration: underline;\"><a href=\"https:\/\/youtu.be\/juXAScOFijo\" target=\"_blank\" rel=\"noopener\"><strong>aqui<\/strong><\/a><\/span><strong> a audi\u00eancia na Comiss\u00e3o Parlamentar de Sa\u00fade<\/strong>:<\/p>\t\t\t\t\t\t\t\t<\/div>\n\t\t\t\t<\/div>\n\t\t\t\t\t<\/div>\n\t\t\t\t<\/div>\n\t\t\t\t<\/div>\n\t\t","protected":false},"excerpt":{"rendered":"<p>A Ordem dos Fisioterapeutas esteve presente, no passado dia 18 de mar\u00e7o, na Comiss\u00e3o Parlamentar de Sa\u00fade da Assembleia da Rep\u00fablica, onde apresentou a proposta de cria\u00e7\u00e3o do Dia Nacional do Fisioterapeuta, a assinalar a 30 de setembro, data da cria\u00e7\u00e3o da Ordem, tendo sido representada pelo Baston\u00e1rio, Ant\u00f3nio Lopes, acompanhado pela 1.\u00aa Vice-Presidente da Dire\u00e7\u00e3o, Concei\u00e7\u00e3o Bettencourt.<\/p>\n","protected":false},"author":1,"featured_media":13077,"comment_status":"closed","ping_status":"open","sticky":false,"template":"","format":"standard","meta":{"footnotes":""},"categories":[13],"tags":[],"class_list":["post-13076","post","type-post","status-publish","format-standard","has-post-thumbnail","hentry","category-noticias"],"_links":{"self":[{"href":"https:\/\/ordemdosfisioterapeutas.pt\/pt\/wp-json\/wp\/v2\/posts\/13076","targetHints":{"allow":["GET"]}}],"collection":[{"href":"https:\/\/ordemdosfisioterapeutas.pt\/pt\/wp-json\/wp\/v2\/posts"}],"about":[{"href":"https:\/\/ordemdosfisioterapeutas.pt\/pt\/wp-json\/wp\/v2\/types\/post"}],"author":[{"embeddable":true,"href":"https:\/\/ordemdosfisioterapeutas.pt\/pt\/wp-json\/wp\/v2\/users\/1"}],"replies":[{"embeddable":true,"href":"https:\/\/ordemdosfisioterapeutas.pt\/pt\/wp-json\/wp\/v2\/comments?post=13076"}],"version-history":[{"count":4,"href":"https:\/\/ordemdosfisioterapeutas.pt\/pt\/wp-json\/wp\/v2\/posts\/13076\/revisions"}],"predecessor-version":[{"id":13081,"href":"https:\/\/ordemdosfisioterapeutas.pt\/pt\/wp-json\/wp\/v2\/posts\/13076\/revisions\/13081"}],"wp:featuredmedia":[{"embeddable":true,"href":"https:\/\/ordemdosfisioterapeutas.pt\/pt\/wp-json\/wp\/v2\/media\/13077"}],"wp:attachment":[{"href":"https:\/\/ordemdosfisioterapeutas.pt\/pt\/wp-json\/wp\/v2\/media?parent=13076"}],"wp:term":[{"taxonomy":"category","embeddable":true,"href":"https:\/\/ordemdosfisioterapeutas.pt\/pt\/wp-json\/wp\/v2\/categories?post=13076"},{"taxonomy":"post_tag","embeddable":true,"href":"https:\/\/ordemdosfisioterapeutas.pt\/pt\/wp-json\/wp\/v2\/tags?post=13076"}],"curies":[{"name":"wp","href":"https:\/\/api.w.org\/{rel}","templated":true}]}}