{"id":13069,"date":"2026-03-17T20:17:28","date_gmt":"2026-03-17T20:17:28","guid":{"rendered":"https:\/\/ordemdosfisioterapeutas.pt\/?p=13069"},"modified":"2026-03-17T20:18:45","modified_gmt":"2026-03-17T20:18:45","slug":"ftp26-fisioterapeutas-portugueses-podem-inscrever-se-no-congresso-internacional-de-fisioterapia-em-barcelona","status":"publish","type":"post","link":"https:\/\/ordemdosfisioterapeutas.pt\/pt\/noticias\/ftp26-fisioterapeutas-portugueses-podem-inscrever-se-no-congresso-internacional-de-fisioterapia-em-barcelona\/","title":{"rendered":"FTP26 \u2013 Fisioterapeutas portugueses podem inscrever-se no Congresso Internacional de Fisioterapia em Barcelona"},"content":{"rendered":"\t\t<div data-elementor-type=\"wp-post\" data-elementor-id=\"13069\" class=\"elementor elementor-13069\" data-elementor-post-type=\"post\">\n\t\t\t\t<div class=\"elementor-element elementor-element-adc192b e-flex e-con-boxed e-con e-parent\" data-id=\"adc192b\" data-element_type=\"container\" data-e-type=\"container\">\n\t\t\t\t\t<div class=\"e-con-inner\">\n\t\t\t\t<div class=\"elementor-element elementor-element-d720aa5 elementor-widget elementor-widget-text-editor\" data-id=\"d720aa5\" data-element_type=\"widget\" data-e-type=\"widget\" data-widget_type=\"text-editor.default\">\n\t\t\t\t<div class=\"elementor-widget-container\">\n\t\t\t\t\t\t\t\t\t<p><span data-olk-copy-source=\"MessageBody\">A Ordem dos Fisioterapeutas associa-se ao FTP26 \u2013 IV Congresso Internacional de Fisioterapia, organizado pelo Col\u00b7legi de Fisioterapeutes de Catalunya, que ter\u00e1 lugar em Barcelona, de 9 a 11 de julho de 2026. Os fisioterapeutas portugueses poder\u00e3o beneficiar de condi\u00e7\u00f5es de inscri\u00e7\u00e3o equivalentes \u00e0s aplicadas a \u201cColegiados fuera de Catalunya\u201d, devendo indicar o n\u00famero de c\u00e9dula profissional no momento da inscri\u00e7\u00e3o.<\/span><\/p><p>O congresso reunir\u00e1 especialistas da \u00e1rea da Fisioterapia, abordando diferentes dimens\u00f5es da pr\u00e1tica cl\u00ednica, da investiga\u00e7\u00e3o e do ensino. O programa cient\u00edfico inclui m\u00faltiplas sess\u00f5es em paralelo e temas relevantes para a pr\u00e1tica contempor\u00e2nea da Fisioterapia, entre os quais a abordagem \u00e0 dor, oncologia, neurologia, fatores psicossociais na interven\u00e7\u00e3o cl\u00ednica e inova\u00e7\u00e3o no ensino da Fisioterapia. O evento incluir\u00e1 igualmente sess\u00f5es de comunica\u00e7\u00f5es livres e p\u00f3steres, bem como iniciativas dedicadas \u00e0 inova\u00e7\u00e3o e ao empreendedorismo na \u00e1rea da sa\u00fade.<\/p><p>Inscri\u00e7\u00f5es:<br \/><span style=\"text-decoration: underline;\"><a title=\"https:\/\/www.ftp26.cat\/ca\/inscripcions\" href=\"https:\/\/www.ftp26.cat\/ca\/inscripcions\" data-auth=\"NotApplicable\" data-linkindex=\"0\" target=\"_blank\" rel=\"noopener\">https:\/\/www.ftp26.cat\/ca\/inscripcions<\/a><\/span><\/p><p>Programa:<br \/><span style=\"text-decoration: underline;\"><a title=\"https:\/\/www.ftp26.cat\/ca\/programa\" href=\"https:\/\/www.ftp26.cat\/ca\/programa\" data-auth=\"NotApplicable\" data-linkindex=\"1\" target=\"_blank\" rel=\"noopener\">https:\/\/www.ftp26.cat\/ca\/programa<\/a><\/span><\/p>\t\t\t\t\t\t\t\t<\/div>\n\t\t\t\t<\/div>\n\t\t\t\t\t<\/div>\n\t\t\t\t<\/div>\n\t\t\t\t<\/div>\n\t\t","protected":false},"excerpt":{"rendered":"<p>A Ordem dos Fisioterapeutas associa-se ao FTP26 \u2013 IV Congresso Internacional de Fisioterapia, organizado pelo Col\u00b7legi de Fisioterapeutes de Catalunya, que ter\u00e1 lugar em Barcelona, de 9 a 11 de julho de 2026.<\/p>\n","protected":false},"author":1,"featured_media":13070,"comment_status":"closed","ping_status":"open","sticky":false,"template":"","format":"standard","meta":{"footnotes":""},"categories":[13],"tags":[],"class_list":["post-13069","post","type-post","status-publish","format-standard","has-post-thumbnail","hentry","category-noticias"],"_links":{"self":[{"href":"https:\/\/ordemdosfisioterapeutas.pt\/pt\/wp-json\/wp\/v2\/posts\/13069","targetHints":{"allow":["GET"]}}],"collection":[{"href":"https:\/\/ordemdosfisioterapeutas.pt\/pt\/wp-json\/wp\/v2\/posts"}],"about":[{"href":"https:\/\/ordemdosfisioterapeutas.pt\/pt\/wp-json\/wp\/v2\/types\/post"}],"author":[{"embeddable":true,"href":"https:\/\/ordemdosfisioterapeutas.pt\/pt\/wp-json\/wp\/v2\/users\/1"}],"replies":[{"embeddable":true,"href":"https:\/\/ordemdosfisioterapeutas.pt\/pt\/wp-json\/wp\/v2\/comments?post=13069"}],"version-history":[{"count":4,"href":"https:\/\/ordemdosfisioterapeutas.pt\/pt\/wp-json\/wp\/v2\/posts\/13069\/revisions"}],"predecessor-version":[{"id":13074,"href":"https:\/\/ordemdosfisioterapeutas.pt\/pt\/wp-json\/wp\/v2\/posts\/13069\/revisions\/13074"}],"wp:featuredmedia":[{"embeddable":true,"href":"https:\/\/ordemdosfisioterapeutas.pt\/pt\/wp-json\/wp\/v2\/media\/13070"}],"wp:attachment":[{"href":"https:\/\/ordemdosfisioterapeutas.pt\/pt\/wp-json\/wp\/v2\/media?parent=13069"}],"wp:term":[{"taxonomy":"category","embeddable":true,"href":"https:\/\/ordemdosfisioterapeutas.pt\/pt\/wp-json\/wp\/v2\/categories?post=13069"},{"taxonomy":"post_tag","embeddable":true,"href":"https:\/\/ordemdosfisioterapeutas.pt\/pt\/wp-json\/wp\/v2\/tags?post=13069"}],"curies":[{"name":"wp","href":"https:\/\/api.w.org\/{rel}","templated":true}]}}