{"id":11975,"date":"2025-11-17T07:54:16","date_gmt":"2025-11-17T07:54:16","guid":{"rendered":"https:\/\/ordemdosfisioterapeutas.pt\/?p=11975"},"modified":"2025-11-17T09:45:45","modified_gmt":"2025-11-17T09:45:45","slug":"dia-mundial-da-prematuridade-dar-aos-bebes-prematuros-um-comeco-seguro-para-um-futuro-mais-brilhante","status":"publish","type":"post","link":"https:\/\/ordemdosfisioterapeutas.pt\/pt\/noticias\/dia-mundial-da-prematuridade-dar-aos-bebes-prematuros-um-comeco-seguro-para-um-futuro-mais-brilhante\/","title":{"rendered":"Dia Mundial da Prematuridade:\u00a0dar aos beb\u00e9s prematuros um come\u00e7o seguro para um futuro mais brilhante"},"content":{"rendered":"\t\t<div data-elementor-type=\"wp-post\" data-elementor-id=\"11975\" class=\"elementor elementor-11975\" data-elementor-post-type=\"post\">\n\t\t\t\t<div class=\"elementor-element elementor-element-b8d08db e-flex e-con-boxed e-con e-parent\" data-id=\"b8d08db\" data-element_type=\"container\" data-e-type=\"container\">\n\t\t\t\t\t<div class=\"e-con-inner\">\n\t\t\t\t<div class=\"elementor-element elementor-element-333adc2 elementor-widget elementor-widget-text-editor\" data-id=\"333adc2\" data-element_type=\"widget\" data-e-type=\"widget\" data-widget_type=\"text-editor.default\">\n\t\t\t\t<div class=\"elementor-widget-container\">\n\t\t\t\t\t\t\t\t\t<div data-olk-copy-source=\"MessageBody\">O Dia Mundial da Prematuridade assinala-se a 17 de novembro e tem como objetivo sensibilizar para o impacto do nascimento prematuro, refor\u00e7ando a import\u00e2ncia de melhorar os cuidados prestados aos beb\u00e9s e o apoio \u00e0s suas fam\u00edlias.<\/div><div data-olk-copy-source=\"MessageBody\">\u00a0<\/div><div>Sob o lema \u201cDar aos beb\u00e9s prematuros um come\u00e7o seguro para um futuro mais brilhante\u201d, a edi\u00e7\u00e3o de 2025 apela a uma a\u00e7\u00e3o concertada para garantir que todos os beb\u00e9s nascidos antes do tempo tenham acesso aos cuidados de sa\u00fade, ao acompanhamento e ao ambiente de que necessitam para crescer e desenvolver-se de forma saud\u00e1vel.<\/div><div>\u00a0<\/div><div>Este tema inspira-se no mote do Dia Mundial da Sa\u00fade da Organiza\u00e7\u00e3o Mundial da Sa\u00fade \u201cIn\u00edcios saud\u00e1veis, futuros esperan\u00e7osos\u201d e reflete o compromisso global de assegurar que cada beb\u00e9 prematuro tem o melhor come\u00e7o de vida poss\u00edvel.<\/div><div>A Ordem dos Fisioterapeutas associa-se a esta data, destacando o papel da Fisioterapia em Pediatria no apoio ao desenvolvimento motor, na preven\u00e7\u00e3o de complica\u00e7\u00f5es respirat\u00f3rias e musculoesquel\u00e9ticas e na promo\u00e7\u00e3o do v\u00ednculo entre pais e beb\u00e9s.<\/div><div>\u00a0<\/div><div>A interven\u00e7\u00e3o do Fisioterapeuta \u00e9 essencial para:<\/div><div><br \/>\u2022 apoiar o desenvolvimento global do beb\u00e9 prematuro;<br \/>\u2022 promover o conforto e a estabilidade durante o internamento;<br \/>\u2022 capacitar os pais e cuidadores, ajudando-os a compreender e a participar nos cuidados di\u00e1rios;<br \/>\u2022 garantir a continuidade dos cuidados ap\u00f3s a alta hospitalar, acompanhando o crescimento e a funcionalidade da crian\u00e7a.<\/div><div>\u00a0<\/div><div>Neste dia, a cor roxa volta a ser o s\u00edmbolo universal da prematuridade, representando a sensibilidade e a singularidade de cada beb\u00e9. O site da Ordem dos Fisioterapeutas apresenta-se, por isso, com esta cor, em sinal de apoio e sensibiliza\u00e7\u00e3o para esta causa.<\/div>\t\t\t\t\t\t\t\t<\/div>\n\t\t\t\t<\/div>\n\t\t\t\t\t<\/div>\n\t\t\t\t<\/div>\n\t\t<div class=\"elementor-element elementor-element-d2f8c92 e-flex e-con-boxed e-con e-parent\" data-id=\"d2f8c92\" data-element_type=\"container\" data-e-type=\"container\">\n\t\t\t\t\t<div class=\"e-con-inner\">\n\t\t\t\t<div class=\"elementor-element elementor-element-2ab1b82 elementor-widget elementor-widget-image\" data-id=\"2ab1b82\" data-element_type=\"widget\" data-e-type=\"widget\" data-widget_type=\"image.default\">\n\t\t\t\t<div class=\"elementor-widget-container\">\n\t\t\t\t\t\t\t\t\t\t\t\t\t\t\t<img fetchpriority=\"high\" decoding=\"async\" width=\"819\" height=\"1024\" src=\"https:\/\/ordemdosfisioterapeutas.pt\/wp-content\/uploads\/2025\/11\/instagram_1-819x1024.png\" class=\"attachment-large size-large wp-image-11983\" alt=\"\" srcset=\"https:\/\/ordemdosfisioterapeutas.pt\/wp-content\/uploads\/2025\/11\/instagram_1-819x1024.png 819w, https:\/\/ordemdosfisioterapeutas.pt\/wp-content\/uploads\/2025\/11\/instagram_1-240x300.png 240w, https:\/\/ordemdosfisioterapeutas.pt\/wp-content\/uploads\/2025\/11\/instagram_1-768x960.png 768w, https:\/\/ordemdosfisioterapeutas.pt\/wp-content\/uploads\/2025\/11\/instagram_1-10x12.png 10w, https:\/\/ordemdosfisioterapeutas.pt\/wp-content\/uploads\/2025\/11\/instagram_1.png 1080w\" sizes=\"(max-width: 819px) 100vw, 819px\" \/>\t\t\t\t\t\t\t\t\t\t\t\t\t\t\t<\/div>\n\t\t\t\t<\/div>\n\t\t\t\t\t<\/div>\n\t\t\t\t<\/div>\n\t\t\t\t<\/div>\n\t\t","protected":false},"excerpt":{"rendered":"<p>O Dia Mundial da Prematuridade assinala-se a 17 de novembro e tem como objetivo sensibilizar para o impacto do nascimento prematuro, refor\u00e7ando a import\u00e2ncia de melhorar os cuidados prestados aos beb\u00e9s e o apoio \u00e0s suas fam\u00edlias.<\/p>\n","protected":false},"author":1,"featured_media":11976,"comment_status":"closed","ping_status":"open","sticky":false,"template":"","format":"standard","meta":{"footnotes":""},"categories":[13],"tags":[],"class_list":["post-11975","post","type-post","status-publish","format-standard","has-post-thumbnail","hentry","category-noticias"],"_links":{"self":[{"href":"https:\/\/ordemdosfisioterapeutas.pt\/pt\/wp-json\/wp\/v2\/posts\/11975","targetHints":{"allow":["GET"]}}],"collection":[{"href":"https:\/\/ordemdosfisioterapeutas.pt\/pt\/wp-json\/wp\/v2\/posts"}],"about":[{"href":"https:\/\/ordemdosfisioterapeutas.pt\/pt\/wp-json\/wp\/v2\/types\/post"}],"author":[{"embeddable":true,"href":"https:\/\/ordemdosfisioterapeutas.pt\/pt\/wp-json\/wp\/v2\/users\/1"}],"replies":[{"embeddable":true,"href":"https:\/\/ordemdosfisioterapeutas.pt\/pt\/wp-json\/wp\/v2\/comments?post=11975"}],"version-history":[{"count":7,"href":"https:\/\/ordemdosfisioterapeutas.pt\/pt\/wp-json\/wp\/v2\/posts\/11975\/revisions"}],"predecessor-version":[{"id":11986,"href":"https:\/\/ordemdosfisioterapeutas.pt\/pt\/wp-json\/wp\/v2\/posts\/11975\/revisions\/11986"}],"wp:featuredmedia":[{"embeddable":true,"href":"https:\/\/ordemdosfisioterapeutas.pt\/pt\/wp-json\/wp\/v2\/media\/11976"}],"wp:attachment":[{"href":"https:\/\/ordemdosfisioterapeutas.pt\/pt\/wp-json\/wp\/v2\/media?parent=11975"}],"wp:term":[{"taxonomy":"category","embeddable":true,"href":"https:\/\/ordemdosfisioterapeutas.pt\/pt\/wp-json\/wp\/v2\/categories?post=11975"},{"taxonomy":"post_tag","embeddable":true,"href":"https:\/\/ordemdosfisioterapeutas.pt\/pt\/wp-json\/wp\/v2\/tags?post=11975"}],"curies":[{"name":"wp","href":"https:\/\/api.w.org\/{rel}","templated":true}]}}