{"id":11106,"date":"2025-08-05T08:00:00","date_gmt":"2025-08-05T07:00:00","guid":{"rendered":"https:\/\/ordemdosfisioterapeutas.pt\/?p=11106"},"modified":"2025-09-17T09:30:50","modified_gmt":"2025-09-17T08:30:50","slug":"consulta-publica-proposta-de-alteracao-ao-regulamento-de-inscricao-da-ordem-dos-fisioterapeutas","status":"publish","type":"post","link":"https:\/\/ordemdosfisioterapeutas.pt\/pt\/noticias\/consulta-publica-proposta-de-alteracao-ao-regulamento-de-inscricao-da-ordem-dos-fisioterapeutas\/","title":{"rendered":"Consulta P\u00fablica \u2013 Proposta de altera\u00e7\u00e3o ao Regulamento de Inscri\u00e7\u00e3o da Ordem dos Fisioterapeutas"},"content":{"rendered":"\t\t<div data-elementor-type=\"wp-post\" data-elementor-id=\"11106\" class=\"elementor elementor-11106\" data-elementor-post-type=\"post\">\n\t\t\t\t<div class=\"elementor-element elementor-element-8cb589b e-flex e-con-boxed e-con e-parent\" data-id=\"8cb589b\" data-element_type=\"container\" data-e-type=\"container\">\n\t\t\t\t\t<div class=\"e-con-inner\">\n\t\t\t\t<div class=\"elementor-element elementor-element-07ad1eb elementor-widget elementor-widget-text-editor\" data-id=\"07ad1eb\" data-element_type=\"widget\" data-e-type=\"widget\" data-widget_type=\"text-editor.default\">\n\t\t\t\t<div class=\"elementor-widget-container\">\n\t\t\t\t\t\t\t\t\t<p>A Ordem dos Fisioterapeutas informa que foi publicado, em Di\u00e1rio da Rep\u00fablica, o <a href=\"https:\/\/diariodarepublica.pt\/dr\/detalhe\/aviso\/19455-2025-927634655\" target=\"_blank\" rel=\"noopener\"><span style=\"text-decoration: underline;\">Aviso n.\u00ba 19455\/2025\/2<\/span><\/a>, de 4 de agosto de 2025, relativo \u00e0 consulta p\u00fablica da proposta de altera\u00e7\u00e3o ao Regulamento de Inscri\u00e7\u00e3o da Ordem dos Fisioterapeutas.<\/p><p><strong>Respostas \u00e0 Consulta P\u00fablica<\/strong><\/p><p>Todos os membros da Ordem dos Fisioterapeutas, com inscri\u00e7\u00e3o em vigor, s\u00e3o convidados a participar, preenchendo o formul\u00e1rio para envio de coment\u00e1rios.<\/p><p>Ap\u00f3s o preenchimento, o formul\u00e1rio ser\u00e1 automaticamente enviado para o endere\u00e7o: <strong>consultapublica@ordemdosfisioterapeutas.pt<\/strong>, e o participante receber\u00e1 uma c\u00f3pia na caixa de correio eletr\u00f3nico que tiver indicado.<\/p><p>Apenas ser\u00e3o considerados os contributos que, at\u00e9 ao dia <strong>16 de setembro de 2025<\/strong>, sejam enviados \u00e0 Ordem dos Fisioterapeutas pela forma indicada.<\/p>\t\t\t\t\t\t\t\t<\/div>\n\t\t\t\t<\/div>\n\t\t\t\t\t<\/div>\n\t\t\t\t<\/div>\n\t\t\t\t<\/div>\n\t\t","protected":false},"excerpt":{"rendered":"<p>A Ordem dos Fisioterapeutas informa que foi publicado, em Di\u00e1rio da Rep\u00fablica, o Aviso n.\u00ba 19455\/2025\/2, de 4 de agosto de 2025, relativo \u00e0 consulta p\u00fablica da proposta de altera\u00e7\u00e3o ao Regulamento de Inscri\u00e7\u00e3o da Ordem dos Fisioterapeutas.<\/p>\n","protected":false},"author":1,"featured_media":11108,"comment_status":"closed","ping_status":"open","sticky":false,"template":"","format":"standard","meta":{"footnotes":""},"categories":[13],"tags":[],"class_list":["post-11106","post","type-post","status-publish","format-standard","has-post-thumbnail","hentry","category-noticias"],"_links":{"self":[{"href":"https:\/\/ordemdosfisioterapeutas.pt\/pt\/wp-json\/wp\/v2\/posts\/11106","targetHints":{"allow":["GET"]}}],"collection":[{"href":"https:\/\/ordemdosfisioterapeutas.pt\/pt\/wp-json\/wp\/v2\/posts"}],"about":[{"href":"https:\/\/ordemdosfisioterapeutas.pt\/pt\/wp-json\/wp\/v2\/types\/post"}],"author":[{"embeddable":true,"href":"https:\/\/ordemdosfisioterapeutas.pt\/pt\/wp-json\/wp\/v2\/users\/1"}],"replies":[{"embeddable":true,"href":"https:\/\/ordemdosfisioterapeutas.pt\/pt\/wp-json\/wp\/v2\/comments?post=11106"}],"version-history":[{"count":3,"href":"https:\/\/ordemdosfisioterapeutas.pt\/pt\/wp-json\/wp\/v2\/posts\/11106\/revisions"}],"predecessor-version":[{"id":11521,"href":"https:\/\/ordemdosfisioterapeutas.pt\/pt\/wp-json\/wp\/v2\/posts\/11106\/revisions\/11521"}],"wp:featuredmedia":[{"embeddable":true,"href":"https:\/\/ordemdosfisioterapeutas.pt\/pt\/wp-json\/wp\/v2\/media\/11108"}],"wp:attachment":[{"href":"https:\/\/ordemdosfisioterapeutas.pt\/pt\/wp-json\/wp\/v2\/media?parent=11106"}],"wp:term":[{"taxonomy":"category","embeddable":true,"href":"https:\/\/ordemdosfisioterapeutas.pt\/pt\/wp-json\/wp\/v2\/categories?post=11106"},{"taxonomy":"post_tag","embeddable":true,"href":"https:\/\/ordemdosfisioterapeutas.pt\/pt\/wp-json\/wp\/v2\/tags?post=11106"}],"curies":[{"name":"wp","href":"https:\/\/api.w.org\/{rel}","templated":true}]}}