{"id":10623,"date":"2025-06-24T08:00:00","date_gmt":"2025-06-24T07:00:00","guid":{"rendered":"https:\/\/ordemdosfisioterapeutas.pt\/?p=10623"},"modified":"2025-06-24T11:52:06","modified_gmt":"2025-06-24T10:52:06","slug":"24-de-junho-dia-mundial-da-prevencao-de-quedas","status":"publish","type":"post","link":"https:\/\/ordemdosfisioterapeutas.pt\/pt\/noticias\/24-de-junho-dia-mundial-da-prevencao-de-quedas\/","title":{"rendered":"24 de junho \u2013 Dia Mundial da Preven\u00e7\u00e3o de Quedas"},"content":{"rendered":"\t\t<div data-elementor-type=\"wp-post\" data-elementor-id=\"10623\" class=\"elementor elementor-10623\" data-elementor-post-type=\"post\">\n\t\t\t\t<div class=\"elementor-element elementor-element-97ba74b e-flex e-con-boxed e-con e-parent\" data-id=\"97ba74b\" data-element_type=\"container\" data-e-type=\"container\">\n\t\t\t\t\t<div class=\"e-con-inner\">\n\t\t\t\t<div class=\"elementor-element elementor-element-492add5 elementor-widget elementor-widget-text-editor\" data-id=\"492add5\" data-element_type=\"widget\" data-e-type=\"widget\" data-widget_type=\"text-editor.default\">\n\t\t\t\t<div class=\"elementor-widget-container\">\n\t\t\t\t\t\t\t\t\t<p data-olk-copy-source=\"MessageBody\">Criado pela Organiza\u00e7\u00e3o Mundial da Sa\u00fade, o\u00a0<b>Dia Mundial da Preven\u00e7\u00e3o de Quedas<\/b>\u00a0assinala-se hoje, 24 de junho, com o objetivo de alertar para os riscos associados \u00e0s quedas e para a necessidade de estrat\u00e9gias eficazes de preven\u00e7\u00e3o.<\/p><p>Todos os anos, mais de\u00a0<b>684 mil pessoas morrem<\/b>\u00a0em consequ\u00eancia de uma queda, e estima-se que mais de\u00a0<b>172 mil<\/b>\u00a0fiquem com incapacidades tempor\u00e1rias ou permanentes. Embora as quedas possam ocorrer em qualquer idade, s\u00e3o especialmente preocupantes em\u00a0<b>idosos com mais de 65 anos e em crian\u00e7as com menos de cinco<\/b>, faixas et\u00e1rias particularmente vulner\u00e1veis a les\u00f5es graves.No contexto laboral, em 2017 registaram-se\u00a0<b>36 mil mortes<\/b> devido a quedas, o que correspondeu a quase 12% de todas as mortes por acidentes de trabalho.<\/p><p>Em Portugal, entre 2010 e 2018, foram registados\u00a0<b>383 016 internamentos hospitalares relacionados com quedas<\/b>, representando\u00a0<b>2,1% do total<\/b>. Nos contextos de cuidados de sa\u00fade, as quedas s\u00e3o o incidente de seguran\u00e7a do doente mais notificado, com uma taxa de ocorr\u00eancia entre\u00a0<b>2 a 8 por 1000 camas de internamento<\/b>.<\/p><p>A preven\u00e7\u00e3o come\u00e7a pela avalia\u00e7\u00e3o do risco. Ferramentas como o teste \u201c<i>Timed Up and Go<b>\u201d,<\/b><\/i> combinado com question\u00e1rios espec\u00edficos sobre fatores de risco, podem identificar eficazmente pessoas em risco de queda, em poucos minutos.<\/p><p>Com o aumento da esperan\u00e7a m\u00e9dia de vida, \u00e9 urgente abordar esta problem\u00e1tica de forma estrat\u00e9gica.<\/p><p>\u2022 Consulte e descarregue o <span style=\"text-decoration: underline;\"><a href=\"https:\/\/ordemdosfisioterapeutas.pt\/wp-content\/uploads\/2025\/06\/Cartaz_Listagem-de-prevencoes_Poster_A3.pdf\" target=\"_blank\" rel=\"noopener\">nosso cartaz <\/a><\/span>com recomenda\u00e7\u00f5es de preven\u00e7\u00e3o.<\/p><p>\u2022 Conhe\u00e7a tamb\u00e9m os dados estat\u00edsticos sobre quedas que partilhamos nas nossas nas redes sociais: Facebook, Instagram e Linkedin<\/p>\t\t\t\t\t\t\t\t<\/div>\n\t\t\t\t<\/div>\n\t\t\t\t<div class=\"elementor-element elementor-element-bbf209d elementor-widget elementor-widget-image\" data-id=\"bbf209d\" data-element_type=\"widget\" data-e-type=\"widget\" data-widget_type=\"image.default\">\n\t\t\t\t<div class=\"elementor-widget-container\">\n\t\t\t\t\t\t\t\t\t\t\t\t\t\t\t\t<a href=\"https:\/\/ordemdosfisioterapeutas.pt\/wp-content\/uploads\/2025\/06\/Cartaz_Listagem-de-prevencoes_Poster_A3.pdf\">\n\t\t\t\t\t\t\t<img fetchpriority=\"high\" decoding=\"async\" width=\"250\" height=\"353\" src=\"https:\/\/ordemdosfisioterapeutas.pt\/wp-content\/uploads\/2025\/06\/Listagem-de-prevencoes_Poster_A3.jpg\" class=\"attachment-large size-large wp-image-10621\" alt=\"\" srcset=\"https:\/\/ordemdosfisioterapeutas.pt\/wp-content\/uploads\/2025\/06\/Listagem-de-prevencoes_Poster_A3.jpg 250w, https:\/\/ordemdosfisioterapeutas.pt\/wp-content\/uploads\/2025\/06\/Listagem-de-prevencoes_Poster_A3-212x300.jpg 212w, https:\/\/ordemdosfisioterapeutas.pt\/wp-content\/uploads\/2025\/06\/Listagem-de-prevencoes_Poster_A3-8x12.jpg 8w\" sizes=\"(max-width: 250px) 100vw, 250px\" \/>\t\t\t\t\t\t\t\t<\/a>\n\t\t\t\t\t\t\t\t\t\t\t\t\t\t\t<\/div>\n\t\t\t\t<\/div>\n\t\t\t\t\t<\/div>\n\t\t\t\t<\/div>\n\t\t\t\t<\/div>\n\t\t","protected":false},"excerpt":{"rendered":"<p>Criado pela Organiza\u00e7\u00e3o Mundial da Sa\u00fade, o Dia Mundial da Preven\u00e7\u00e3o de Quedas assinala-se hoje, 24 de junho, com o objetivo de alertar para os riscos associados \u00e0s quedas e para a necessidade de estrat\u00e9gias eficazes de preven\u00e7\u00e3o.<\/p>\n","protected":false},"author":1,"featured_media":10624,"comment_status":"closed","ping_status":"open","sticky":false,"template":"","format":"standard","meta":{"footnotes":""},"categories":[13],"tags":[],"class_list":["post-10623","post","type-post","status-publish","format-standard","has-post-thumbnail","hentry","category-noticias"],"_links":{"self":[{"href":"https:\/\/ordemdosfisioterapeutas.pt\/pt\/wp-json\/wp\/v2\/posts\/10623","targetHints":{"allow":["GET"]}}],"collection":[{"href":"https:\/\/ordemdosfisioterapeutas.pt\/pt\/wp-json\/wp\/v2\/posts"}],"about":[{"href":"https:\/\/ordemdosfisioterapeutas.pt\/pt\/wp-json\/wp\/v2\/types\/post"}],"author":[{"embeddable":true,"href":"https:\/\/ordemdosfisioterapeutas.pt\/pt\/wp-json\/wp\/v2\/users\/1"}],"replies":[{"embeddable":true,"href":"https:\/\/ordemdosfisioterapeutas.pt\/pt\/wp-json\/wp\/v2\/comments?post=10623"}],"version-history":[{"count":0,"href":"https:\/\/ordemdosfisioterapeutas.pt\/pt\/wp-json\/wp\/v2\/posts\/10623\/revisions"}],"wp:featuredmedia":[{"embeddable":true,"href":"https:\/\/ordemdosfisioterapeutas.pt\/pt\/wp-json\/wp\/v2\/media\/10624"}],"wp:attachment":[{"href":"https:\/\/ordemdosfisioterapeutas.pt\/pt\/wp-json\/wp\/v2\/media?parent=10623"}],"wp:term":[{"taxonomy":"category","embeddable":true,"href":"https:\/\/ordemdosfisioterapeutas.pt\/pt\/wp-json\/wp\/v2\/categories?post=10623"},{"taxonomy":"post_tag","embeddable":true,"href":"https:\/\/ordemdosfisioterapeutas.pt\/pt\/wp-json\/wp\/v2\/tags?post=10623"}],"curies":[{"name":"wp","href":"https:\/\/api.w.org\/{rel}","templated":true}]}}