{"id":10530,"date":"2025-06-09T12:33:38","date_gmt":"2025-06-09T11:33:38","guid":{"rendered":"https:\/\/ordemdosfisioterapeutas.pt\/?p=10530"},"modified":"2025-06-09T16:02:59","modified_gmt":"2025-06-09T15:02:59","slug":"ja-esta-disponivel-a-app-da-ordem-dos-fisioterapeutas","status":"publish","type":"post","link":"https:\/\/ordemdosfisioterapeutas.pt\/pt\/noticias\/ja-esta-disponivel-a-app-da-ordem-dos-fisioterapeutas\/","title":{"rendered":"J\u00e1 est\u00e1 dispon\u00edvel a App da Ordem dos Fisioterapeutas"},"content":{"rendered":"\t\t<div data-elementor-type=\"wp-post\" data-elementor-id=\"10530\" class=\"elementor elementor-10530\" data-elementor-post-type=\"post\">\n\t\t\t\t<div class=\"elementor-element elementor-element-e727dc7 e-flex e-con-boxed e-con e-parent\" data-id=\"e727dc7\" data-element_type=\"container\" data-e-type=\"container\">\n\t\t\t\t\t<div class=\"e-con-inner\">\n\t\t\t\t<div class=\"elementor-element elementor-element-aa0ac0d elementor-widget elementor-widget-text-editor\" data-id=\"aa0ac0d\" data-element_type=\"widget\" data-e-type=\"widget\" data-widget_type=\"text-editor.default\">\n\t\t\t\t<div class=\"elementor-widget-container\">\n\t\t\t\t\t\t\t\t\t<p class=\"x_MsoNormal\" data-olk-copy-source=\"MessageBody\">A Ordem dos Fisioterapeutas lan\u00e7ou a sua aplica\u00e7\u00e3o oficial, j\u00e1 dispon\u00edvel para dispositivos Android e iOS.<\/p><p class=\"x_MsoNormal\">A App foi pensada para facilitar o acesso a informa\u00e7\u00f5es e servi\u00e7os da Ordem, tanto por parte dos fisioterapeutas como dos cidad\u00e3os.<\/p><p class=\"x_MsoNormal\"><b>Na App da Ordem dos Fisioterapeutas pode:<\/b><\/p><ul type=\"disc\"><li class=\"x_MsoNormal\">Aceder \u00e0 sua\u00a0<b>\u00e1rea reservada<\/b><\/li><li class=\"x_MsoNormal\">Consultar a sua\u00a0<b>c\u00e9dula profissional digital<\/b><\/li><li class=\"x_MsoNormal\"><b>Encontrar fisioterapeutas<\/b>\u00a0por concelho<\/li><li class=\"x_MsoNormal\">Acompanhar as\u00a0<b>not\u00edcias mais recentes<\/b><\/li><li class=\"x_MsoNormal\">Ver a\u00a0<b>agenda de eventos<\/b><\/li><li class=\"x_MsoNormal\">Aceder aos\u00a0<b>conte\u00fados do site<\/b> de forma adaptada ao telem\u00f3vel<\/li><\/ul><p class=\"x_MsoNormal\">A App da Ordem dos Fisioterapeutas foi desenvolvida com o objetivo de disponibilizar, de forma acess\u00edvel, as funcionalidades mais relevantes para fisioterapeutas e cidad\u00e3os. Esta \u00e9 uma vers\u00e3o inicial, que poder\u00e1 ser ajustada \u00e0 medida que for sendo utilizada e testada no dia a dia.<\/p><p class=\"x_MsoNormal\">Convidamos todos os utilizadores a explorarem a App e a tirarem partido do que j\u00e1 est\u00e1 dispon\u00edvel. Contamos com a sua colabora\u00e7\u00e3o para tornar esta aplica\u00e7\u00e3o mais \u00fatil a todos.<br \/><br \/><\/p><p class=\"x_MsoNormal\">\ud83d\udcf2\u00a0Aceda j\u00e1 \u00e0 App da Ordem dos Fisioterapeutas:<\/p>\t\t\t\t\t\t\t\t<\/div>\n\t\t\t\t<\/div>\n\t\t\t\t\t<\/div>\n\t\t\t\t<\/div>\n\t\t<div class=\"elementor-element elementor-element-a5a2a46 e-flex e-con-boxed e-con e-parent\" data-id=\"a5a2a46\" data-element_type=\"container\" data-e-type=\"container\">\n\t\t\t\t\t<div class=\"e-con-inner\">\n\t\t<div class=\"elementor-element elementor-element-e287f26 e-con-full e-flex e-con e-child\" data-id=\"e287f26\" data-element_type=\"container\" data-e-type=\"container\">\n\t\t\t\t<div class=\"elementor-element elementor-element-bf0bcc7 elementor-widget elementor-widget-image\" data-id=\"bf0bcc7\" data-element_type=\"widget\" data-e-type=\"widget\" data-widget_type=\"image.default\">\n\t\t\t\t<div class=\"elementor-widget-container\">\n\t\t\t\t\t\t\t\t\t\t\t\t\t\t\t\t<a href=\"https:\/\/play.google.com\/store\/apps\/details?id=pt.extreme.OrdemFisioterapeutas\" target=\"_blank\" rel=\"noopener\">\n\t\t\t\t\t\t\t<img fetchpriority=\"high\" decoding=\"async\" width=\"564\" height=\"168\" src=\"https:\/\/ordemdosfisioterapeutas.pt\/wp-content\/uploads\/2025\/06\/loja__03.jpg\" class=\"attachment-large size-large wp-image-10534\" alt=\"\" srcset=\"https:\/\/ordemdosfisioterapeutas.pt\/wp-content\/uploads\/2025\/06\/loja__03.jpg 564w, https:\/\/ordemdosfisioterapeutas.pt\/wp-content\/uploads\/2025\/06\/loja__03-300x89.jpg 300w, https:\/\/ordemdosfisioterapeutas.pt\/wp-content\/uploads\/2025\/06\/loja__03-18x5.jpg 18w\" sizes=\"(max-width: 564px) 100vw, 564px\" \/>\t\t\t\t\t\t\t\t<\/a>\n\t\t\t\t\t\t\t\t\t\t\t\t\t\t\t<\/div>\n\t\t\t\t<\/div>\n\t\t\t\t<\/div>\n\t\t<div class=\"elementor-element elementor-element-ef4c715 e-con-full e-flex e-con e-child\" data-id=\"ef4c715\" data-element_type=\"container\" data-e-type=\"container\">\n\t\t\t\t<div class=\"elementor-element elementor-element-ffe1d30 elementor-widget elementor-widget-image\" data-id=\"ffe1d30\" data-element_type=\"widget\" data-e-type=\"widget\" data-widget_type=\"image.default\">\n\t\t\t\t<div class=\"elementor-widget-container\">\n\t\t\t\t\t\t\t\t\t\t\t\t\t\t\t\t<a href=\"https:\/\/apps.apple.com\/pt\/app\/ordem-dos-fisioterapeutas\/id6479749801\" target=\"_blank\" rel=\"noopener\">\n\t\t\t\t\t\t\t<img decoding=\"async\" width=\"564\" height=\"168\" src=\"https:\/\/ordemdosfisioterapeutas.pt\/wp-content\/uploads\/2025\/06\/loja__06.png\" class=\"attachment-large size-large wp-image-10533\" alt=\"\" srcset=\"https:\/\/ordemdosfisioterapeutas.pt\/wp-content\/uploads\/2025\/06\/loja__06.png 564w, https:\/\/ordemdosfisioterapeutas.pt\/wp-content\/uploads\/2025\/06\/loja__06-300x89.png 300w, https:\/\/ordemdosfisioterapeutas.pt\/wp-content\/uploads\/2025\/06\/loja__06-18x5.png 18w\" sizes=\"(max-width: 564px) 100vw, 564px\" \/>\t\t\t\t\t\t\t\t<\/a>\n\t\t\t\t\t\t\t\t\t\t\t\t\t\t\t<\/div>\n\t\t\t\t<\/div>\n\t\t\t\t<\/div>\n\t\t<div class=\"elementor-element elementor-element-fec5c5e e-con-full e-flex e-con e-child\" data-id=\"fec5c5e\" data-element_type=\"container\" data-e-type=\"container\">\n\t\t\t\t<\/div>\n\t\t<div class=\"elementor-element elementor-element-a363536 e-con-full e-flex e-con e-child\" data-id=\"a363536\" data-element_type=\"container\" data-e-type=\"container\">\n\t\t\t\t<\/div>\n\t\t\t\t\t<\/div>\n\t\t\t\t<\/div>\n\t\t\t\t<\/div>\n\t\t","protected":false},"excerpt":{"rendered":"<p>A Ordem dos Fisioterapeutas lan\u00e7ou a sua aplica\u00e7\u00e3o oficial, j\u00e1 dispon\u00edvel para dispositivos Android e iOS.<\/p>\n","protected":false},"author":1,"featured_media":10531,"comment_status":"closed","ping_status":"open","sticky":false,"template":"","format":"standard","meta":{"footnotes":""},"categories":[13],"tags":[],"class_list":["post-10530","post","type-post","status-publish","format-standard","has-post-thumbnail","hentry","category-noticias"],"_links":{"self":[{"href":"https:\/\/ordemdosfisioterapeutas.pt\/pt\/wp-json\/wp\/v2\/posts\/10530","targetHints":{"allow":["GET"]}}],"collection":[{"href":"https:\/\/ordemdosfisioterapeutas.pt\/pt\/wp-json\/wp\/v2\/posts"}],"about":[{"href":"https:\/\/ordemdosfisioterapeutas.pt\/pt\/wp-json\/wp\/v2\/types\/post"}],"author":[{"embeddable":true,"href":"https:\/\/ordemdosfisioterapeutas.pt\/pt\/wp-json\/wp\/v2\/users\/1"}],"replies":[{"embeddable":true,"href":"https:\/\/ordemdosfisioterapeutas.pt\/pt\/wp-json\/wp\/v2\/comments?post=10530"}],"version-history":[{"count":0,"href":"https:\/\/ordemdosfisioterapeutas.pt\/pt\/wp-json\/wp\/v2\/posts\/10530\/revisions"}],"wp:featuredmedia":[{"embeddable":true,"href":"https:\/\/ordemdosfisioterapeutas.pt\/pt\/wp-json\/wp\/v2\/media\/10531"}],"wp:attachment":[{"href":"https:\/\/ordemdosfisioterapeutas.pt\/pt\/wp-json\/wp\/v2\/media?parent=10530"}],"wp:term":[{"taxonomy":"category","embeddable":true,"href":"https:\/\/ordemdosfisioterapeutas.pt\/pt\/wp-json\/wp\/v2\/categories?post=10530"},{"taxonomy":"post_tag","embeddable":true,"href":"https:\/\/ordemdosfisioterapeutas.pt\/pt\/wp-json\/wp\/v2\/tags?post=10530"}],"curies":[{"name":"wp","href":"https:\/\/api.w.org\/{rel}","templated":true}]}}