{"id":10470,"date":"2025-06-02T18:57:09","date_gmt":"2025-06-02T17:57:09","guid":{"rendered":"https:\/\/ordemdosfisioterapeutas.pt\/?p=10470"},"modified":"2025-06-03T16:18:43","modified_gmt":"2025-06-03T15:18:43","slug":"xii-congresso-nacional-de-fisioterapeutas-afirma-identidade-e-projeta-futuro-da-profissao-em-portugal","status":"publish","type":"post","link":"https:\/\/ordemdosfisioterapeutas.pt\/pt\/noticias\/xii-congresso-nacional-de-fisioterapeutas-afirma-identidade-e-projeta-futuro-da-profissao-em-portugal\/","title":{"rendered":"XII Congresso Nacional de Fisioterapeutas afirma identidade e projeta futuro da profiss\u00e3o em Portugal"},"content":{"rendered":"\t\t<div data-elementor-type=\"wp-post\" data-elementor-id=\"10470\" class=\"elementor elementor-10470\" data-elementor-post-type=\"post\">\n\t\t\t\t<div class=\"elementor-element elementor-element-2474bf6 e-flex e-con-boxed e-con e-parent\" data-id=\"2474bf6\" data-element_type=\"container\" data-e-type=\"container\">\n\t\t\t\t\t<div class=\"e-con-inner\">\n\t\t\t\t<div class=\"elementor-element elementor-element-69700bc elementor-widget elementor-widget-button\" data-id=\"69700bc\" data-element_type=\"widget\" data-e-type=\"widget\" data-widget_type=\"button.default\">\n\t\t\t\t<div class=\"elementor-widget-container\">\n\t\t\t\t\t\t\t\t\t<div class=\"elementor-button-wrapper\">\n\t\t\t\t\t<a class=\"elementor-button elementor-button-link elementor-size-sm\" href=\"https:\/\/bit.ly\/Galeria_CNFt25\" target=\"_blank\" rel=\"noopener\">\n\t\t\t\t\t\t<span class=\"elementor-button-content-wrapper\">\n\t\t\t\t\t\t\t\t\t<span class=\"elementor-button-text\">Ver Galeria<\/span>\n\t\t\t\t\t<\/span>\n\t\t\t\t\t<\/a>\n\t\t\t\t<\/div>\n\t\t\t\t\t\t\t\t<\/div>\n\t\t\t\t<\/div>\n\t\t\t\t<div class=\"elementor-element elementor-element-3ff8c24 elementor-widget elementor-widget-text-editor\" data-id=\"3ff8c24\" data-element_type=\"widget\" data-e-type=\"widget\" data-widget_type=\"text-editor.default\">\n\t\t\t\t<div class=\"elementor-widget-container\">\n\t\t\t\t\t\t\t\t\t<p>O XII Congresso Nacional dos Fisioterapeutas realizou-se a 9 e 10 de maio, em Lisboa, reunindo profissionais, especialistas e representantes institucionais para debater o papel da Fisioterapia na sa\u00fade p\u00fablica, a centralidade da pessoa nos cuidados e os desafios emergentes como a regula\u00e7\u00e3o profissional, a inova\u00e7\u00e3o tecnol\u00f3gica e a intelig\u00eancia artificial.<\/p><p>O evento, organizado pela Ordem dos Fisioterapeutas, realizou-se sob o mote \u201cFisioterapia 360\u00ba: Identidade e Valor\u201d e contou com a presen\u00e7a de Fisioterapeutas, acad\u00e9micos, entidades p\u00fablicas nacionais e internacionais e estudantes. Ao longo de dois dias, no Audit\u00f3rio Ant\u00f3nio Domingues de Azevedo, os participantes refletiram sobre o presente e futuro da profiss\u00e3o, com enfoque na evid\u00eancia cient\u00edfica, na valoriza\u00e7\u00e3o da interven\u00e7\u00e3o cl\u00ednica e na colabora\u00e7\u00e3o entre diferentes \u00e1reas da sa\u00fade.<\/p><p>Entre os temas em destaque esteve o papel da Fisioterapia na sa\u00fade p\u00fablica, num contexto em que, embora existam mais de 13.000 fisioterapeutas em Portugal, apenas cerca de 1.500 integram o Servi\u00e7o Nacional de Sa\u00fade (SNS), sendo que, destes, menos de 10% est\u00e3o alocados aos cuidados de sa\u00fade prim\u00e1rios.<\/p><p>O evento coincidiu com a recente homologa\u00e7\u00e3o do Regulamento Geral de Especialidades Profissionais de Fisioterapia, pelo Minist\u00e9rio da Sa\u00fade, um marco relevante para o desenvolvimento e reconhecimento da profiss\u00e3o. Este novo enquadramento permitir\u00e1 a atribui\u00e7\u00e3o do t\u00edtulo de especialista nas \u00e1reas de Fisioterapia Cardiorrespirat\u00f3ria, M\u00fasculo-Esquel\u00e9tica e Neurol\u00f3gica, com a previs\u00e3o de outras especialidades e processos de acredita\u00e7\u00e3o. Este novo enquadramento permitir\u00e1 a atribui\u00e7\u00e3o do t\u00edtulo de especialista nas \u00e1reas Cardiorrespirat\u00f3ria, M\u00fasculo-Esquel\u00e9tica e Neurol\u00f3gica, com a previs\u00e3o de outras especialidades futuras.<\/p><p>O Congresso sublinhou tamb\u00e9m a import\u00e2ncia de garantir maior acessibilidade aos cuidados de Fisioterapia, da cria\u00e7\u00e3o de normas t\u00e9cnicas de atua\u00e7\u00e3o, bem como do refor\u00e7o da articula\u00e7\u00e3o com outras especialidades m\u00e9dicas. O investimento em investiga\u00e7\u00e3o cient\u00edfica e forma\u00e7\u00e3o cont\u00ednua foram igualmente destacadas como fator essencial para assegurar os melhores cuidados prestados \u00e0 popula\u00e7\u00e3o.<\/p><p>Na sess\u00e3o de encerramento, o Baston\u00e1rio da Ordem dos Fisioterapeutas, Ant\u00f3nio Lopes, sublinhou que a profiss\u00e3o \u00e9 \u201cautorregulada e vai ter de merecer, ser e tamb\u00e9m ter uma gest\u00e3o aut\u00f3noma\u201d para o desenvolvimento profissional.<\/p><p>O XII Congresso confirmou-se, assim, como a reuni\u00e3o magna da Fisioterapia em Portugal, projetando uma profiss\u00e3o mais forte, preparada para liderar a transforma\u00e7\u00e3o dos cuidados de sa\u00fade. O futuro da Fisioterapia faz-se com todos. Visite a <span style=\"text-decoration: underline;\"><a href=\"https:\/\/bit.ly\/Galeria_CNFt25\" target=\"_blank\" rel=\"noopener\">GALERIA DE IMAGENS<\/a><\/span> do XII CNFt 2025<\/p>\t\t\t\t\t\t\t\t<\/div>\n\t\t\t\t<\/div>\n\t\t\t\t\t<\/div>\n\t\t\t\t<\/div>\n\t\t\t\t<\/div>\n\t\t","protected":false},"excerpt":{"rendered":"<p>O XII Congresso Nacional dos Fisioterapeutas realizou-se a 9 e 10 de maio, em Lisboa, reunindo profissionais, especialistas e representantes institucionais para debater o papel da Fisioterapia na sa\u00fade p\u00fablica, a centralidade da pessoa nos cuidados e os desafios emergentes como a regula\u00e7\u00e3o profissional, a inova\u00e7\u00e3o tecnol\u00f3gica e a intelig\u00eancia artificial.<\/p>\n","protected":false},"author":1,"featured_media":10471,"comment_status":"closed","ping_status":"open","sticky":false,"template":"","format":"standard","meta":{"footnotes":""},"categories":[13],"tags":[],"class_list":["post-10470","post","type-post","status-publish","format-standard","has-post-thumbnail","hentry","category-noticias"],"_links":{"self":[{"href":"https:\/\/ordemdosfisioterapeutas.pt\/pt\/wp-json\/wp\/v2\/posts\/10470","targetHints":{"allow":["GET"]}}],"collection":[{"href":"https:\/\/ordemdosfisioterapeutas.pt\/pt\/wp-json\/wp\/v2\/posts"}],"about":[{"href":"https:\/\/ordemdosfisioterapeutas.pt\/pt\/wp-json\/wp\/v2\/types\/post"}],"author":[{"embeddable":true,"href":"https:\/\/ordemdosfisioterapeutas.pt\/pt\/wp-json\/wp\/v2\/users\/1"}],"replies":[{"embeddable":true,"href":"https:\/\/ordemdosfisioterapeutas.pt\/pt\/wp-json\/wp\/v2\/comments?post=10470"}],"version-history":[{"count":0,"href":"https:\/\/ordemdosfisioterapeutas.pt\/pt\/wp-json\/wp\/v2\/posts\/10470\/revisions"}],"wp:featuredmedia":[{"embeddable":true,"href":"https:\/\/ordemdosfisioterapeutas.pt\/pt\/wp-json\/wp\/v2\/media\/10471"}],"wp:attachment":[{"href":"https:\/\/ordemdosfisioterapeutas.pt\/pt\/wp-json\/wp\/v2\/media?parent=10470"}],"wp:term":[{"taxonomy":"category","embeddable":true,"href":"https:\/\/ordemdosfisioterapeutas.pt\/pt\/wp-json\/wp\/v2\/categories?post=10470"},{"taxonomy":"post_tag","embeddable":true,"href":"https:\/\/ordemdosfisioterapeutas.pt\/pt\/wp-json\/wp\/v2\/tags?post=10470"}],"curies":[{"name":"wp","href":"https:\/\/api.w.org\/{rel}","templated":true}]}}