{"id":10986,"global_id":"ordemdosfisioterapeutas.pt\/pt?id=10986","global_id_lineage":["ordemdosfisioterapeutas.pt\/pt?id=10986"],"author":"1","status":"publish","date":"2025-07-27 20:04:25","date_utc":"2025-07-27 19:04:25","modified":"2025-07-27 20:04:25","modified_utc":"2025-07-27 19:04:25","url":"https:\/\/ordemdosfisioterapeutas.pt\/pt\/agenda\/cerimonia-de-posse-do-bastonario-da-ordem-dos-medicos\/","rest_url":"https:\/\/ordemdosfisioterapeutas.pt\/pt\/wp-json\/tribe\/events\/v1\/events\/10986","title":"Cerim\u00f3nia de posse do Baston\u00e1rio da Ordem dos M\u00e9dicos","description":"<p>Ordem dos Fisioterapeutas representada pelo Baston\u00e1rio Ant\u00f3nio Lopes<\/p>","excerpt":"","slug":"cerimonia-de-posse-do-bastonario-da-ordem-dos-medicos","image":false,"all_day":true,"start_date":"2025-06-26 00:00:00","start_date_details":{"year":"2025","month":"06","day":"26","hour":"00","minutes":"00","seconds":"00"},"end_date":"2025-06-26 23:59:59","end_date_details":{"year":"2025","month":"06","day":"26","hour":"23","minutes":"59","seconds":"59"},"utc_start_date":"2025-06-25 23:00:00","utc_start_date_details":{"year":"2025","month":"06","day":"25","hour":"23","minutes":"00","seconds":"00"},"utc_end_date":"2025-06-26 22:59:59","utc_end_date_details":{"year":"2025","month":"06","day":"26","hour":"22","minutes":"59","seconds":"59"},"timezone":"Europe\/Lisbon","timezone_abbr":"WEST","cost":"","cost_details":{"currency_symbol":"$","currency_code":"USD","currency_position":"prefix","values":[]},"website":"https:\/\/ordemdosmedicos.pt\/tomadas-de-posse-ordem-dos-medicos-e-una-e-indivisivel","show_map":true,"show_map_link":true,"hide_from_listings":false,"sticky":false,"featured":false,"categories":[{"name":"A Ordem participa","slug":"ordem-participa","term_group":0,"term_taxonomy_id":32,"taxonomy":"tribe_events_cat","description":"","parent":0,"count":275,"filter":"raw","id":32,"urls":{"self":"https:\/\/ordemdosfisioterapeutas.pt\/pt\/wp-json\/tribe\/events\/v1\/categories\/32","collection":"https:\/\/ordemdosfisioterapeutas.pt\/pt\/wp-json\/tribe\/events\/v1\/categories"}}],"tags":[],"venue":{"id":10987,"author":"1","status":"publish","date":"2025-07-27 20:04:25","date_utc":"2025-07-27 19:04:25","modified":"2025-07-27 20:04:25","modified_utc":"2025-07-27 19:04:25","url":"https:\/\/ordemdosfisioterapeutas.pt\/pt\/local\/sede-da-ordem-dos-medicos\/","venue":"Sede da Ordem dos M\u00e9dicos","slug":"sede-da-ordem-dos-medicos","json_ld":{"@type":"Place","name":"Sede da Ordem dos M\u00e9dicos","description":"","url":"https:\/\/ordemdosfisioterapeutas.pt\/pt\/local\/sede-da-ordem-dos-medicos\/","address":{"@type":"PostalAddress"},"telephone":"","sameAs":""},"show_map":true,"show_map_link":true,"global_id":"ordemdosfisioterapeutas.pt\/pt?id=10987","global_id_lineage":["ordemdosfisioterapeutas.pt\/pt?id=10987"]},"organizer":[{"id":9374,"author":"1","status":"publish","date":"2024-11-22 14:46:31","date_utc":"2024-11-22 14:46:31","modified":"2024-11-22 14:46:31","modified_utc":"2024-11-22 14:46:31","url":"https:\/\/ordemdosfisioterapeutas.pt\/pt\/organizador\/ordem-dos-medicos\/","organizer":"Ordem dos M\u00e9dicos","slug":"ordem-dos-medicos","json_ld":{"@type":"Person","name":"Ordem dos M\u00e9dicos","description":"","url":"","telephone":"","email":"","sameAs":""},"global_id":"ordemdosfisioterapeutas.pt\/pt?id=9374","global_id_lineage":["ordemdosfisioterapeutas.pt\/pt?id=9374"]}],"custom_fields":[],"json_ld":{"@context":"http:\/\/schema.org","@type":"Event","name":"Cerim\u00f3nia de posse do Baston\u00e1rio da Ordem dos M\u00e9dicos","description":"&lt;p&gt;Ordem dos Fisioterapeutas representada pelo Baston\u00e1rio Ant\u00f3nio Lopes&lt;\/p&gt;\\n","url":"https:\/\/ordemdosfisioterapeutas.pt\/pt\/agenda\/cerimonia-de-posse-do-bastonario-da-ordem-dos-medicos\/","eventAttendanceMode":"https:\/\/schema.org\/OfflineEventAttendanceMode","eventStatus":"https:\/\/schema.org\/EventScheduled","startDate":"2025-06-26T00:00:00+01:00","endDate":"2025-06-26T23:59:59+01:00","location":{"@type":"Place","name":"Sede da Ordem dos M\u00e9dicos","description":"","url":"https:\/\/ordemdosfisioterapeutas.pt\/pt\/local\/sede-da-ordem-dos-medicos\/","address":{"@type":"PostalAddress"},"telephone":"","sameAs":""},"organizer":{"@type":"Person","name":"Ordem dos M\u00e9dicos","description":"","url":"","telephone":"","email":"","sameAs":""},"performer":"Organization"},"is_virtual":false,"virtual_url":null,"virtual_video_source":""}