{"id":8359,"date":"2024-06-25T08:00:00","date_gmt":"2024-06-25T07:00:00","guid":{"rendered":"https:\/\/ordemdosfisioterapeutas.pt\/?p=8359"},"modified":"2024-06-27T10:43:11","modified_gmt":"2024-06-27T09:43:11","slug":"congresso-world-physiotherapy-datas-para-submissao-de-abstracts","status":"publish","type":"post","link":"https:\/\/ordemdosfisioterapeutas.pt\/fr\/noticias\/congresso-world-physiotherapy-datas-para-submissao-de-abstracts\/","title":{"rendered":"Congr\u00e8s mondial de physioth\u00e9rapie - Dates de soumission des r\u00e9sum\u00e9s"},"content":{"rendered":"<div data-elementor-type=\"wp-post\" data-elementor-id=\"8359\" class=\"elementor elementor-8359\" data-elementor-post-type=\"post\">\n\t\t\t\t<div class=\"elementor-element elementor-element-c2c3e75 e-flex e-con-boxed e-con e-parent\" data-id=\"c2c3e75\" data-element_type=\"container\" data-e-type=\"container\">\n\t\t\t\t\t<div class=\"e-con-inner\">\n\t\t\t\t<div class=\"elementor-element elementor-element-d37179a elementor-widget elementor-widget-text-editor\" data-id=\"d37179a\" data-element_type=\"widget\" data-e-type=\"widget\" data-widget_type=\"text-editor.default\">\n\t\t\t\t<div class=\"elementor-widget-container\">\n\t\t\t\t\t\t\t\t\t<p>L'Ordre des physioth\u00e9rapeutes, en tant que membre de World Physiotherapy (WP), invite tous les physioth\u00e9rapeutes \u00e0 soumettre <em>r\u00e9sum\u00e9s<\/em> pour le prochain <strong>Congr\u00e8s mondial de physioth\u00e9rapie <\/strong>jusqu'au jour o\u00f9<strong> 3 octobre. <\/strong>L'\u00e9v\u00e9nement aura lieu du 29 au 31 mai 2025 \u00e0 Tokyo, au Japon.<\/p><p>Ce prestigieux congr\u00e8s scientifique international, organis\u00e9 tous les deux ans par le WP, rassemble des experts et des coll\u00e8gues du monde entier pour \u00e9changer et partager des innovations et des id\u00e9es sur la recherche, l'\u00e9ducation, la gestion, l'\u00e9thique et la pratique clinique, ainsi que leurs implications pour la profession.<\/p><p>Les <strong>crit\u00e8res de s\u00e9lection <em>r\u00e9sum\u00e9s<\/em><\/strong> sont les suivants :<\/p><ul><li>Pr\u00e9sentation des derni\u00e8res recherches avec des donn\u00e9es scientifiques originales (des rapports d'int\u00e9r\u00eat particulier et des \u00e9tudes de cas peuvent \u00eatre pr\u00e9sent\u00e9s) ;<\/li><li>Il aborde les d\u00e9veloppements nouveaux et uniques dans les domaines de la pratique, de la th\u00e9orie, de l'\u00e9ducation, de la gestion, de la politique et des ressources ;<\/li><li>Description de m\u00e9thodes innovantes d'adaptation des m\u00e9thodes \u00e9tablies pour r\u00e9pondre aux besoins changeants de la pratique.<\/li><\/ul><p><strong>Programme de soutien<\/strong><\/p><p>Toutes les parties int\u00e9ress\u00e9es qui ont besoin d'aide ont \u00e0 leur disposition un <a href=\"https:\/\/wp2025.world.physio\/abstract-support\/\" target=\"_blank\" rel=\"noopener\"><strong>programme de soutien<\/strong><\/a> jusqu'au 16 septembre. L'objectif de ce programme est d'aider les auteurs \u00e0 pr\u00e9senter leur mat\u00e9riel de mani\u00e8re claire et concise, gr\u00e2ce \u00e0 <em>retour d'information<\/em> et des conseils utiles, avant de soumettre leur <em>r\u00e9sum\u00e9s<\/em>.<\/p><p>Ce programme peut \u00eatre particuli\u00e8rement utile pour ceux qui ont besoin d'aide pour la r\u00e9daction scientifique en anglais, qui ne disposent pas de r\u00e9seaux locaux\/nationaux de soutien \u00e0 la recherche ou qui ont peu d'exp\u00e9rience dans la pr\u00e9sentation de ce type de travail.<\/p><p><strong>Les <em>r\u00e9sum\u00e9s<\/em> doit \u00eatre soumis avant le 3 octobre 2024 (<\/strong><span style=\"text-decoration: underline;\"><a href=\"https:\/\/physio.us11.list-manage.com\/track\/click?u=833b86b6280ef62cc18e8eaf3&amp;id=704fa7df65&amp;e=34390974e3\" target=\"_blank\" rel=\"noopener\"><strong>ici<\/strong><\/a><\/span><strong>).<\/strong><\/p>\t\t\t\t\t\t\t\t<\/div>\n\t\t\t\t<\/div>\n\t\t\t\t\t<\/div>\n\t\t\t\t<\/div>\n\t\t\t\t<\/div>","protected":false},"excerpt":{"rendered":"<p>L'Ordre des physioth\u00e9rapeutes, en tant que membre de World Physiotherapy (WP), invite tous les physioth\u00e9rapeutes \u00e0 soumettre des r\u00e9sum\u00e9s pour le prochain congr\u00e8s mondial de physioth\u00e9rapie avant le 3 octobre.<\/p>","protected":false},"author":1,"featured_media":8360,"comment_status":"closed","ping_status":"open","sticky":false,"template":"","format":"standard","meta":{"footnotes":""},"categories":[13],"tags":[],"class_list":["post-8359","post","type-post","status-publish","format-standard","has-post-thumbnail","hentry","category-noticias"],"_links":{"self":[{"href":"https:\/\/ordemdosfisioterapeutas.pt\/fr\/wp-json\/wp\/v2\/posts\/8359","targetHints":{"allow":["GET"]}}],"collection":[{"href":"https:\/\/ordemdosfisioterapeutas.pt\/fr\/wp-json\/wp\/v2\/posts"}],"about":[{"href":"https:\/\/ordemdosfisioterapeutas.pt\/fr\/wp-json\/wp\/v2\/types\/post"}],"author":[{"embeddable":true,"href":"https:\/\/ordemdosfisioterapeutas.pt\/fr\/wp-json\/wp\/v2\/users\/1"}],"replies":[{"embeddable":true,"href":"https:\/\/ordemdosfisioterapeutas.pt\/fr\/wp-json\/wp\/v2\/comments?post=8359"}],"version-history":[{"count":0,"href":"https:\/\/ordemdosfisioterapeutas.pt\/fr\/wp-json\/wp\/v2\/posts\/8359\/revisions"}],"wp:featuredmedia":[{"embeddable":true,"href":"https:\/\/ordemdosfisioterapeutas.pt\/fr\/wp-json\/wp\/v2\/media\/8360"}],"wp:attachment":[{"href":"https:\/\/ordemdosfisioterapeutas.pt\/fr\/wp-json\/wp\/v2\/media?parent=8359"}],"wp:term":[{"taxonomy":"category","embeddable":true,"href":"https:\/\/ordemdosfisioterapeutas.pt\/fr\/wp-json\/wp\/v2\/categories?post=8359"},{"taxonomy":"post_tag","embeddable":true,"href":"https:\/\/ordemdosfisioterapeutas.pt\/fr\/wp-json\/wp\/v2\/tags?post=8359"}],"curies":[{"name":"wp","href":"https:\/\/api.w.org\/{rel}","templated":true}]}}