{"id":8091,"date":"2024-05-10T16:46:20","date_gmt":"2024-05-10T15:46:20","guid":{"rendered":"https:\/\/ordemdosfisioterapeutas.pt\/?p=8091"},"modified":"2024-05-31T14:36:46","modified_gmt":"2024-05-31T13:36:46","slug":"ordem-presente-na-ajutec-em-matosinhos","status":"publish","type":"post","link":"https:\/\/ordemdosfisioterapeutas.pt\/fr\/noticias\/ordem-presente-na-ajutec-em-matosinhos\/","title":{"rendered":"L'Ordre des avocats portugais pr\u00e9sent \u00e0 l'AJUTEC \u00e0 Matosinhos"},"content":{"rendered":"<div data-elementor-type=\"wp-post\" data-elementor-id=\"8091\" class=\"elementor elementor-8091\" data-elementor-post-type=\"post\">\n\t\t\t\t<div class=\"elementor-element elementor-element-0ef2d8f e-flex e-con-boxed e-con e-parent\" data-id=\"0ef2d8f\" data-element_type=\"container\" data-e-type=\"container\">\n\t\t\t\t\t<div class=\"e-con-inner\">\n\t\t\t\t<div class=\"elementor-element elementor-element-cf34c83 elementor-widget elementor-widget-text-editor\" data-id=\"cf34c83\" data-element_type=\"widget\" data-e-type=\"widget\" data-widget_type=\"text-editor.default\">\n\t\t\t\t<div class=\"elementor-widget-container\">\n\t\t\t\t\t\t\t\t\t<p><b><i>Nouvelles mises \u00e0 jour le 31 mai<\/i><\/b><\/p>\t\t\t\t\t\t\t\t<\/div>\n\t\t\t\t<\/div>\n\t\t\t\t<div class=\"elementor-element elementor-element-a7de91c elementor-widget elementor-widget-text-editor\" data-id=\"a7de91c\" data-element_type=\"widget\" data-e-type=\"widget\" data-widget_type=\"text-editor.default\">\n\t\t\t\t<div class=\"elementor-widget-container\">\n\t\t\t\t\t\t\t\t\t<p>L'Ordre des kin\u00e9sith\u00e9rapeutes \u00e9tait pr\u00e9sent lors de l'assembl\u00e9e g\u00e9n\u00e9rale. <span style=\"text-decoration: underline;\"><a href=\"https:\/\/ajutec.exponor.pt\/\" target=\"_blank\" rel=\"noopener\">Ajutec - Sant\u00e9, produits de soutien et accessibilit\u00e9 <\/a><\/span>L'\u00e9v\u00e9nement s'est d\u00e9roul\u00e9 du 23 au 25 mai \u00e0 Exponor, \u00e0 Matosinhos. Avec son propre stand et son personnel permanent, elle \u00e9tait proche des professionnels, des entrepreneurs et des associations qui les repr\u00e9sentent et, par cons\u00e9quent, de la soci\u00e9t\u00e9 en g\u00e9n\u00e9ral. <u>d\u00e9pliant d'information<\/u> sur le r\u00f4le de la physioth\u00e9rapie, qui peut \u00eatre t\u00e9l\u00e9charg\u00e9 <a href=\"https:\/\/ordemdosfisioterapeutas.pt\/wp-content\/uploads\/2024\/05\/Flyer-A5_ajutec.pdf\" target=\"_blank\" rel=\"noopener\"><span style=\"text-decoration: underline;\">ici<\/span><\/a>.<\/p>\t\t\t\t\t\t\t\t<\/div>\n\t\t\t\t<\/div>\n\t\t\t\t<div class=\"elementor-element elementor-element-da105d8 elementor-widget elementor-widget-text-editor\" data-id=\"da105d8\" data-element_type=\"widget\" data-e-type=\"widget\" data-widget_type=\"text-editor.default\">\n\t\t\t\t<div class=\"elementor-widget-container\">\n\t\t\t\t\t\t\t\t\t<p>Selon les organisateurs, l'\u00e9v\u00e9nement s'adresse aux entreprises fournissant des aides techniques et des nouvelles technologies pour les personnes \u00e0 mobilit\u00e9 r\u00e9duite, ainsi qu'aux entreprises proposant des produits, des \u00e9quipements et des solutions permettant une vie de qualit\u00e9.<\/p>\t\t\t\t\t\t\t\t<\/div>\n\t\t\t\t<\/div>\n\t\t\t\t\t<\/div>\n\t\t\t\t<\/div>\n\t\t<div class=\"elementor-element elementor-element-ab654e2 e-flex e-con-boxed e-con e-parent\" data-id=\"ab654e2\" data-element_type=\"container\" data-e-type=\"container\">\n\t\t\t\t\t<div class=\"e-con-inner\">\n\t\t<div class=\"elementor-element elementor-element-622d40e e-con-full e-flex e-con e-child\" data-id=\"622d40e\" data-element_type=\"container\" data-e-type=\"container\">\n\t\t\t\t<div class=\"elementor-element elementor-element-d1a82a0 elementor-widget elementor-widget-image\" data-id=\"d1a82a0\" data-element_type=\"widget\" data-e-type=\"widget\" data-widget_type=\"image.default\">\n\t\t\t\t<div class=\"elementor-widget-container\">\n\t\t\t\t\t\t\t\t\t\t\t\t\t\t\t\t<a href=\"https:\/\/ordemdosfisioterapeutas.pt\/wp-content\/uploads\/2024\/05\/Flyer-A5_ajutec.pdf\" target=\"_blank\">\n\t\t\t\t\t\t\t<img decoding=\"async\" src=\"https:\/\/ordemdosfisioterapeutas.pt\/wp-content\/uploads\/elementor\/thumbs\/flyer-AJUTEC-qoz0s3zk0rm01efy5pfnkb9el4dhq2o6uwznekqa6a.jpeg\" title=\"flyer-AJUTEC\" alt=\"flyer-AJUTEC\" loading=\"lazy\" \/>\t\t\t\t\t\t\t\t<\/a>\n\t\t\t\t\t\t\t\t\t\t\t\t\t\t\t<\/div>\n\t\t\t\t<\/div>\n\t\t\t\t<\/div>\n\t\t<div class=\"elementor-element elementor-element-0cd8b98 e-con-full e-flex e-con e-child\" data-id=\"0cd8b98\" data-element_type=\"container\" data-e-type=\"container\">\n\t\t\t\t<div class=\"elementor-element elementor-element-c2d44e0 elementor-widget elementor-widget-video\" data-id=\"c2d44e0\" data-element_type=\"widget\" data-e-type=\"widget\" data-settings=\"{&quot;youtube_url&quot;:&quot;https:\\\/\\\/www.youtube.com\\\/watch?v=uFgxiW_Vlk8&quot;,&quot;video_type&quot;:&quot;youtube&quot;,&quot;controls&quot;:&quot;yes&quot;}\" data-widget_type=\"video.default\">\n\t\t\t\t<div class=\"elementor-widget-container\">\n\t\t\t\t\t\t\t<div class=\"elementor-wrapper elementor-open-inline\">\n\t\t\t<div class=\"elementor-video\"><\/div>\t\t<\/div>\n\t\t\t\t\t\t<\/div>\n\t\t\t\t<\/div>\n\t\t\t\t<\/div>\n\t\t\t\t\t<\/div>\n\t\t\t\t<\/div>\n\t\t\t\t<\/div>","protected":false},"excerpt":{"rendered":"<p>Avec son propre stand et des membres du conseil d'administration pr\u00e9sents pour donner des explications aux visiteurs.<\/p>","protected":false},"author":1,"featured_media":8092,"comment_status":"closed","ping_status":"open","sticky":false,"template":"","format":"standard","meta":{"footnotes":""},"categories":[13],"tags":[],"class_list":["post-8091","post","type-post","status-publish","format-standard","has-post-thumbnail","hentry","category-noticias"],"_links":{"self":[{"href":"https:\/\/ordemdosfisioterapeutas.pt\/fr\/wp-json\/wp\/v2\/posts\/8091","targetHints":{"allow":["GET"]}}],"collection":[{"href":"https:\/\/ordemdosfisioterapeutas.pt\/fr\/wp-json\/wp\/v2\/posts"}],"about":[{"href":"https:\/\/ordemdosfisioterapeutas.pt\/fr\/wp-json\/wp\/v2\/types\/post"}],"author":[{"embeddable":true,"href":"https:\/\/ordemdosfisioterapeutas.pt\/fr\/wp-json\/wp\/v2\/users\/1"}],"replies":[{"embeddable":true,"href":"https:\/\/ordemdosfisioterapeutas.pt\/fr\/wp-json\/wp\/v2\/comments?post=8091"}],"version-history":[{"count":0,"href":"https:\/\/ordemdosfisioterapeutas.pt\/fr\/wp-json\/wp\/v2\/posts\/8091\/revisions"}],"wp:featuredmedia":[{"embeddable":true,"href":"https:\/\/ordemdosfisioterapeutas.pt\/fr\/wp-json\/wp\/v2\/media\/8092"}],"wp:attachment":[{"href":"https:\/\/ordemdosfisioterapeutas.pt\/fr\/wp-json\/wp\/v2\/media?parent=8091"}],"wp:term":[{"taxonomy":"category","embeddable":true,"href":"https:\/\/ordemdosfisioterapeutas.pt\/fr\/wp-json\/wp\/v2\/categories?post=8091"},{"taxonomy":"post_tag","embeddable":true,"href":"https:\/\/ordemdosfisioterapeutas.pt\/fr\/wp-json\/wp\/v2\/tags?post=8091"}],"curies":[{"name":"wp","href":"https:\/\/api.w.org\/{rel}","templated":true}]}}