{"id":7524,"date":"2024-02-07T19:59:27","date_gmt":"2024-02-07T19:59:27","guid":{"rendered":"https:\/\/ordemdosfisioterapeutas.pt\/?p=7524"},"modified":"2024-02-07T20:00:05","modified_gmt":"2024-02-07T20:00:05","slug":"ordem-apoia-projeto-de-desenvolvimento-da-profissao-nos-palop","status":"publish","type":"post","link":"https:\/\/ordemdosfisioterapeutas.pt\/fr\/noticias\/ordem-apoia-projeto-de-desenvolvimento-da-profissao-nos-palop\/","title":{"rendered":"L'Ordre soutient un projet de d\u00e9veloppement de la profession dans les pays PALOP"},"content":{"rendered":"<div data-elementor-type=\"wp-post\" data-elementor-id=\"7524\" class=\"elementor elementor-7524\" data-elementor-post-type=\"post\">\n\t\t\t\t\t\t<section class=\"elementor-section elementor-top-section elementor-element elementor-element-79dbd40 elementor-section-boxed elementor-section-height-default elementor-section-height-default\" data-id=\"79dbd40\" data-element_type=\"section\" data-e-type=\"section\">\n\t\t\t\t\t\t<div class=\"elementor-container elementor-column-gap-default\">\n\t\t\t\t\t<div class=\"elementor-column elementor-col-100 elementor-top-column elementor-element elementor-element-ba2d5c9\" data-id=\"ba2d5c9\" data-element_type=\"column\" data-e-type=\"column\">\n\t\t\t<div class=\"elementor-widget-wrap elementor-element-populated\">\n\t\t\t\t\t\t<div class=\"elementor-element elementor-element-c5ac419 elementor-widget elementor-widget-text-editor\" data-id=\"c5ac419\" data-element_type=\"widget\" data-e-type=\"widget\" data-widget_type=\"text-editor.default\">\n\t\t\t\t<div class=\"elementor-widget-container\">\n\t\t\t\t\t\t\t\t\t<p style=\"font-weight: 400;\">Cette semaine a vu le lancement d'une initiative de World Physiotherapy (WP), en collaboration avec l'Ordre des physioth\u00e9rapeutes, dans le but de soutenir le d\u00e9veloppement de la profession de physioth\u00e9rapeute dans les pays africains de langue portugaise (PALOP) : Angola, Cap-Vert, Guin\u00e9e-Bissau, Mozambique et S\u00e3o Tom\u00e9 et Pr\u00edncipe.<\/p><p style=\"font-weight: 400;\">Le responsable du d\u00e9veloppement et de la gestion des projets du WP, Sidy Dieye, a \u00e9t\u00e9 accueilli au Portugal par le pr\u00e9sident de l'Association portugaise des physioth\u00e9rapeutes, Ant\u00f3nio Lopes, et par les physioth\u00e9rapeutes Marco Clemente et Cl\u00e1udia Costa, afin de mener une s\u00e9rie de r\u00e9unions bilat\u00e9rales avec des repr\u00e9sentants de l'organisation internationale dans ces pays.<\/p><p style=\"font-weight: 400;\">Les r\u00e9unions, qui ont eu lieu les 5 et 6 f\u00e9vrier, visaient \u00e0 \u00e9tablir un dialogue global et \u00e0 identifier les besoins sp\u00e9cifiques dans des domaines tels que l'\u00e9ducation, la formation, la d\u00e9fense des int\u00e9r\u00eats, la direction d'associations professionnelles et la r\u00e9glementation au sein de la communaut\u00e9 des physioth\u00e9rapeutes dans les PALOP.<\/p><p style=\"font-weight: 400;\">Pour l'Ordre des physioth\u00e9rapeutes, cette collaboration est d'une importance vitale car elle permettra d'accro\u00eetre la valeur sociale de la profession dans diff\u00e9rents contextes de sant\u00e9, en tenant compte des sp\u00e9cificit\u00e9s de chaque pays.<\/p>\t\t\t\t\t\t\t\t<\/div>\n\t\t\t\t<\/div>\n\t\t\t\t\t<\/div>\n\t\t<\/div>\n\t\t\t\t\t<\/div>\n\t\t<\/section>\n\t\t\t\t<\/div>","protected":false},"excerpt":{"rendered":"<p>Cette semaine a vu le lancement d'une initiative de World Physiotherapy (WP), en collaboration avec l'Ordre des physioth\u00e9rapeutes, dans le but de soutenir le d\u00e9veloppement de la profession de physioth\u00e9rapeute dans les pays africains de langue portugaise (PALOP) : Angola, Cap-Vert, Guin\u00e9e-Bissau, Mozambique et S\u00e3o Tom\u00e9 et Pr\u00edncipe.<\/p>","protected":false},"author":1,"featured_media":7525,"comment_status":"closed","ping_status":"open","sticky":false,"template":"","format":"standard","meta":{"footnotes":""},"categories":[13],"tags":[],"class_list":["post-7524","post","type-post","status-publish","format-standard","has-post-thumbnail","hentry","category-noticias"],"_links":{"self":[{"href":"https:\/\/ordemdosfisioterapeutas.pt\/fr\/wp-json\/wp\/v2\/posts\/7524","targetHints":{"allow":["GET"]}}],"collection":[{"href":"https:\/\/ordemdosfisioterapeutas.pt\/fr\/wp-json\/wp\/v2\/posts"}],"about":[{"href":"https:\/\/ordemdosfisioterapeutas.pt\/fr\/wp-json\/wp\/v2\/types\/post"}],"author":[{"embeddable":true,"href":"https:\/\/ordemdosfisioterapeutas.pt\/fr\/wp-json\/wp\/v2\/users\/1"}],"replies":[{"embeddable":true,"href":"https:\/\/ordemdosfisioterapeutas.pt\/fr\/wp-json\/wp\/v2\/comments?post=7524"}],"version-history":[{"count":0,"href":"https:\/\/ordemdosfisioterapeutas.pt\/fr\/wp-json\/wp\/v2\/posts\/7524\/revisions"}],"wp:featuredmedia":[{"embeddable":true,"href":"https:\/\/ordemdosfisioterapeutas.pt\/fr\/wp-json\/wp\/v2\/media\/7525"}],"wp:attachment":[{"href":"https:\/\/ordemdosfisioterapeutas.pt\/fr\/wp-json\/wp\/v2\/media?parent=7524"}],"wp:term":[{"taxonomy":"category","embeddable":true,"href":"https:\/\/ordemdosfisioterapeutas.pt\/fr\/wp-json\/wp\/v2\/categories?post=7524"},{"taxonomy":"post_tag","embeddable":true,"href":"https:\/\/ordemdosfisioterapeutas.pt\/fr\/wp-json\/wp\/v2\/tags?post=7524"}],"curies":[{"name":"wp","href":"https:\/\/api.w.org\/{rel}","templated":true}]}}