{"id":7066,"date":"2023-11-17T08:00:00","date_gmt":"2023-11-17T08:00:00","guid":{"rendered":"https:\/\/ordemdosfisioterapeutas.pt\/?p=7066"},"modified":"2023-11-17T08:55:21","modified_gmt":"2023-11-17T08:55:21","slug":"quando-os-bebes-nascem-cedo-demais-dia-mundial-da-prematuridade","status":"publish","type":"post","link":"https:\/\/ordemdosfisioterapeutas.pt\/fr\/noticias\/quando-os-bebes-nascem-cedo-demais-dia-mundial-da-prematuridade\/","title":{"rendered":"Quand les b\u00e9b\u00e9s naissent trop t\u00f4t : Journ\u00e9e mondiale de la pr\u00e9maturit\u00e9"},"content":{"rendered":"<div data-elementor-type=\"wp-post\" data-elementor-id=\"7066\" class=\"elementor elementor-7066\" data-elementor-post-type=\"post\">\n\t\t\t\t\t\t<section class=\"elementor-section elementor-top-section elementor-element elementor-element-3b0621e elementor-section-boxed elementor-section-height-default elementor-section-height-default\" data-id=\"3b0621e\" data-element_type=\"section\" data-e-type=\"section\">\n\t\t\t\t\t\t<div class=\"elementor-container elementor-column-gap-default\">\n\t\t\t\t\t<div class=\"elementor-column elementor-col-100 elementor-top-column elementor-element elementor-element-e2c4af9\" data-id=\"e2c4af9\" data-element_type=\"column\" data-e-type=\"column\">\n\t\t\t<div class=\"elementor-widget-wrap elementor-element-populated\">\n\t\t\t\t\t\t<div class=\"elementor-element elementor-element-9591a86 elementor-widget elementor-widget-text-editor\" data-id=\"9591a86\" data-element_type=\"widget\" data-e-type=\"widget\" data-widget_type=\"text-editor.default\">\n\t\t\t\t<div class=\"elementor-widget-container\">\n\t\t\t\t\t\t\t\t\t<p>Ce vendredi 17 novembre marque la <strong>Journ\u00e9e mondiale de la pr\u00e9maturit\u00e9<\/strong>Cette date vise \u00e0 sensibiliser le public aux naissances pr\u00e9matur\u00e9es, aux d\u00e9c\u00e8s et aux s\u00e9quelles dus \u00e0 la pr\u00e9maturit\u00e9. <span style=\"text-decoration: underline;\"><a href=\"https:\/\/www.efcni.org\/\" target=\"_blank\" rel=\"noopener\">EFCNI - Fondation europ\u00e9enne pour les soins aux nouveau-n\u00e9s<\/a><\/span>Il s'agit d'une plateforme cr\u00e9\u00e9e en avril 2008 au niveau europ\u00e9en, compos\u00e9e de parents et de professionnels de la sant\u00e9, dans le but de donner une voix aux nouveau-n\u00e9s pr\u00e9matur\u00e9s et \u00e0 leurs familles.<\/p><p>O <strong>naissance pr\u00e9matur\u00e9e<\/strong> est d\u00e9finie par l'Organisation mondiale de la sant\u00e9 (OMS) comme une naissance avant 37 semaines compl\u00e8tes de gestation. Elle concerne actuellement plus de 10% des 130 millions de b\u00e9b\u00e9s dans le monde et 5 \u00e0 12% des 5 millions de b\u00e9b\u00e9s europ\u00e9ens\". (EFCNI, 2019, <em>Fiche d'information sur les naissances pr\u00e9matur\u00e9es<\/em>).<\/p><p>Les <strong>b\u00e9b\u00e9s pr\u00e9matur\u00e9s<\/strong> <strong>ou avant terme<\/strong> peuvent \u00eatre class\u00e9s en fonction de l'\u00e2ge gestationnel et du poids de naissance, la morbidit\u00e9 n\u00e9onatale \u00e9tant d'autant plus \u00e9lev\u00e9e que le b\u00e9b\u00e9 est pr\u00e9matur\u00e9 ou plus l\u00e9ger. Ainsi, la morbidit\u00e9 n\u00e9onatale <strong>pr\u00e9maturit\u00e9 \"extr\u00eame<\/strong>Les b\u00e9b\u00e9s de moins de 28 semaines de gestation font partie de la cat\u00e9gorie des \"enfants de moins de 28 semaines\".<strong>grande\" pr\u00e9maturit\u00e9<\/strong>Les personnes n\u00e9es \u00e0 moins de 32 semaines sont consid\u00e9r\u00e9es comme \u00e9tant <strong>les pr\u00e9termes \"mod\u00e9r\u00e9s\" ou \"tardifs<\/strong>\"Ils sont n\u00e9s respectivement entre 32 et 33 semaines et entre 34 et 36 semaines. Il s'agit de \"<strong>extr\u00eame insuffisance pond\u00e9rale<\/strong>\"Les b\u00e9b\u00e9s n\u00e9s avec un poids inf\u00e9rieur \u00e0 1000 grammes (g), de \"<strong>poids tr\u00e8s faible<\/strong>\"pesant moins de 1500 g, et \"<strong>faible poids<\/strong>\"entre 1500 et 2500 g.<\/p><h2><span style=\"text-decoration: underline;\"><strong>Intervention de la physioth\u00e9rapie dans la pr\u00e9maturit\u00e9 <\/strong><\/span><\/h2><p>A <strong>vuln\u00e9rabilit\u00e9<\/strong> de ces b\u00e9b\u00e9s, en raison des caract\u00e9ristiques inh\u00e9rentes \u00e0 leur pr\u00e9maturit\u00e9 et \u00e0 l'immaturit\u00e9 de leurs syst\u00e8mes organiques, nous am\u00e8ne \u00e0 anticiper certaines complications et n\u00e9cessite une surveillance \u00e9troite de leur d\u00e9veloppement, non seulement, mais particuli\u00e8rement dans le cas des grands pr\u00e9matur\u00e9s, en raison du risque accru de s\u00e9quelles associ\u00e9es \u00e0 leur \u00e9tat. <strong>L'intervention de la physioth\u00e9rapie dans cette population a montr\u00e9 des avantages<\/strong>Il doit \u00eatre commenc\u00e9 t\u00f4t, m\u00eame pendant l'hospitalisation en unit\u00e9 de soins intensifs n\u00e9onatals (USIN).<\/p><p>Les exigences de la vie et des exp\u00e9riences pr\u00e9coces doivent \u00eatre soigneusement observ\u00e9es par la personne concern\u00e9e. <strong>Physioth\u00e9rapeute,<\/strong> afin de mieux structurer leur approche, dans le but de favoriser le d\u00e9veloppement typique du b\u00e9b\u00e9, de contribuer \u00e0 son d\u00e9veloppement neuromoteur et de minimiser, voire d'\u00e9viter, les s\u00e9quelles graves.<\/p><p>A <strong>pr\u00e9maturit\u00e9<\/strong> est la cause reconnue de s\u00e9quelles majeures telles que l'infirmit\u00e9 motrice c\u00e9r\u00e9brale, les troubles cognitifs et les alt\u00e9rations neurosensorielles mod\u00e9r\u00e9es \u00e0 s\u00e9v\u00e8res. Pendant l'hospitalisation, le positionnement et les soins neuroprotecteurs sont des exemples d'intervention de la physioth\u00e9rapie et jouent un r\u00f4le fondamental dans la pr\u00e9vention ou la minimisation de ces s\u00e9quelles. L'\u00e9tat respiratoire est \u00e9galement affect\u00e9 dans cette population, avec la maladie des membranes hyalines (une maladie typique de l'immaturit\u00e9 pulmonaire) et son \u00e9volution vers la dysplasie bronchopulmonaire et la maladie pulmonaire chronique.<\/p><p>De la n\u00e9onatologie \u00e0 la maison et de la maison au monde. <strong>Physioth\u00e9rapeute<\/strong> est le professionnel de sant\u00e9 qui accompagne les premiers mois\/ann\u00e9es de vie des pr\u00e9matur\u00e9s et de leurs familles. Il est donc essentiel d'\u00e9tablir un plan de suivi interdisciplinaire apr\u00e8s la sortie de l'h\u00f4pital, qui devrait inclure une \u00e9valuation de l'\u00e9tat neurologique du b\u00e9b\u00e9, de son d\u00e9veloppement moteur, comportemental, cognitif et linguistique, afin que les signes d'alerte pr\u00e9coce puissent \u00eatre identifi\u00e9s et qu'une intervention en temps utile puisse \u00eatre effectu\u00e9e pour minimiser ou pr\u00e9venir les s\u00e9quelles.<\/p><p>Pour <strong>Physioth\u00e9rapeutes<\/strong> joue \u00e9galement le r\u00f4le d'\u00e9ducateur, car l'accompagnement de la famille est la cl\u00e9 du succ\u00e8s de leur intervention. Les nombreuses activit\u00e9s de la vie quotidienne sont autant d'occasions uniques pour la famille de s'exprimer. <strong>triade<\/strong> <strong>p\u00e8re-m\u00e8re-b\u00e9b\u00e9<\/strong> peut approfondir les relations et favoriser le d\u00e9veloppement du b\u00e9b\u00e9. Les <strong>Physioth\u00e9rapeutes<\/strong> souhaite qu'ils soient des parents mieux \u00e9quip\u00e9s, avec des outils pour favoriser le d\u00e9veloppement harmonieux de leurs \"petits guerriers\", un terme souvent utilis\u00e9 pour d\u00e9crire cette population et qui fait r\u00e9f\u00e9rence \u00e0 la r\u00e9silience des b\u00e9b\u00e9s pr\u00e9matur\u00e9s.<\/p>\t\t\t\t\t\t\t\t<\/div>\n\t\t\t\t<\/div>\n\t\t\t\t<div class=\"elementor-element elementor-element-d1a9108 elementor-widget elementor-widget-gallery\" data-id=\"d1a9108\" data-element_type=\"widget\" data-e-type=\"widget\" data-settings=\"{&quot;lazyload&quot;:&quot;yes&quot;,&quot;gallery_layout&quot;:&quot;grid&quot;,&quot;columns&quot;:4,&quot;columns_tablet&quot;:2,&quot;columns_mobile&quot;:1,&quot;gap&quot;:{&quot;unit&quot;:&quot;px&quot;,&quot;size&quot;:10,&quot;sizes&quot;:[]},&quot;gap_tablet&quot;:{&quot;unit&quot;:&quot;px&quot;,&quot;size&quot;:10,&quot;sizes&quot;:[]},&quot;gap_mobile&quot;:{&quot;unit&quot;:&quot;px&quot;,&quot;size&quot;:10,&quot;sizes&quot;:[]},&quot;link_to&quot;:&quot;file&quot;,&quot;aspect_ratio&quot;:&quot;3:2&quot;,&quot;overlay_background&quot;:&quot;yes&quot;,&quot;content_hover_animation&quot;:&quot;fade-in&quot;}\" data-widget_type=\"gallery.default\">\n\t\t\t\t<div class=\"elementor-widget-container\">\n\t\t\t\t\t\t\t<div class=\"elementor-gallery__container\">\n\t\t\t\t\t\t\t<a class=\"e-gallery-item elementor-gallery-item elementor-animated-content\" href=\"https:\/\/ordemdosfisioterapeutas.pt\/wp-content\/uploads\/2023\/11\/WPD_FB_Insta_global_no_branding_PT_Motiv_5.jpg\" data-elementor-open-lightbox=\"yes\" data-elementor-lightbox-slideshow=\"d1a9108\" data-elementor-lightbox-title=\"WPD_FB_Insta_global_no_branding_PT_Motiv_5\" data-e-action-hash=\"#elementor-action%3Aaction%3Dlightbox%26settings%3DeyJpZCI6NzA3MCwidXJsIjoiaHR0cHM6XC9cL29yZGVtZG9zZmlzaW90ZXJhcGV1dGFzLnB0XC93cC1jb250ZW50XC91cGxvYWRzXC8yMDIzXC8xMVwvV1BEX0ZCX0luc3RhX2dsb2JhbF9ub19icmFuZGluZ19QVF9Nb3Rpdl81LmpwZyIsInNsaWRlc2hvdyI6ImQxYTkxMDgifQ%3D%3D\">\n\t\t\t\t\t<div class=\"e-gallery-image elementor-gallery-item__image\" data-thumbnail=\"https:\/\/ordemdosfisioterapeutas.pt\/wp-content\/uploads\/2023\/11\/WPD_FB_Insta_global_no_branding_PT_Motiv_5-300x300.jpg\" data-width=\"300\" data-height=\"300\" aria-label=\"\" role=\"img\" ><\/div>\n\t\t\t\t\t\t\t\t\t\t\t<div class=\"elementor-gallery-item__overlay\"><\/div>\n\t\t\t\t\t\t\t\t\t\t\t\t\t\t<\/a>\n\t\t\t\t\t\t\t<a class=\"e-gallery-item elementor-gallery-item elementor-animated-content\" href=\"https:\/\/ordemdosfisioterapeutas.pt\/wp-content\/uploads\/2023\/11\/WPD_FB_Insta_Infografik_global_no_branding_PT-1.jpg\" data-elementor-open-lightbox=\"yes\" data-elementor-lightbox-slideshow=\"d1a9108\" data-elementor-lightbox-title=\"WPD_FB_Insta_Infografik_global_no_branding_PT (1)\" data-e-action-hash=\"#elementor-action%3Aaction%3Dlightbox%26settings%3DeyJpZCI6NzA2OSwidXJsIjoiaHR0cHM6XC9cL29yZGVtZG9zZmlzaW90ZXJhcGV1dGFzLnB0XC93cC1jb250ZW50XC91cGxvYWRzXC8yMDIzXC8xMVwvV1BEX0ZCX0luc3RhX0luZm9ncmFmaWtfZ2xvYmFsX25vX2JyYW5kaW5nX1BULTEuanBnIiwic2xpZGVzaG93IjoiZDFhOTEwOCJ9\">\n\t\t\t\t\t<div class=\"e-gallery-image elementor-gallery-item__image\" data-thumbnail=\"https:\/\/ordemdosfisioterapeutas.pt\/wp-content\/uploads\/2023\/11\/WPD_FB_Insta_Infografik_global_no_branding_PT-1-300x300.jpg\" data-width=\"300\" data-height=\"300\" aria-label=\"\" role=\"img\" ><\/div>\n\t\t\t\t\t\t\t\t\t\t\t<div class=\"elementor-gallery-item__overlay\"><\/div>\n\t\t\t\t\t\t\t\t\t\t\t\t\t\t<\/a>\n\t\t\t\t\t<\/div>\n\t\t\t\t\t<\/div>\n\t\t\t\t<\/div>\n\t\t\t\t\t<\/div>\n\t\t<\/div>\n\t\t\t\t\t<\/div>\n\t\t<\/section>\n\t\t\t\t<\/div>","protected":false},"excerpt":{"rendered":"<p>Ce vendredi 17 novembre est la Journ\u00e9e mondiale de la pr\u00e9maturit\u00e9, une date qui vise \u00e0 sensibiliser le public aux naissances pr\u00e9matur\u00e9es, aux d\u00e9c\u00e8s et aux s\u00e9quelles dus \u00e0 la pr\u00e9maturit\u00e9, promue par l'EFCNI - European Foundation for the Care of Newborn, une plateforme cr\u00e9\u00e9e en avril 2008 au niveau europ\u00e9en, compos\u00e9e de parents et de professionnels de la sant\u00e9, dans le but de donner une voix aux nouveau-n\u00e9s pr\u00e9matur\u00e9s et \u00e0 leurs familles.<\/p>","protected":false},"author":1,"featured_media":7067,"comment_status":"closed","ping_status":"open","sticky":false,"template":"","format":"standard","meta":{"footnotes":""},"categories":[13],"tags":[],"class_list":["post-7066","post","type-post","status-publish","format-standard","has-post-thumbnail","hentry","category-noticias"],"_links":{"self":[{"href":"https:\/\/ordemdosfisioterapeutas.pt\/fr\/wp-json\/wp\/v2\/posts\/7066","targetHints":{"allow":["GET"]}}],"collection":[{"href":"https:\/\/ordemdosfisioterapeutas.pt\/fr\/wp-json\/wp\/v2\/posts"}],"about":[{"href":"https:\/\/ordemdosfisioterapeutas.pt\/fr\/wp-json\/wp\/v2\/types\/post"}],"author":[{"embeddable":true,"href":"https:\/\/ordemdosfisioterapeutas.pt\/fr\/wp-json\/wp\/v2\/users\/1"}],"replies":[{"embeddable":true,"href":"https:\/\/ordemdosfisioterapeutas.pt\/fr\/wp-json\/wp\/v2\/comments?post=7066"}],"version-history":[{"count":0,"href":"https:\/\/ordemdosfisioterapeutas.pt\/fr\/wp-json\/wp\/v2\/posts\/7066\/revisions"}],"wp:featuredmedia":[{"embeddable":true,"href":"https:\/\/ordemdosfisioterapeutas.pt\/fr\/wp-json\/wp\/v2\/media\/7067"}],"wp:attachment":[{"href":"https:\/\/ordemdosfisioterapeutas.pt\/fr\/wp-json\/wp\/v2\/media?parent=7066"}],"wp:term":[{"taxonomy":"category","embeddable":true,"href":"https:\/\/ordemdosfisioterapeutas.pt\/fr\/wp-json\/wp\/v2\/categories?post=7066"},{"taxonomy":"post_tag","embeddable":true,"href":"https:\/\/ordemdosfisioterapeutas.pt\/fr\/wp-json\/wp\/v2\/tags?post=7066"}],"curies":[{"name":"wp","href":"https:\/\/api.w.org\/{rel}","templated":true}]}}