{"id":6986,"date":"2023-10-30T17:40:14","date_gmt":"2023-10-30T17:40:14","guid":{"rendered":"https:\/\/ordemdosfisioterapeutas.pt\/?p=6986"},"modified":"2023-10-30T17:40:53","modified_gmt":"2023-10-30T17:40:53","slug":"ordem-dos-fisioterapeutas-presente-na-2-a-edicao-das-jornadas-nacionais-da-fisioterapia-invasiva","status":"publish","type":"post","link":"https:\/\/ordemdosfisioterapeutas.pt\/fr\/noticias\/ordem-dos-fisioterapeutas-presente-na-2-a-edicao-das-jornadas-nacionais-da-fisioterapia-invasiva\/","title":{"rendered":"L'Ordre des physioth\u00e9rapeutes pr\u00e9sent \u00e0 la 2e conf\u00e9rence nationale sur la physioth\u00e9rapie invasive"},"content":{"rendered":"<div data-elementor-type=\"wp-post\" data-elementor-id=\"6986\" class=\"elementor elementor-6986\" data-elementor-post-type=\"post\">\n\t\t\t\t\t\t<section class=\"elementor-section elementor-top-section elementor-element elementor-element-dcf2954 elementor-section-boxed elementor-section-height-default elementor-section-height-default\" data-id=\"dcf2954\" data-element_type=\"section\" data-e-type=\"section\">\n\t\t\t\t\t\t<div class=\"elementor-container elementor-column-gap-default\">\n\t\t\t\t\t<div class=\"elementor-column elementor-col-100 elementor-top-column elementor-element elementor-element-563c7d2\" data-id=\"563c7d2\" data-element_type=\"column\" data-e-type=\"column\">\n\t\t\t<div class=\"elementor-widget-wrap elementor-element-populated\">\n\t\t\t\t\t\t<div class=\"elementor-element elementor-element-39ccb3d elementor-widget elementor-widget-text-editor\" data-id=\"39ccb3d\" data-element_type=\"widget\" data-e-type=\"widget\" data-widget_type=\"text-editor.default\">\n\t\t\t\t<div class=\"elementor-widget-container\">\n\t\t\t\t\t\t\t\t\t<p style=\"font-weight: 400;\">L'Ordre des kin\u00e9sith\u00e9rapeutes \u00e9tait pr\u00e9sent aujourd'hui \u00e0 la deuxi\u00e8me \u00e9dition des Journ\u00e9es nationales de kin\u00e9sith\u00e9rapie invasive. Afonso Neutel, membre du Conseil d'administration, a particip\u00e9 \u00e0 la c\u00e9r\u00e9monie d'ouverture.<\/p><p style=\"font-weight: 400;\">Dans son discours lors de la c\u00e9r\u00e9monie d'ouverture, il a soulign\u00e9 que \"le kin\u00e9sith\u00e9rapeute est un professionnel de la sant\u00e9, et la kin\u00e9sith\u00e9rapie est une discipline scientifique, qui doit placer l'utilisateur et la personne au centre de son processus, en s'appuyant sur des preuves solides qui garantissent la d\u00e9fense du citoyen\".<\/p><p style=\"font-weight: 400;\">Dans ce discours, il a \u00e9galement \u00e9t\u00e9 mentionn\u00e9 que \"le processus de physioth\u00e9rapie est l'application de la science et de la physioth\u00e9rapie, et qu'il devrait \u00eatre transversal \u00e0 tous les domaines d'intervention\".<\/p><p style=\"font-weight: 400;\">\u00c0 l'occasion de ces journ\u00e9es, Afonso Neutel a profit\u00e9 de l'occasion pour signaler que des travaux sont en cours pour cr\u00e9er un syst\u00e8me d'\u00e9valuation et d'accr\u00e9ditation de la formation postuniversitaire, parall\u00e8lement \u00e0 la cr\u00e9ation d'un cadre de sp\u00e9cialit\u00e9s<\/p>\t\t\t\t\t\t\t\t<\/div>\n\t\t\t\t<\/div>\n\t\t\t\t\t<\/div>\n\t\t<\/div>\n\t\t\t\t\t<\/div>\n\t\t<\/section>\n\t\t\t\t<\/div>","protected":false},"excerpt":{"rendered":"<p>L'Ordre des kin\u00e9sith\u00e9rapeutes \u00e9tait pr\u00e9sent aujourd'hui \u00e0 la deuxi\u00e8me \u00e9dition des Journ\u00e9es nationales de kin\u00e9sith\u00e9rapie invasive. Afonso Neutel, membre du Conseil d'administration, a particip\u00e9 \u00e0 la c\u00e9r\u00e9monie d'ouverture.<\/p>","protected":false},"author":1,"featured_media":6987,"comment_status":"closed","ping_status":"open","sticky":false,"template":"","format":"standard","meta":{"footnotes":""},"categories":[13],"tags":[],"class_list":["post-6986","post","type-post","status-publish","format-standard","has-post-thumbnail","hentry","category-noticias"],"_links":{"self":[{"href":"https:\/\/ordemdosfisioterapeutas.pt\/fr\/wp-json\/wp\/v2\/posts\/6986","targetHints":{"allow":["GET"]}}],"collection":[{"href":"https:\/\/ordemdosfisioterapeutas.pt\/fr\/wp-json\/wp\/v2\/posts"}],"about":[{"href":"https:\/\/ordemdosfisioterapeutas.pt\/fr\/wp-json\/wp\/v2\/types\/post"}],"author":[{"embeddable":true,"href":"https:\/\/ordemdosfisioterapeutas.pt\/fr\/wp-json\/wp\/v2\/users\/1"}],"replies":[{"embeddable":true,"href":"https:\/\/ordemdosfisioterapeutas.pt\/fr\/wp-json\/wp\/v2\/comments?post=6986"}],"version-history":[{"count":0,"href":"https:\/\/ordemdosfisioterapeutas.pt\/fr\/wp-json\/wp\/v2\/posts\/6986\/revisions"}],"wp:featuredmedia":[{"embeddable":true,"href":"https:\/\/ordemdosfisioterapeutas.pt\/fr\/wp-json\/wp\/v2\/media\/6987"}],"wp:attachment":[{"href":"https:\/\/ordemdosfisioterapeutas.pt\/fr\/wp-json\/wp\/v2\/media?parent=6986"}],"wp:term":[{"taxonomy":"category","embeddable":true,"href":"https:\/\/ordemdosfisioterapeutas.pt\/fr\/wp-json\/wp\/v2\/categories?post=6986"},{"taxonomy":"post_tag","embeddable":true,"href":"https:\/\/ordemdosfisioterapeutas.pt\/fr\/wp-json\/wp\/v2\/tags?post=6986"}],"curies":[{"name":"wp","href":"https:\/\/api.w.org\/{rel}","templated":true}]}}