{"id":6964,"date":"2023-10-30T08:00:00","date_gmt":"2023-10-30T08:00:00","guid":{"rendered":"https:\/\/ordemdosfisioterapeutas.pt\/?p=6964"},"modified":"2023-10-27T15:30:27","modified_gmt":"2023-10-27T14:30:27","slug":"cancro-da-mama-depois-do-diagnostico-como-pode-a-fisioterapia-ajudar","status":"publish","type":"post","link":"https:\/\/ordemdosfisioterapeutas.pt\/fr\/noticias\/cancro-da-mama-depois-do-diagnostico-como-pode-a-fisioterapia-ajudar\/","title":{"rendered":"Cancer du sein : apr\u00e8s le diagnostic, comment la physioth\u00e9rapie peut-elle aider ?"},"content":{"rendered":"<div data-elementor-type=\"wp-post\" data-elementor-id=\"6964\" class=\"elementor elementor-6964\" data-elementor-post-type=\"post\">\n\t\t\t\t\t\t<section class=\"elementor-section elementor-top-section elementor-element elementor-element-0c2c902 elementor-section-boxed elementor-section-height-default elementor-section-height-default\" data-id=\"0c2c902\" data-element_type=\"section\" data-e-type=\"section\">\n\t\t\t\t\t\t<div class=\"elementor-container elementor-column-gap-default\">\n\t\t\t\t\t<div class=\"elementor-column elementor-col-100 elementor-top-column elementor-element elementor-element-a8f9108\" data-id=\"a8f9108\" data-element_type=\"column\" data-e-type=\"column\">\n\t\t\t<div class=\"elementor-widget-wrap elementor-element-populated\">\n\t\t\t\t\t\t<div class=\"elementor-element elementor-element-6abca02 elementor-widget elementor-widget-text-editor\" data-id=\"6abca02\" data-element_type=\"widget\" data-e-type=\"widget\" data-widget_type=\"text-editor.default\">\n\t\t\t\t<div class=\"elementor-widget-container\">\n\t\t\t\t\t\t\t\t\t<p>Les physioth\u00e9rapeutes travaillent avec les survivantes du cancer du sein d\u00e8s le moment o\u00f9 elles sont diagnostiqu\u00e9es et tout au long de leurs soins.<\/p><p>Les objectifs de leur intervention concernent tous les stades de la survie et sont fondamentaux :<\/p><ul><li>renforcer la n\u00e9cessit\u00e9 d'adopter des habitudes de vie saines ;<\/li><li>pr\u00e9venir l'apparition de complications li\u00e9es \u00e0 la pathologie et aux traitements associ\u00e9s ;<\/li><li>minimiser leur effet sur la fonctionnalit\u00e9 ;<\/li><li>maximiser la fonctionnalit\u00e9 (dimensions physique, \u00e9motionnelle, sociale et professionnelle) ;<\/li><li>am\u00e9liorer la qualit\u00e9 de vie.<\/li><\/ul><p><strong>L'Ordre des physioth\u00e9rapeutes s'associe \u00e0 Octobre rose <\/strong><\/p><p>Octobre rose est un mouvement visant \u00e0 sensibiliser la soci\u00e9t\u00e9 \u00e0 la pr\u00e9vention du cancer du sein et \u00e0 la lutte contre cette maladie.<\/p><p>L'Ordre des kin\u00e9sith\u00e9rapeutes s'associe \u00e0 cette initiative en rappelant que le cancer du sein est un probl\u00e8me de sant\u00e9 publique et qu'il est le plus fr\u00e9quent dans le monde.\u00a0<\/p><p>\u00a0\u00a0\u00a0\u00a0\u00a0\u00a0 Au Portugal, c'est le cancer dont l'incidence, la mortalit\u00e9 et la pr\u00e9valence associ\u00e9e sont les plus \u00e9lev\u00e9es chez les femmes.<\/p>\t\t\t\t\t\t\t\t<\/div>\n\t\t\t\t<\/div>\n\t\t\t\t\t<\/div>\n\t\t<\/div>\n\t\t\t\t\t<\/div>\n\t\t<\/section>\n\t\t\t\t<\/div>","protected":false},"excerpt":{"rendered":"<p>Les physioth\u00e9rapeutes travaillent avec les survivantes du cancer du sein d\u00e8s le moment o\u00f9 elles sont diagnostiqu\u00e9es et tout au long de leurs soins.<\/p>","protected":false},"author":1,"featured_media":6965,"comment_status":"closed","ping_status":"open","sticky":false,"template":"","format":"standard","meta":{"footnotes":""},"categories":[13],"tags":[],"class_list":["post-6964","post","type-post","status-publish","format-standard","has-post-thumbnail","hentry","category-noticias"],"_links":{"self":[{"href":"https:\/\/ordemdosfisioterapeutas.pt\/fr\/wp-json\/wp\/v2\/posts\/6964","targetHints":{"allow":["GET"]}}],"collection":[{"href":"https:\/\/ordemdosfisioterapeutas.pt\/fr\/wp-json\/wp\/v2\/posts"}],"about":[{"href":"https:\/\/ordemdosfisioterapeutas.pt\/fr\/wp-json\/wp\/v2\/types\/post"}],"author":[{"embeddable":true,"href":"https:\/\/ordemdosfisioterapeutas.pt\/fr\/wp-json\/wp\/v2\/users\/1"}],"replies":[{"embeddable":true,"href":"https:\/\/ordemdosfisioterapeutas.pt\/fr\/wp-json\/wp\/v2\/comments?post=6964"}],"version-history":[{"count":0,"href":"https:\/\/ordemdosfisioterapeutas.pt\/fr\/wp-json\/wp\/v2\/posts\/6964\/revisions"}],"wp:featuredmedia":[{"embeddable":true,"href":"https:\/\/ordemdosfisioterapeutas.pt\/fr\/wp-json\/wp\/v2\/media\/6965"}],"wp:attachment":[{"href":"https:\/\/ordemdosfisioterapeutas.pt\/fr\/wp-json\/wp\/v2\/media?parent=6964"}],"wp:term":[{"taxonomy":"category","embeddable":true,"href":"https:\/\/ordemdosfisioterapeutas.pt\/fr\/wp-json\/wp\/v2\/categories?post=6964"},{"taxonomy":"post_tag","embeddable":true,"href":"https:\/\/ordemdosfisioterapeutas.pt\/fr\/wp-json\/wp\/v2\/tags?post=6964"}],"curies":[{"name":"wp","href":"https:\/\/api.w.org\/{rel}","templated":true}]}}