{"id":6958,"date":"2023-10-26T21:38:15","date_gmt":"2023-10-26T20:38:15","guid":{"rendered":"https:\/\/ordemdosfisioterapeutas.pt\/?p=6958"},"modified":"2023-10-26T21:39:53","modified_gmt":"2023-10-26T20:39:53","slug":"bastonario-no-20o-aniversario-da-escola-superior-de-saude-jean-piaget-vila-nova-de-gaia","status":"publish","type":"post","link":"https:\/\/ordemdosfisioterapeutas.pt\/fr\/noticias\/bastonario-no-20o-aniversario-da-escola-superior-de-saude-jean-piaget-vila-nova-de-gaia\/","title":{"rendered":"Pr\u00e9sident au 20\u00e8me anniversaire de l'\u00e9cole de sant\u00e9 Jean Piaget - Vila Nova de Gaia"},"content":{"rendered":"<div data-elementor-type=\"wp-post\" data-elementor-id=\"6958\" class=\"elementor elementor-6958\" data-elementor-post-type=\"post\">\n\t\t\t\t\t\t<section class=\"elementor-section elementor-top-section elementor-element elementor-element-0ded0a5 elementor-section-boxed elementor-section-height-default elementor-section-height-default\" data-id=\"0ded0a5\" data-element_type=\"section\" data-e-type=\"section\">\n\t\t\t\t\t\t<div class=\"elementor-container elementor-column-gap-default\">\n\t\t\t\t\t<div class=\"elementor-column elementor-col-100 elementor-top-column elementor-element elementor-element-a06c4be\" data-id=\"a06c4be\" data-element_type=\"column\" data-e-type=\"column\">\n\t\t\t<div class=\"elementor-widget-wrap elementor-element-populated\">\n\t\t\t\t\t\t<div class=\"elementor-element elementor-element-604456d elementor-widget elementor-widget-text-editor\" data-id=\"604456d\" data-element_type=\"widget\" data-e-type=\"widget\" data-widget_type=\"text-editor.default\">\n\t\t\t\t<div class=\"elementor-widget-container\">\n\t\t\t\t\t\t\t\t\t<p>Le pr\u00e9sident Ant\u00f3nio Lopes a particip\u00e9 \u00e0 la c\u00e9r\u00e9monie de comm\u00e9moration de l'anniversaire de la fondation de l'Union europ\u00e9enne. <span style=\"text-decoration: underline;\"><a href=\"https:\/\/ipiaget.org\/ess-jp-de-v-n-de-gaia-celebra-20o-aniversario-no-dia-26-de-outubro\/\" target=\"_blank\" rel=\"noopener\">Les 20 ans de l'\u00e9cole de sant\u00e9 Jean Piaget - Vila Nova de Gaia<\/a><\/span>le 26 octobre.<\/p><p>\u00a0<\/p><p>Dans son discours lors de la s\u00e9ance d'ouverture, il a d\u00e9clar\u00e9 qu'il \u00e9tait essentiel que l'Ordre des physioth\u00e9rapeutes collabore avec des \u00e9tablissements d'enseignement sup\u00e9rieur proposant des cours agr\u00e9\u00e9s afin de remplir sa mission statutaire, \u00e0 savoir \"...<em>promouvoir le d\u00e9veloppement du domaine scientifique de la physioth\u00e9rapie et de son enseignement<\/em>\".<\/p><p>Il a ajout\u00e9 qu'en tant que responsables des formations dipl\u00f4mantes donnant acc\u00e8s \u00e0 la profession de kin\u00e9sith\u00e9rapeute, les \u00e9tablissements d'enseignement sup\u00e9rieur assument la responsabilit\u00e9 de mettre sur le march\u00e9 du travail des professionnels comp\u00e9tents et d\u00fbment qualifi\u00e9s, tandis que l'Ordre est responsable de l'octroi du titre professionnel et, par cons\u00e9quent, de la d\u00e9finition du profil professionnel et des normes de qualit\u00e9 pour la prestation de soins autonomes, dans le respect des valeurs \u00e9thiques requises.<\/p><p>\u00c0 l'occasion du 20e anniversaire de l'Escola Superior de Sa\u00fade Jean Piaget - Vila Nova de Gaia, le pr\u00e9sident a profit\u00e9 de l'occasion pour annoncer que des travaux sont en cours pour cr\u00e9er un syst\u00e8me d'\u00e9valuation et d'accr\u00e9ditation de la formation postuniversitaire, en association avec la cr\u00e9ation d'un cadre de sp\u00e9cialit\u00e9s, en veillant \u00e0 ce que tout le monde soit appel\u00e9 \u00e0 collaborer au d\u00e9bat public sur ces projets, comme cela a \u00e9t\u00e9 le cas pour le projet de l'Escola Superior de Sa\u00fade Jean Piaget. <a href=\"https:\/\/ordemdosfisioterapeutas.pt\/wp-content\/uploads\/2023\/05\/ato-dre.pdf\" target=\"_blank\" rel=\"noopener\">R\u00e8glement de la loi sur les physioth\u00e9rapeutes<\/a>avec le <a href=\"https:\/\/ordemdosfisioterapeutas.pt\/wp-content\/uploads\/2023\/05\/codigo-dre.pdf\" target=\"_blank\" rel=\"noopener\">Code d'\u00e9thique<\/a> et avec <a href=\"https:\/\/ordemdosfisioterapeutas.pt\/wp-content\/uploads\/2023\/05\/regulamento-disciplinar-dre.pdf\" target=\"_blank\" rel=\"noopener\">R\u00e8glement disciplinaire<\/a>.<\/p><p>L'\u00e9tablissement propose actuellement un programme de physioth\u00e9rapie, entre autres.<\/p>\t\t\t\t\t\t\t\t<\/div>\n\t\t\t\t<\/div>\n\t\t\t\t\t<\/div>\n\t\t<\/div>\n\t\t\t\t\t<\/div>\n\t\t<\/section>\n\t\t\t\t<\/div>","protected":false},"excerpt":{"rendered":"<p>Ant\u00f3nio Lopes a particip\u00e9 \u00e0 la c\u00e9r\u00e9monie comm\u00e9morant le 20e anniversaire de l'\u00e9cole de sant\u00e9 Jean Piaget - Vila Nova de Gaia, le 26 octobre.<\/p>","protected":false},"author":1,"featured_media":6959,"comment_status":"closed","ping_status":"open","sticky":false,"template":"","format":"standard","meta":{"footnotes":""},"categories":[13],"tags":[],"class_list":["post-6958","post","type-post","status-publish","format-standard","has-post-thumbnail","hentry","category-noticias"],"_links":{"self":[{"href":"https:\/\/ordemdosfisioterapeutas.pt\/fr\/wp-json\/wp\/v2\/posts\/6958","targetHints":{"allow":["GET"]}}],"collection":[{"href":"https:\/\/ordemdosfisioterapeutas.pt\/fr\/wp-json\/wp\/v2\/posts"}],"about":[{"href":"https:\/\/ordemdosfisioterapeutas.pt\/fr\/wp-json\/wp\/v2\/types\/post"}],"author":[{"embeddable":true,"href":"https:\/\/ordemdosfisioterapeutas.pt\/fr\/wp-json\/wp\/v2\/users\/1"}],"replies":[{"embeddable":true,"href":"https:\/\/ordemdosfisioterapeutas.pt\/fr\/wp-json\/wp\/v2\/comments?post=6958"}],"version-history":[{"count":0,"href":"https:\/\/ordemdosfisioterapeutas.pt\/fr\/wp-json\/wp\/v2\/posts\/6958\/revisions"}],"wp:featuredmedia":[{"embeddable":true,"href":"https:\/\/ordemdosfisioterapeutas.pt\/fr\/wp-json\/wp\/v2\/media\/6959"}],"wp:attachment":[{"href":"https:\/\/ordemdosfisioterapeutas.pt\/fr\/wp-json\/wp\/v2\/media?parent=6958"}],"wp:term":[{"taxonomy":"category","embeddable":true,"href":"https:\/\/ordemdosfisioterapeutas.pt\/fr\/wp-json\/wp\/v2\/categories?post=6958"},{"taxonomy":"post_tag","embeddable":true,"href":"https:\/\/ordemdosfisioterapeutas.pt\/fr\/wp-json\/wp\/v2\/tags?post=6958"}],"curies":[{"name":"wp","href":"https:\/\/api.w.org\/{rel}","templated":true}]}}