{"id":6916,"date":"2023-10-14T08:00:00","date_gmt":"2023-10-14T07:00:00","guid":{"rendered":"https:\/\/ordemdosfisioterapeutas.pt\/?p=6916"},"modified":"2023-10-13T19:59:23","modified_gmt":"2023-10-13T18:59:23","slug":"ordem-dos-fisioterapeutas-assinala-papel-da-fisioterapia-em-cuidados-paliativos","status":"publish","type":"post","link":"https:\/\/ordemdosfisioterapeutas.pt\/fr\/noticias\/ordem-dos-fisioterapeutas-assinala-papel-da-fisioterapia-em-cuidados-paliativos\/","title":{"rendered":"L'Ordre des physioth\u00e9rapeutes souligne le r\u00f4le de la physioth\u00e9rapie dans les soins palliatifs"},"content":{"rendered":"<div data-elementor-type=\"wp-post\" data-elementor-id=\"6916\" class=\"elementor elementor-6916\" data-elementor-post-type=\"post\">\n\t\t\t\t\t\t<section class=\"elementor-section elementor-top-section elementor-element elementor-element-fc2767e elementor-section-boxed elementor-section-height-default elementor-section-height-default\" data-id=\"fc2767e\" data-element_type=\"section\" data-e-type=\"section\">\n\t\t\t\t\t\t<div class=\"elementor-container elementor-column-gap-default\">\n\t\t\t\t\t<div class=\"elementor-column elementor-col-100 elementor-top-column elementor-element elementor-element-75fe1f4\" data-id=\"75fe1f4\" data-element_type=\"column\" data-e-type=\"column\">\n\t\t\t<div class=\"elementor-widget-wrap elementor-element-populated\">\n\t\t\t\t\t\t<div class=\"elementor-element elementor-element-169b1c9 elementor-widget elementor-widget-text-editor\" data-id=\"169b1c9\" data-element_type=\"widget\" data-e-type=\"widget\" data-widget_type=\"text-editor.default\">\n\t\t\t\t<div class=\"elementor-widget-container\">\n\t\t\t\t\t\t\t\t\t<p>Ce samedi 14 octobre marque le <strong>Journ\u00e9e mondiale des soins palliatifs<\/strong>Il s'agit d'une date internationalement reconnue pour c\u00e9l\u00e9brer et sensibiliser \u00e0 l'importance de l'acc\u00e8s \u00e0 l'eau potable et \u00e0 l'assainissement. <strong>Soins palliatifs<\/strong>.<\/p><p>L'Organisation mondiale de la sant\u00e9 (OMS) estime que d'ici 2060, le nombre de personnes ayant des besoins palliatifs dans le monde aura doubl\u00e9.<\/p><p>Au Portugal, seules 30% des personnes ayant des besoins palliatifs ont acc\u00e8s \u00e0 des services de soins palliatifs. <strong>Soins palliatifs<\/strong> sp\u00e9cialis\u00e9e.<\/p><p><strong>La physioth\u00e9rapie peut aider<\/strong><\/p><p>Saviez-vous que tous les patients en soins palliatifs ne sont pas alit\u00e9s ?<\/p><p>En fait, l'OMS recommande de mener une vie aussi active que possible jusqu'\u00e0 la mort.<\/p><p>Pour r\u00e9pondre \u00e0 cette recommandation, la <strong>Physioth\u00e9rapie<\/strong> s'est impos\u00e9e comme une intervention d'excellence pour le contr\u00f4le non pharmacologique des sympt\u00f4mes et l'am\u00e9lioration du bien-\u00eatre et de la qualit\u00e9 de vie, jusqu'\u00e0 la mort. L'objectif principal de la <strong>Physioth\u00e9rapeute,<\/strong> dans ce contexte, est la promotion de l'autonomie et de l'ind\u00e9pendance, avec la fonction qui existe \u00e0 tout moment.<\/p><p>Des preuves scientifiques attestent des bienfaits de la <strong>La physioth\u00e9rapie dans les soins palliatifs<\/strong> dans la gestion de divers sympt\u00f4mes tels que la mobilit\u00e9 r\u00e9duite, la fatigue, la douleur, les sympt\u00f4mes respiratoires, l'anxi\u00e9t\u00e9 et la d\u00e9pression. Nous savons \u00e9galement que les physioth\u00e9rapeutes contribuent activement \u00e0 une fin de vie plus significative et plus satisfaisante.<\/p>\t\t\t\t\t\t\t\t<\/div>\n\t\t\t\t<\/div>\n\t\t\t\t\t<\/div>\n\t\t<\/div>\n\t\t\t\t\t<\/div>\n\t\t<\/section>\n\t\t\t\t<\/div>","protected":false},"excerpt":{"rendered":"<p>Ce samedi 14 octobre est la Journ\u00e9e mondiale des soins palliatifs, une date fix\u00e9e au niveau international pour c\u00e9l\u00e9brer l'importance de l'acc\u00e8s aux soins palliatifs et sensibiliser le public \u00e0 cette question.<\/p>","protected":false},"author":1,"featured_media":6917,"comment_status":"closed","ping_status":"open","sticky":false,"template":"","format":"standard","meta":{"footnotes":""},"categories":[13],"tags":[],"class_list":["post-6916","post","type-post","status-publish","format-standard","has-post-thumbnail","hentry","category-noticias"],"_links":{"self":[{"href":"https:\/\/ordemdosfisioterapeutas.pt\/fr\/wp-json\/wp\/v2\/posts\/6916","targetHints":{"allow":["GET"]}}],"collection":[{"href":"https:\/\/ordemdosfisioterapeutas.pt\/fr\/wp-json\/wp\/v2\/posts"}],"about":[{"href":"https:\/\/ordemdosfisioterapeutas.pt\/fr\/wp-json\/wp\/v2\/types\/post"}],"author":[{"embeddable":true,"href":"https:\/\/ordemdosfisioterapeutas.pt\/fr\/wp-json\/wp\/v2\/users\/1"}],"replies":[{"embeddable":true,"href":"https:\/\/ordemdosfisioterapeutas.pt\/fr\/wp-json\/wp\/v2\/comments?post=6916"}],"version-history":[{"count":0,"href":"https:\/\/ordemdosfisioterapeutas.pt\/fr\/wp-json\/wp\/v2\/posts\/6916\/revisions"}],"wp:featuredmedia":[{"embeddable":true,"href":"https:\/\/ordemdosfisioterapeutas.pt\/fr\/wp-json\/wp\/v2\/media\/6917"}],"wp:attachment":[{"href":"https:\/\/ordemdosfisioterapeutas.pt\/fr\/wp-json\/wp\/v2\/media?parent=6916"}],"wp:term":[{"taxonomy":"category","embeddable":true,"href":"https:\/\/ordemdosfisioterapeutas.pt\/fr\/wp-json\/wp\/v2\/categories?post=6916"},{"taxonomy":"post_tag","embeddable":true,"href":"https:\/\/ordemdosfisioterapeutas.pt\/fr\/wp-json\/wp\/v2\/tags?post=6916"}],"curies":[{"name":"wp","href":"https:\/\/api.w.org\/{rel}","templated":true}]}}