{"id":6463,"date":"2023-09-08T09:59:37","date_gmt":"2023-09-08T08:59:37","guid":{"rendered":"https:\/\/ordemdosfisioterapeutas.pt\/?p=6463"},"modified":"2023-09-29T15:50:38","modified_gmt":"2023-09-29T14:50:38","slug":"dia-mundial-da-fisioterapia-2023","status":"publish","type":"post","link":"https:\/\/ordemdosfisioterapeutas.pt\/fr\/noticias\/dia-mundial-da-fisioterapia-2023\/","title":{"rendered":"Journ\u00e9e mondiale de la physioth\u00e9rapie 2023"},"content":{"rendered":"<div data-elementor-type=\"wp-post\" data-elementor-id=\"6463\" class=\"elementor elementor-6463\" data-elementor-post-type=\"post\">\n\t\t\t\t\t\t<section class=\"elementor-section elementor-top-section elementor-element elementor-element-cff2410 elementor-section-boxed elementor-section-height-default elementor-section-height-default\" data-id=\"cff2410\" data-element_type=\"section\" data-e-type=\"section\">\n\t\t\t\t\t\t<div class=\"elementor-container elementor-column-gap-default\">\n\t\t\t\t\t<div class=\"elementor-column elementor-col-100 elementor-top-column elementor-element elementor-element-6230c9a\" data-id=\"6230c9a\" data-element_type=\"column\" data-e-type=\"column\">\n\t\t\t<div class=\"elementor-widget-wrap elementor-element-populated\">\n\t\t\t\t\t\t<div class=\"elementor-element elementor-element-964afc1 elementor-widget__width-initial elementor-widget elementor-widget-text-editor\" data-id=\"964afc1\" data-element_type=\"widget\" data-e-type=\"widget\" data-widget_type=\"text-editor.default\">\n\t\t\t\t<div class=\"elementor-widget-container\">\n\t\t\t\t\t\t\t\t\t<p>Aujourd'hui, c'est la Journ\u00e9e mondiale de la physioth\u00e9rapie !<\/p><p>Cette journ\u00e9e est l'occasion d'honorer les physioth\u00e9rapeutes en tant que professionnels de la sant\u00e9.\u00a0<\/p><p>Cette ann\u00e9e, l'\u00e9ph\u00e9m\u00e9ride, institu\u00e9e par World Physiotherapy, est consacr\u00e9e \u00e0 l'arthrite, avec un examen approfondi de certaines formes d'arthrite inflammatoire, dont la polyarthrite rhumato\u00efde et la spondylarthrite axiale.<\/p><p>L'Ordre des kin\u00e9sith\u00e9rapeutes souligne le r\u00f4le d\u00e9terminant des kin\u00e9sith\u00e9rapeutes dans le traitement et la prise en charge des personnes atteintes de ce trouble de la sant\u00e9 pour l'am\u00e9lioration de la sant\u00e9 des usagers en g\u00e9n\u00e9ral.<\/p><p><u>La journ\u00e9e mondiale de la physioth\u00e9rapie en images<\/u><\/p><p>L'Ordre des physioth\u00e9rapeutes invite ses membres \u00e0 s'associer \u00e0 l'initiative \"La Journ\u00e9e mondiale de la physioth\u00e9rapie en images\" en partageant avec nous des photographies illustrant les c\u00e9l\u00e9brations, en remplissant ce formulaire. <span style=\"text-decoration: underline;\"><a href=\"https:\/\/bit.ly\/Eu_no_Dia_Mundial_Fisioterapia_2023\" target=\"_blank\" rel=\"noopener\">formulaire<\/a><\/span>. Les photographies s\u00e9lectionn\u00e9es seront publi\u00e9es sur le site web de l'Ordre.<\/p>\t\t\t\t\t\t\t\t<\/div>\n\t\t\t\t<\/div>\n\t\t\t\t<div class=\"elementor-element elementor-element-cbc9e48 elementor-widget elementor-widget-gallery\" data-id=\"cbc9e48\" data-element_type=\"widget\" data-e-type=\"widget\" data-settings=\"{&quot;lazyload&quot;:&quot;yes&quot;,&quot;gallery_layout&quot;:&quot;grid&quot;,&quot;columns&quot;:4,&quot;columns_tablet&quot;:2,&quot;columns_mobile&quot;:1,&quot;gap&quot;:{&quot;unit&quot;:&quot;px&quot;,&quot;size&quot;:10,&quot;sizes&quot;:[]},&quot;gap_tablet&quot;:{&quot;unit&quot;:&quot;px&quot;,&quot;size&quot;:10,&quot;sizes&quot;:[]},&quot;gap_mobile&quot;:{&quot;unit&quot;:&quot;px&quot;,&quot;size&quot;:10,&quot;sizes&quot;:[]},&quot;link_to&quot;:&quot;file&quot;,&quot;aspect_ratio&quot;:&quot;3:2&quot;,&quot;overlay_background&quot;:&quot;yes&quot;,&quot;content_hover_animation&quot;:&quot;fade-in&quot;}\" data-widget_type=\"gallery.default\">\n\t\t\t\t<div class=\"elementor-widget-container\">\n\t\t\t\t\t\t\t<div class=\"elementor-gallery__container\">\n\t\t\t\t\t\t\t<a class=\"e-gallery-item elementor-gallery-item elementor-animated-content\" href=\"https:\/\/ordemdosfisioterapeutas.pt\/wp-content\/uploads\/2023\/09\/Dia-da-Fisioterapia_3.jpg\" data-elementor-open-lightbox=\"yes\" data-elementor-lightbox-slideshow=\"cbc9e48\" data-elementor-lightbox-title=\"Dia da Fisioterapia_3\" data-e-action-hash=\"#elementor-action%3Aaction%3Dlightbox%26settings%3DeyJpZCI6NjgwOCwidXJsIjoiaHR0cHM6XC9cL29yZGVtZG9zZmlzaW90ZXJhcGV1dGFzLnB0XC93cC1jb250ZW50XC91cGxvYWRzXC8yMDIzXC8wOVwvRGlhLWRhLUZpc2lvdGVyYXBpYV8zLmpwZyIsInNsaWRlc2hvdyI6ImNiYzllNDgifQ%3D%3D\">\n\t\t\t\t\t<div class=\"e-gallery-image elementor-gallery-item__image\" data-thumbnail=\"https:\/\/ordemdosfisioterapeutas.pt\/wp-content\/uploads\/2023\/09\/Dia-da-Fisioterapia_3-225x300.jpg\" data-width=\"225\" data-height=\"300\" aria-label=\"\" role=\"img\" ><\/div>\n\t\t\t\t\t\t\t\t\t\t\t<div class=\"elementor-gallery-item__overlay\"><\/div>\n\t\t\t\t\t\t\t\t\t\t\t\t\t\t<\/a>\n\t\t\t\t\t\t\t<a class=\"e-gallery-item elementor-gallery-item elementor-animated-content\" href=\"https:\/\/ordemdosfisioterapeutas.pt\/wp-content\/uploads\/2023\/09\/Dia-da-Fisioterapia_2.jpg\" data-elementor-open-lightbox=\"yes\" data-elementor-lightbox-slideshow=\"cbc9e48\" data-elementor-lightbox-title=\"Dia da Fisioterapia_2\" data-e-action-hash=\"#elementor-action%3Aaction%3Dlightbox%26settings%3DeyJpZCI6NjgwOSwidXJsIjoiaHR0cHM6XC9cL29yZGVtZG9zZmlzaW90ZXJhcGV1dGFzLnB0XC93cC1jb250ZW50XC91cGxvYWRzXC8yMDIzXC8wOVwvRGlhLWRhLUZpc2lvdGVyYXBpYV8yLmpwZyIsInNsaWRlc2hvdyI6ImNiYzllNDgifQ%3D%3D\">\n\t\t\t\t\t<div class=\"e-gallery-image elementor-gallery-item__image\" data-thumbnail=\"https:\/\/ordemdosfisioterapeutas.pt\/wp-content\/uploads\/2023\/09\/Dia-da-Fisioterapia_2-169x300.jpg\" data-width=\"169\" data-height=\"300\" aria-label=\"\" role=\"img\" ><\/div>\n\t\t\t\t\t\t\t\t\t\t\t<div class=\"elementor-gallery-item__overlay\"><\/div>\n\t\t\t\t\t\t\t\t\t\t\t\t\t\t<\/a>\n\t\t\t\t\t\t\t<a class=\"e-gallery-item elementor-gallery-item elementor-animated-content\" href=\"https:\/\/ordemdosfisioterapeutas.pt\/wp-content\/uploads\/2023\/09\/Dia-da-Fisioterapia_1.jpg\" data-elementor-open-lightbox=\"yes\" data-elementor-lightbox-slideshow=\"cbc9e48\" data-elementor-lightbox-title=\"Dia da Fisioterapia_1\" data-e-action-hash=\"#elementor-action%3Aaction%3Dlightbox%26settings%3DeyJpZCI6NjgxMCwidXJsIjoiaHR0cHM6XC9cL29yZGVtZG9zZmlzaW90ZXJhcGV1dGFzLnB0XC93cC1jb250ZW50XC91cGxvYWRzXC8yMDIzXC8wOVwvRGlhLWRhLUZpc2lvdGVyYXBpYV8xLmpwZyIsInNsaWRlc2hvdyI6ImNiYzllNDgifQ%3D%3D\">\n\t\t\t\t\t<div class=\"e-gallery-image elementor-gallery-item__image\" data-thumbnail=\"https:\/\/ordemdosfisioterapeutas.pt\/wp-content\/uploads\/2023\/09\/Dia-da-Fisioterapia_1-300x300.jpg\" data-width=\"300\" data-height=\"300\" aria-label=\"\" role=\"img\" ><\/div>\n\t\t\t\t\t\t\t\t\t\t\t<div class=\"elementor-gallery-item__overlay\"><\/div>\n\t\t\t\t\t\t\t\t\t\t\t\t\t\t<\/a>\n\t\t\t\t\t\t\t<a class=\"e-gallery-item elementor-gallery-item elementor-animated-content\" href=\"https:\/\/ordemdosfisioterapeutas.pt\/wp-content\/uploads\/2023\/09\/Dia-da-Fisioterapia.jpg\" data-elementor-open-lightbox=\"yes\" data-elementor-lightbox-slideshow=\"cbc9e48\" data-elementor-lightbox-title=\"Dia da Fisioterapia\" data-e-action-hash=\"#elementor-action%3Aaction%3Dlightbox%26settings%3DeyJpZCI6NjgxMSwidXJsIjoiaHR0cHM6XC9cL29yZGVtZG9zZmlzaW90ZXJhcGV1dGFzLnB0XC93cC1jb250ZW50XC91cGxvYWRzXC8yMDIzXC8wOVwvRGlhLWRhLUZpc2lvdGVyYXBpYS5qcGciLCJzbGlkZXNob3ciOiJjYmM5ZTQ4In0%3D\">\n\t\t\t\t\t<div class=\"e-gallery-image elementor-gallery-item__image\" data-thumbnail=\"https:\/\/ordemdosfisioterapeutas.pt\/wp-content\/uploads\/2023\/09\/Dia-da-Fisioterapia-203x300.jpg\" data-width=\"203\" data-height=\"300\" aria-label=\"\" role=\"img\" ><\/div>\n\t\t\t\t\t\t\t\t\t\t\t<div class=\"elementor-gallery-item__overlay\"><\/div>\n\t\t\t\t\t\t\t\t\t\t\t\t\t\t<\/a>\n\t\t\t\t\t<\/div>\n\t\t\t\t\t<\/div>\n\t\t\t\t<\/div>\n\t\t\t\t\t<\/div>\n\t\t<\/div>\n\t\t\t\t\t<\/div>\n\t\t<\/section>\n\t\t\t\t<section class=\"elementor-section elementor-top-section elementor-element elementor-element-60c664d elementor-section-boxed elementor-section-height-default elementor-section-height-default\" data-id=\"60c664d\" data-element_type=\"section\" data-e-type=\"section\">\n\t\t\t\t\t\t<div class=\"elementor-container elementor-column-gap-default\">\n\t\t\t\t\t<div class=\"elementor-column elementor-col-100 elementor-top-column elementor-element elementor-element-12595a1\" data-id=\"12595a1\" data-element_type=\"column\" data-e-type=\"column\">\n\t\t\t<div class=\"elementor-widget-wrap elementor-element-populated\">\n\t\t\t\t\t\t<div class=\"elementor-element elementor-element-d6766ce elementor-widget elementor-widget-text-editor\" data-id=\"d6766ce\" data-element_type=\"widget\" data-e-type=\"widget\" data-widget_type=\"text-editor.default\">\n\t\t\t\t<div class=\"elementor-widget-container\">\n\t\t\t\t\t\t\t\t\t<p><strong>Bonne journ\u00e9e mondiale de la physioth\u00e9rapie !<\/strong><\/p><p><a href=\"https:\/\/ordemdosfisioterapeutas.pt\/fr\/dia-mundial-da-fisioterapia-2023\/\" target=\"_blank\" rel=\"noopener\"><span style=\"text-decoration: underline;\">Pour en savoir plus, cliquez ici<\/span><\/a>.<\/p>\t\t\t\t\t\t\t\t<\/div>\n\t\t\t\t<\/div>\n\t\t\t\t\t<\/div>\n\t\t<\/div>\n\t\t\t\t\t<\/div>\n\t\t<\/section>\n\t\t\t\t<\/div>","protected":false},"excerpt":{"rendered":"<p>Aujourd'hui, c'est la Journ\u00e9e mondiale de la physioth\u00e9rapie !<br \/>\nCette journ\u00e9e est l'occasion d'honorer les physioth\u00e9rapeutes en tant que professionnels de la sant\u00e9.<\/p>","protected":false},"author":1,"featured_media":6464,"comment_status":"closed","ping_status":"open","sticky":false,"template":"","format":"standard","meta":{"footnotes":""},"categories":[13],"tags":[],"class_list":["post-6463","post","type-post","status-publish","format-standard","has-post-thumbnail","hentry","category-noticias"],"_links":{"self":[{"href":"https:\/\/ordemdosfisioterapeutas.pt\/fr\/wp-json\/wp\/v2\/posts\/6463","targetHints":{"allow":["GET"]}}],"collection":[{"href":"https:\/\/ordemdosfisioterapeutas.pt\/fr\/wp-json\/wp\/v2\/posts"}],"about":[{"href":"https:\/\/ordemdosfisioterapeutas.pt\/fr\/wp-json\/wp\/v2\/types\/post"}],"author":[{"embeddable":true,"href":"https:\/\/ordemdosfisioterapeutas.pt\/fr\/wp-json\/wp\/v2\/users\/1"}],"replies":[{"embeddable":true,"href":"https:\/\/ordemdosfisioterapeutas.pt\/fr\/wp-json\/wp\/v2\/comments?post=6463"}],"version-history":[{"count":0,"href":"https:\/\/ordemdosfisioterapeutas.pt\/fr\/wp-json\/wp\/v2\/posts\/6463\/revisions"}],"wp:featuredmedia":[{"embeddable":true,"href":"https:\/\/ordemdosfisioterapeutas.pt\/fr\/wp-json\/wp\/v2\/media\/6464"}],"wp:attachment":[{"href":"https:\/\/ordemdosfisioterapeutas.pt\/fr\/wp-json\/wp\/v2\/media?parent=6463"}],"wp:term":[{"taxonomy":"category","embeddable":true,"href":"https:\/\/ordemdosfisioterapeutas.pt\/fr\/wp-json\/wp\/v2\/categories?post=6463"},{"taxonomy":"post_tag","embeddable":true,"href":"https:\/\/ordemdosfisioterapeutas.pt\/fr\/wp-json\/wp\/v2\/tags?post=6463"}],"curies":[{"name":"wp","href":"https:\/\/api.w.org\/{rel}","templated":true}]}}