{"id":6041,"date":"2023-06-14T08:00:00","date_gmt":"2023-06-14T07:00:00","guid":{"rendered":"https:\/\/ordemdosfisioterapeutas.pt\/?p=6041"},"modified":"2023-06-13T20:07:24","modified_gmt":"2023-06-13T19:07:24","slug":"ordem-dos-fisioterapeutas-apela-a-doacao-de-sangue","status":"publish","type":"post","link":"https:\/\/ordemdosfisioterapeutas.pt\/fr\/noticias\/ordem-dos-fisioterapeutas-apela-a-doacao-de-sangue\/","title":{"rendered":"L'Ordre des physioth\u00e9rapeutes portugais lance un appel au don de sang"},"content":{"rendered":"<div data-elementor-type=\"wp-post\" data-elementor-id=\"6041\" class=\"elementor elementor-6041\" data-elementor-post-type=\"post\">\n\t\t\t\t\t\t<section class=\"elementor-section elementor-top-section elementor-element elementor-element-67e3647 elementor-section-boxed elementor-section-height-default elementor-section-height-default\" data-id=\"67e3647\" data-element_type=\"section\" data-e-type=\"section\">\n\t\t\t\t\t\t<div class=\"elementor-container elementor-column-gap-default\">\n\t\t\t\t\t<div class=\"elementor-column elementor-col-100 elementor-top-column elementor-element elementor-element-54b8fdc\" data-id=\"54b8fdc\" data-element_type=\"column\" data-e-type=\"column\">\n\t\t\t<div class=\"elementor-widget-wrap elementor-element-populated\">\n\t\t\t\t\t\t<div class=\"elementor-element elementor-element-090230b elementor-widget elementor-widget-text-editor\" data-id=\"090230b\" data-element_type=\"widget\" data-e-type=\"widget\" data-widget_type=\"text-editor.default\">\n\t\t\t\t<div class=\"elementor-widget-container\">\n\t\t\t\t\t\t\t\t\t<p>La Journ\u00e9e mondiale du don de sang est c\u00e9l\u00e9br\u00e9e aujourd'hui, le 14 juin, sous l'\u00e9gide de l'Organisation mondiale de la sant\u00e9 (OMS) et de l'Organisation mondiale de la sant\u00e9 (OMS). <span style=\"text-decoration: underline;\"><a href=\"https:\/\/www.who.int\/\" target=\"_blank\" rel=\"noopener\">Organisation mondiale de la sant\u00e9<\/a>.<\/span><\/p><p>La n\u00e9cessit\u00e9 d'un approvisionnement en sang pour les traitements et les interventions urgentes est une r\u00e9alit\u00e9. Le don, la collecte, le contr\u00f4le, la transformation, la conservation, le stockage et la distribution du sang humain en toute s\u00e9curit\u00e9 et en quantit\u00e9 suffisante sont des \u00e9l\u00e9ments fondamentaux d'un syst\u00e8me de sant\u00e9 efficace. Le sang est vital dans toutes les situations d'urgence : catastrophes naturelles, accidents, conflits arm\u00e9s, entre autres, d'o\u00f9 l'importance des dons de volontaires.<\/p><p>L'Ordre des physioth\u00e9rapeutes consid\u00e8re que les plus de dix mille membres de l'Ordre des physioth\u00e9rapeutes sont \u00e9galement essentiels pour atteindre l'objectif de la cr\u00e9ation de la Journ\u00e9e mondiale du don de sang - cette ann\u00e9e sur le th\u00e8me \"Le don de sang\".<a href=\"https:\/\/www.who.int\/news-room\/events\/detail\/2023\/06\/14\/default-calendar\/world-blood-donor-day-2023\" target=\"_blank\" rel=\"noopener\"><em>G<span style=\"text-decoration: underline;\">donner du sang, donner du plasma, partager la vie, partager souvent<\/span><\/em><\/a>\"L'objectif est de sensibiliser \u00e0 l'importance et au besoin de sang, de souligner le r\u00f4le des donneurs de sang volontaires et non r\u00e9mun\u00e9r\u00e9s et d'aider les services nationaux de transfusion sanguine, les organisations de donneurs de sang et d'autres organisations non gouvernementales \u00e0 renforcer et \u00e0 \u00e9tendre leurs programmes de don de sang volontaire.<\/p><p>D\u00e9couvrez comment vous pouvez donner du sang ou informer les donneurs potentiels, <span style=\"text-decoration: underline;\"><a href=\"https:\/\/www.ipst.pt\/index.php\/pt\/dador-de-sangue\" target=\"_blank\" rel=\"noopener\">ici<\/a>.<\/span><\/p>\t\t\t\t\t\t\t\t<\/div>\n\t\t\t\t<\/div>\n\t\t\t\t\t<\/div>\n\t\t<\/div>\n\t\t\t\t\t<\/div>\n\t\t<\/section>\n\t\t\t\t<\/div>","protected":false},"excerpt":{"rendered":"<p>Aujourd'hui est c\u00e9l\u00e9br\u00e9e la Journ\u00e9e mondiale du don de sang, qui a lieu chaque ann\u00e9e le 14 juin, sous l'\u00e9gide de l'Organisation mondiale de la sant\u00e9.<\/p>","protected":false},"author":1,"featured_media":6048,"comment_status":"closed","ping_status":"open","sticky":false,"template":"","format":"standard","meta":{"footnotes":""},"categories":[13],"tags":[],"class_list":["post-6041","post","type-post","status-publish","format-standard","has-post-thumbnail","hentry","category-noticias"],"_links":{"self":[{"href":"https:\/\/ordemdosfisioterapeutas.pt\/fr\/wp-json\/wp\/v2\/posts\/6041","targetHints":{"allow":["GET"]}}],"collection":[{"href":"https:\/\/ordemdosfisioterapeutas.pt\/fr\/wp-json\/wp\/v2\/posts"}],"about":[{"href":"https:\/\/ordemdosfisioterapeutas.pt\/fr\/wp-json\/wp\/v2\/types\/post"}],"author":[{"embeddable":true,"href":"https:\/\/ordemdosfisioterapeutas.pt\/fr\/wp-json\/wp\/v2\/users\/1"}],"replies":[{"embeddable":true,"href":"https:\/\/ordemdosfisioterapeutas.pt\/fr\/wp-json\/wp\/v2\/comments?post=6041"}],"version-history":[{"count":0,"href":"https:\/\/ordemdosfisioterapeutas.pt\/fr\/wp-json\/wp\/v2\/posts\/6041\/revisions"}],"wp:featuredmedia":[{"embeddable":true,"href":"https:\/\/ordemdosfisioterapeutas.pt\/fr\/wp-json\/wp\/v2\/media\/6048"}],"wp:attachment":[{"href":"https:\/\/ordemdosfisioterapeutas.pt\/fr\/wp-json\/wp\/v2\/media?parent=6041"}],"wp:term":[{"taxonomy":"category","embeddable":true,"href":"https:\/\/ordemdosfisioterapeutas.pt\/fr\/wp-json\/wp\/v2\/categories?post=6041"},{"taxonomy":"post_tag","embeddable":true,"href":"https:\/\/ordemdosfisioterapeutas.pt\/fr\/wp-json\/wp\/v2\/tags?post=6041"}],"curies":[{"name":"wp","href":"https:\/\/api.w.org\/{rel}","templated":true}]}}