{"id":5728,"date":"2023-03-29T16:17:27","date_gmt":"2023-03-29T15:17:27","guid":{"rendered":"https:\/\/ordemdosfisioterapeutas.pt\/?p=5728"},"modified":"2023-03-29T16:26:29","modified_gmt":"2023-03-29T15:26:29","slug":"ordem-dos-fisioterapeutas-divulga-relatorio-perfil-profissional-do-fisioterapeuta","status":"publish","type":"post","link":"https:\/\/ordemdosfisioterapeutas.pt\/fr\/noticias\/ordem-dos-fisioterapeutas-divulga-relatorio-perfil-profissional-do-fisioterapeuta\/","title":{"rendered":"L'Ordre des physioth\u00e9rapeutes portugais publie le rapport \"Profil professionnel du physioth\u00e9rapeute"},"content":{"rendered":"<div data-elementor-type=\"wp-post\" data-elementor-id=\"5728\" class=\"elementor elementor-5728\" data-elementor-post-type=\"post\">\n\t\t\t\t\t\t<section class=\"elementor-section elementor-top-section elementor-element elementor-element-090ba5d elementor-section-boxed elementor-section-height-default elementor-section-height-default\" data-id=\"090ba5d\" data-element_type=\"section\" data-e-type=\"section\">\n\t\t\t\t\t\t<div class=\"elementor-container elementor-column-gap-default\">\n\t\t\t\t\t<div class=\"elementor-column elementor-col-100 elementor-top-column elementor-element elementor-element-32a26d2\" data-id=\"32a26d2\" data-element_type=\"column\" data-e-type=\"column\">\n\t\t\t<div class=\"elementor-widget-wrap elementor-element-populated\">\n\t\t\t\t\t\t<div class=\"elementor-element elementor-element-43e5abf elementor-widget elementor-widget-text-editor\" data-id=\"43e5abf\" data-element_type=\"widget\" data-e-type=\"widget\" data-widget_type=\"text-editor.default\">\n\t\t\t\t<div class=\"elementor-widget-container\">\n\t\t\t\t\t\t\t\t\t<p>L'Ordre des kin\u00e9sith\u00e9rapeutes publie ce mercredi 29 mars le rapport de l'\u00e9tude \"<span style=\"text-decoration: underline;\"><a href=\"https:\/\/ordemdosfisioterapeutas.pt\/wp-content\/uploads\/2023\/03\/Relatorio-do-Perfil-Profissional-do-Fisioterapeuta.pdf\" target=\"_blank\" rel=\"noopener\">Profil professionnel du physioth\u00e9rapeute<\/a><\/span>\"Ce rapport est produit par le Bureau d'\u00e9tudes et de planification (GEP).<\/p><p>Le document fournit la premi\u00e8re caract\u00e9risation globale de ces professionnels de la sant\u00e9, bas\u00e9e sur les donn\u00e9es du formulaire d'inscription de l'Ordem dos Advogados, qui \"nous a permis de faire le point sur la situation en atteignant la barre des dix mille et nous permettra, \u00e0 moyen et long terme, d'analyser l'\u00e9volution de ces m\u00eames indicateurs\", d\u00e9clare Ant\u00f3nio Lopes, dans le rapport.<\/p><p>Au 13 f\u00e9vrier 2023, il y avait 10 208 physioth\u00e9rapeutes agr\u00e9\u00e9s, dont 73% de femmes, r\u00e9v\u00e8le le rapport, qui peut \u00eatre consult\u00e9 \u00e0 l'adresse suivante <span style=\"text-decoration: underline;\"><a href=\"https:\/\/ordemdosfisioterapeutas.pt\/wp-content\/uploads\/2023\/03\/Relatorio-do-Perfil-Profissional-do-Fisioterapeuta.pdf\" target=\"_blank\" rel=\"noopener\">ici<\/a><\/span>et comprend \u00e9galement des indicateurs tels que la formation et le contexte professionnel dans lequel ils travaillent.<\/p><h2>Le Gabinete de Estudos e Planeamento da Ordem dos Fisioterapeutas f\u00eate son premier anniversaire<\/h2><p>Les physioth\u00e9rapeutes du <span style=\"text-decoration: underline;\"><a href=\"https:\/\/ordemdosfisioterapeutas.pt\/fr\/gabinete-de-estudos-e-planeamento\/\" target=\"_blank\" rel=\"noopener\">Bureau de la planification et des \u00e9tudes <\/a><\/span>se r\u00e9unissaient aujourd'hui, un an apr\u00e8s la <span style=\"text-decoration: underline;\"><a href=\"https:\/\/ordemdosfisioterapeutas.pt\/fr\/noticias\/tomada-de-posse-gabinete-de-estudos-e-planeamento-gep\/\" target=\"_blank\" rel=\"noopener\">prise de fonction<\/a>,<\/span> au si\u00e8ge de l'Ordem dos Fisioterapeutas.<\/p><p>En plus du rapport de la \"<span style=\"text-decoration: underline;\"><a href=\"https:\/\/ordemdosfisioterapeutas.pt\/wp-content\/uploads\/2023\/03\/Relatorio-do-Perfil-Profissional-do-Fisioterapeuta.pdf\" target=\"_blank\" rel=\"noopener\">Profil professionnel du physioth\u00e9rapeute<\/a><\/span>\"Le GEP a apport\u00e9 son soutien au conseil d'administration de l'association portugaise des physioth\u00e9rapeutes en \u00e9mettant des avis sur diff\u00e9rentes questions relevant de son champ d'action.<\/p><p>Le d\u00e9veloppement d'une plateforme \u00e9lectronique pour l'enregistrement des donn\u00e9es en vue de l'\u00e9valuation des r\u00e9sultats en physioth\u00e9rapie et un programme de recherche sont d'autres projets en phase d'ex\u00e9cution.<\/p>\t\t\t\t\t\t\t\t<\/div>\n\t\t\t\t<\/div>\n\t\t\t\t\t<\/div>\n\t\t<\/div>\n\t\t\t\t\t<\/div>\n\t\t<\/section>\n\t\t\t\t<section class=\"elementor-section elementor-top-section elementor-element elementor-element-174b2ee elementor-section-boxed elementor-section-height-default elementor-section-height-default\" data-id=\"174b2ee\" data-element_type=\"section\" data-e-type=\"section\">\n\t\t\t\t\t\t<div class=\"elementor-container elementor-column-gap-default\">\n\t\t\t\t\t<div class=\"elementor-column elementor-col-100 elementor-top-column elementor-element elementor-element-ef0e349\" data-id=\"ef0e349\" data-element_type=\"column\" data-e-type=\"column\">\n\t\t\t<div class=\"elementor-widget-wrap elementor-element-populated\">\n\t\t\t\t\t\t<div class=\"elementor-element elementor-element-fc70f60 elementor-widget elementor-widget-gallery\" data-id=\"fc70f60\" data-element_type=\"widget\" data-e-type=\"widget\" data-settings=\"{&quot;lazyload&quot;:&quot;yes&quot;,&quot;gallery_layout&quot;:&quot;grid&quot;,&quot;columns&quot;:4,&quot;columns_tablet&quot;:2,&quot;columns_mobile&quot;:1,&quot;gap&quot;:{&quot;unit&quot;:&quot;px&quot;,&quot;size&quot;:10,&quot;sizes&quot;:[]},&quot;gap_tablet&quot;:{&quot;unit&quot;:&quot;px&quot;,&quot;size&quot;:10,&quot;sizes&quot;:[]},&quot;gap_mobile&quot;:{&quot;unit&quot;:&quot;px&quot;,&quot;size&quot;:10,&quot;sizes&quot;:[]},&quot;link_to&quot;:&quot;file&quot;,&quot;aspect_ratio&quot;:&quot;3:2&quot;,&quot;overlay_background&quot;:&quot;yes&quot;,&quot;content_hover_animation&quot;:&quot;fade-in&quot;}\" data-widget_type=\"gallery.default\">\n\t\t\t\t<div class=\"elementor-widget-container\">\n\t\t\t\t\t\t\t<div class=\"elementor-gallery__container\">\n\t\t\t\t\t\t\t<a class=\"e-gallery-item elementor-gallery-item elementor-animated-content\" href=\"https:\/\/ordemdosfisioterapeutas.pt\/wp-content\/uploads\/2023\/03\/SLIDE_final-copy.jpg\" data-elementor-open-lightbox=\"yes\" data-elementor-lightbox-slideshow=\"fc70f60\" data-elementor-lightbox-title=\"SLIDE_final copy\" data-e-action-hash=\"#elementor-action%3Aaction%3Dlightbox%26settings%3DeyJpZCI6NTcyOSwidXJsIjoiaHR0cHM6XC9cL29yZGVtZG9zZmlzaW90ZXJhcGV1dGFzLnB0XC93cC1jb250ZW50XC91cGxvYWRzXC8yMDIzXC8wM1wvU0xJREVfZmluYWwtY29weS5qcGciLCJzbGlkZXNob3ciOiJmYzcwZjYwIn0%3D\">\n\t\t\t\t\t<div class=\"e-gallery-image elementor-gallery-item__image\" data-thumbnail=\"https:\/\/ordemdosfisioterapeutas.pt\/wp-content\/uploads\/2023\/03\/SLIDE_final-copy-300x200.jpg\" data-width=\"300\" data-height=\"200\" aria-label=\"\" role=\"img\" ><\/div>\n\t\t\t\t\t\t\t\t\t\t\t<div class=\"elementor-gallery-item__overlay\"><\/div>\n\t\t\t\t\t\t\t\t\t\t\t\t\t\t<\/a>\n\t\t\t\t\t\t\t<a class=\"e-gallery-item elementor-gallery-item elementor-animated-content\" href=\"https:\/\/ordemdosfisioterapeutas.pt\/wp-content\/uploads\/2023\/03\/reuniao-GEP_noticia.jpg\" data-elementor-open-lightbox=\"yes\" data-elementor-lightbox-slideshow=\"fc70f60\" data-elementor-lightbox-title=\"reuniao GEP_noticia\" data-e-action-hash=\"#elementor-action%3Aaction%3Dlightbox%26settings%3DeyJpZCI6NTczMywidXJsIjoiaHR0cHM6XC9cL29yZGVtZG9zZmlzaW90ZXJhcGV1dGFzLnB0XC93cC1jb250ZW50XC91cGxvYWRzXC8yMDIzXC8wM1wvcmV1bmlhby1HRVBfbm90aWNpYS5qcGciLCJzbGlkZXNob3ciOiJmYzcwZjYwIn0%3D\">\n\t\t\t\t\t<div class=\"e-gallery-image elementor-gallery-item__image\" data-thumbnail=\"https:\/\/ordemdosfisioterapeutas.pt\/wp-content\/uploads\/2023\/03\/reuniao-GEP_noticia-300x200.jpg\" data-width=\"300\" data-height=\"200\" aria-label=\"\" role=\"img\" ><\/div>\n\t\t\t\t\t\t\t\t\t\t\t<div class=\"elementor-gallery-item__overlay\"><\/div>\n\t\t\t\t\t\t\t\t\t\t\t\t\t\t<\/a>\n\t\t\t\t\t<\/div>\n\t\t\t\t\t<\/div>\n\t\t\t\t<\/div>\n\t\t\t\t\t<\/div>\n\t\t<\/div>\n\t\t\t\t\t<\/div>\n\t\t<\/section>\n\t\t\t\t<\/div>","protected":false},"excerpt":{"rendered":"<p>L'Ordre des physioth\u00e9rapeutes portugais divulgue ce mercredi 29 mars le rapport \"Profil professionnel du physioth\u00e9rapeute\" au Portugal, produit par le Gabinete de Estudos e Planeamento (GEP).<\/p>","protected":false},"author":1,"featured_media":5729,"comment_status":"closed","ping_status":"open","sticky":false,"template":"","format":"standard","meta":{"footnotes":""},"categories":[13],"tags":[],"class_list":["post-5728","post","type-post","status-publish","format-standard","has-post-thumbnail","hentry","category-noticias"],"_links":{"self":[{"href":"https:\/\/ordemdosfisioterapeutas.pt\/fr\/wp-json\/wp\/v2\/posts\/5728","targetHints":{"allow":["GET"]}}],"collection":[{"href":"https:\/\/ordemdosfisioterapeutas.pt\/fr\/wp-json\/wp\/v2\/posts"}],"about":[{"href":"https:\/\/ordemdosfisioterapeutas.pt\/fr\/wp-json\/wp\/v2\/types\/post"}],"author":[{"embeddable":true,"href":"https:\/\/ordemdosfisioterapeutas.pt\/fr\/wp-json\/wp\/v2\/users\/1"}],"replies":[{"embeddable":true,"href":"https:\/\/ordemdosfisioterapeutas.pt\/fr\/wp-json\/wp\/v2\/comments?post=5728"}],"version-history":[{"count":0,"href":"https:\/\/ordemdosfisioterapeutas.pt\/fr\/wp-json\/wp\/v2\/posts\/5728\/revisions"}],"wp:featuredmedia":[{"embeddable":true,"href":"https:\/\/ordemdosfisioterapeutas.pt\/fr\/wp-json\/wp\/v2\/media\/5729"}],"wp:attachment":[{"href":"https:\/\/ordemdosfisioterapeutas.pt\/fr\/wp-json\/wp\/v2\/media?parent=5728"}],"wp:term":[{"taxonomy":"category","embeddable":true,"href":"https:\/\/ordemdosfisioterapeutas.pt\/fr\/wp-json\/wp\/v2\/categories?post=5728"},{"taxonomy":"post_tag","embeddable":true,"href":"https:\/\/ordemdosfisioterapeutas.pt\/fr\/wp-json\/wp\/v2\/tags?post=5728"}],"curies":[{"name":"wp","href":"https:\/\/api.w.org\/{rel}","templated":true}]}}