{"id":5459,"date":"2023-01-11T19:43:56","date_gmt":"2023-01-11T19:43:56","guid":{"rendered":"https:\/\/ordemdosfisioterapeutas.pt\/?p=5459"},"modified":"2023-01-20T15:52:04","modified_gmt":"2023-01-20T15:52:04","slug":"reunioes-livres-da-ordem-dos-fisioterapeutas","status":"publish","type":"post","link":"https:\/\/ordemdosfisioterapeutas.pt\/fr\/noticias\/reunioes-livres-da-ordem-dos-fisioterapeutas\/","title":{"rendered":"R\u00e9unions gratuites de l'Ordre portugais des physioth\u00e9rapeutes"},"content":{"rendered":"<div data-elementor-type=\"wp-post\" data-elementor-id=\"5459\" class=\"elementor elementor-5459\" data-elementor-post-type=\"post\">\n\t\t\t\t\t\t<section class=\"elementor-section elementor-top-section elementor-element elementor-element-5aa0ae5 elementor-section-boxed elementor-section-height-default elementor-section-height-default\" data-id=\"5aa0ae5\" data-element_type=\"section\" data-e-type=\"section\">\n\t\t\t\t\t\t<div class=\"elementor-container elementor-column-gap-default\">\n\t\t\t\t\t<div class=\"elementor-column elementor-col-100 elementor-top-column elementor-element elementor-element-41b3625\" data-id=\"41b3625\" data-element_type=\"column\" data-e-type=\"column\">\n\t\t\t<div class=\"elementor-widget-wrap elementor-element-populated\">\n\t\t\t\t\t\t<div class=\"elementor-element elementor-element-524ebde elementor-widget elementor-widget-text-editor\" data-id=\"524ebde\" data-element_type=\"widget\" data-e-type=\"widget\" data-widget_type=\"text-editor.default\">\n\t\t\t\t<div class=\"elementor-widget-container\">\n\t\t\t\t\t\t\t\t\t<p>L'Ordre des kin\u00e9sith\u00e9rapeutes lance, \u00e0 partir de ce mois de janvier 2023, un service personnalis\u00e9 \u00e0 ses membres, avec des r\u00e9unions mensuelles gratuites dans le cadre des activit\u00e9s du Cabinet de soutien aux membres, pour clarifier les questions inh\u00e9rentes \u00e0 la profession, avec le Conseil repr\u00e9sent\u00e9 par Afonso Neutel.<\/p>\t\t\t\t\t\t\t\t<\/div>\n\t\t\t\t<\/div>\n\t\t\t\t\t<\/div>\n\t\t<\/div>\n\t\t\t\t\t<\/div>\n\t\t<\/section>\n\t\t\t\t<\/div>","protected":false},"excerpt":{"rendered":"<p>L'Ordre des kin\u00e9sith\u00e9rapeutes lance, \u00e0 partir de ce mois de janvier 2023, un service personnalis\u00e9 \u00e0 ses membres...<\/p>","protected":false},"author":1,"featured_media":5460,"comment_status":"closed","ping_status":"open","sticky":false,"template":"","format":"standard","meta":{"footnotes":""},"categories":[13],"tags":[],"class_list":["post-5459","post","type-post","status-publish","format-standard","has-post-thumbnail","hentry","category-noticias"],"_links":{"self":[{"href":"https:\/\/ordemdosfisioterapeutas.pt\/fr\/wp-json\/wp\/v2\/posts\/5459","targetHints":{"allow":["GET"]}}],"collection":[{"href":"https:\/\/ordemdosfisioterapeutas.pt\/fr\/wp-json\/wp\/v2\/posts"}],"about":[{"href":"https:\/\/ordemdosfisioterapeutas.pt\/fr\/wp-json\/wp\/v2\/types\/post"}],"author":[{"embeddable":true,"href":"https:\/\/ordemdosfisioterapeutas.pt\/fr\/wp-json\/wp\/v2\/users\/1"}],"replies":[{"embeddable":true,"href":"https:\/\/ordemdosfisioterapeutas.pt\/fr\/wp-json\/wp\/v2\/comments?post=5459"}],"version-history":[{"count":0,"href":"https:\/\/ordemdosfisioterapeutas.pt\/fr\/wp-json\/wp\/v2\/posts\/5459\/revisions"}],"wp:featuredmedia":[{"embeddable":true,"href":"https:\/\/ordemdosfisioterapeutas.pt\/fr\/wp-json\/wp\/v2\/media\/5460"}],"wp:attachment":[{"href":"https:\/\/ordemdosfisioterapeutas.pt\/fr\/wp-json\/wp\/v2\/media?parent=5459"}],"wp:term":[{"taxonomy":"category","embeddable":true,"href":"https:\/\/ordemdosfisioterapeutas.pt\/fr\/wp-json\/wp\/v2\/categories?post=5459"},{"taxonomy":"post_tag","embeddable":true,"href":"https:\/\/ordemdosfisioterapeutas.pt\/fr\/wp-json\/wp\/v2\/tags?post=5459"}],"curies":[{"name":"wp","href":"https:\/\/api.w.org\/{rel}","templated":true}]}}