{"id":5209,"date":"2022-10-24T11:59:00","date_gmt":"2022-10-24T10:59:00","guid":{"rendered":"https:\/\/ordemdosfisioterapeutas.pt\/?p=5209"},"modified":"2022-10-24T12:57:41","modified_gmt":"2022-10-24T11:57:41","slug":"intervencao-do-bastonario-sobre-a-fisioterapia-na-saude-mental","status":"publish","type":"post","link":"https:\/\/ordemdosfisioterapeutas.pt\/fr\/noticias\/intervencao-do-bastonario-sobre-a-fisioterapia-na-saude-mental\/","title":{"rendered":"Intervention du Pr\u00e9sident du Barreau portugais sur la physioth\u00e9rapie en sant\u00e9 mentale"},"content":{"rendered":"<div data-elementor-type=\"wp-post\" data-elementor-id=\"5209\" class=\"elementor elementor-5209\" data-elementor-post-type=\"post\">\n\t\t\t\t\t\t<section class=\"elementor-section elementor-top-section elementor-element elementor-element-5a567a6 elementor-section-boxed elementor-section-height-default elementor-section-height-default\" data-id=\"5a567a6\" data-element_type=\"section\" data-e-type=\"section\">\n\t\t\t\t\t\t<div class=\"elementor-container elementor-column-gap-default\">\n\t\t\t\t\t<div class=\"elementor-column elementor-col-100 elementor-top-column elementor-element elementor-element-4b021cc\" data-id=\"4b021cc\" data-element_type=\"column\" data-e-type=\"column\">\n\t\t\t<div class=\"elementor-widget-wrap elementor-element-populated\">\n\t\t\t\t\t\t<div class=\"elementor-element elementor-element-0da2849 elementor-widget elementor-widget-text-editor\" data-id=\"0da2849\" data-element_type=\"widget\" data-e-type=\"widget\" data-widget_type=\"text-editor.default\">\n\t\t\t\t<div class=\"elementor-widget-container\">\n\t\t\t\t\t\t\t\t\t<p>Le pr\u00e9sident de l'Institut portugais des physioth\u00e9rapeutes consid\u00e8re que \"(...) malgr\u00e9 les mesures l\u00e9gislatives, les r\u00e9ponses mises en \u0153uvre sont encore insuffisantes, avec des asym\u00e9tries g\u00e9ographiques remarquables et il y a un manque \u00e9vident de professionnels de la sant\u00e9 int\u00e9gr\u00e9s dans les \u00e9quipes de sant\u00e9 mentale, ainsi qu'une omission de l'inclusion des physioth\u00e9rapeutes dans ces \u00e9quipes\".\u00a0<br class=\"\" \/>\u00a0<br class=\"\" \/>Dans un message <span style=\"text-decoration: underline;\"><a href=\"https:\/\/bit.ly\/Conferencia_APFISIO_SaudeMental\" target=\"_blank\" rel=\"noopener\">vid\u00e9o<\/a><\/span> pour la conf\u00e9rence \"D\u00e9fis actuels et futurs de la physioth\u00e9rapie en sant\u00e9 mentale\", organis\u00e9e par l'Association portugaise des physioth\u00e9rapeutes APFISIO, Ant\u00f3nio Lopes a soulign\u00e9 que, bien que les physioth\u00e9rapeutes et les autres professionnels de la sant\u00e9 puissent ne pas \u00eatre conscients du r\u00f4le et des avantages de l'intervention, le champ d'application de la pratique de la physioth\u00e9rapie en sant\u00e9 mentale et en psychiatrie \"est holistique, \u00e9clectique et dynamique - car il est constamment inform\u00e9 par les donn\u00e9es probantes - et, en tant que tel, est capable de r\u00e9pondre aux besoins de sant\u00e9 des personnes et de la soci\u00e9t\u00e9\".<br class=\"\" \/>\u00a0<br class=\"\" \/>Dans l'intervention, transmise le 22 octobre, qui a eu lieu \u00e0 l'Escola Superior de Sa\u00fade - Instituto Polit\u00e9cnico de Leiria, le pr\u00e9sident du Conseil de la physioth\u00e9rapie Ant\u00f3nio Lopes a fait une pr\u00e9sentation sur les diff\u00e9rentes dimensions du travail de la physioth\u00e9rapie en sant\u00e9 mentale et sur les comp\u00e9tences th\u00e9oriques, pratiques et interpersonnelles sp\u00e9cifiques que les physioth\u00e9rapeutes devraient avoir, mentionnant que l'une des raisons pour lesquelles les b\u00e9n\u00e9fices des interventions de physioth\u00e9rapie n'atteignent pas toujours les utilisateurs ayant des probl\u00e8mes de sant\u00e9 mentale est le manque ou l'insuffisance de formation des physioth\u00e9rapeutes dans ce domaine.\u00a0<br class=\"\" \/>\u00a0<br class=\"\" \/>Malgr\u00e9 cela, selon les d\u00e9clarations pr\u00e9sent\u00e9es au moment de l'inscription \u00e0 l'Ordre, sur les plus de neuf mille d\u00e9j\u00e0 inscrits, \"environ 700 kin\u00e9sith\u00e9rapeutes d\u00e9clarent avoir obtenu des qualifications suppl\u00e9mentaires dans le domaine de la sant\u00e9 mentale, et environ 600 kin\u00e9sith\u00e9rapeutes d\u00e9clarent avoir, ou avoir eu, une activit\u00e9 clinique en sant\u00e9 mentale\".<br class=\"\" \/><br class=\"\" \/>Afin d'am\u00e9liorer ce panorama, il a soulign\u00e9 l'engagement de l'Ordre des physioth\u00e9rapeutes \u00e0 promouvoir l'acc\u00e8s aux soins de physioth\u00e9rapie dans le domaine de la sant\u00e9 mentale, \u00e0 soutenir et \u00e0 valoriser ceux qui travaillent d\u00e9j\u00e0 dans ce domaine et \u00e0 \u00e9tudier des solutions, en collaboration avec les \u00e9tablissements d'enseignement sup\u00e9rieur. Il a \u00e9galement rappel\u00e9, dans ce contexte, le processus de cr\u00e9ation d'un cadre pour les sp\u00e9cialit\u00e9s professionnelles de la physioth\u00e9rapie au Portugal, qui est actuellement en cours, garantissant : \"Nous allons travailler pour promouvoir la physioth\u00e9rapie dans la sant\u00e9 mentale !\u00a0<\/p>\t\t\t\t\t\t\t\t<\/div>\n\t\t\t\t<\/div>\n\t\t\t\t<section class=\"elementor-section elementor-inner-section elementor-element elementor-element-c43e203 elementor-section-boxed elementor-section-height-default elementor-section-height-default\" data-id=\"c43e203\" data-element_type=\"section\" data-e-type=\"section\">\n\t\t\t\t\t\t<div class=\"elementor-container elementor-column-gap-default\">\n\t\t\t\t\t<div class=\"elementor-column elementor-col-33 elementor-inner-column elementor-element elementor-element-05105ab\" data-id=\"05105ab\" data-element_type=\"column\" data-e-type=\"column\">\n\t\t\t<div class=\"elementor-widget-wrap\">\n\t\t\t\t\t\t\t<\/div>\n\t\t<\/div>\n\t\t\t\t<div class=\"elementor-column elementor-col-33 elementor-inner-column elementor-element elementor-element-77fad76\" data-id=\"77fad76\" data-element_type=\"column\" data-e-type=\"column\">\n\t\t\t<div class=\"elementor-widget-wrap elementor-element-populated\">\n\t\t\t\t\t\t<div class=\"elementor-element elementor-element-91c5507 elementor-widget elementor-widget-video\" data-id=\"91c5507\" data-element_type=\"widget\" data-e-type=\"widget\" data-settings=\"{&quot;youtube_url&quot;:&quot;https:\\\/\\\/www.youtube.com\\\/watch?v=Ov7VtHr_NGg&quot;,&quot;show_image_overlay&quot;:&quot;yes&quot;,&quot;image_overlay&quot;:{&quot;url&quot;:&quot;https:\\\/\\\/ordemdosfisioterapeutas.pt\\\/wp-content\\\/uploads\\\/2022\\\/10\\\/THUMB_conferencia_apfisio.jpg&quot;,&quot;id&quot;:5211,&quot;size&quot;:&quot;&quot;,&quot;alt&quot;:&quot;Confer\\u00eancia Apfisio&quot;,&quot;source&quot;:&quot;library&quot;},&quot;video_type&quot;:&quot;youtube&quot;,&quot;controls&quot;:&quot;yes&quot;}\" data-widget_type=\"video.default\">\n\t\t\t\t<div class=\"elementor-widget-container\">\n\t\t\t\t\t\t\t<div class=\"elementor-wrapper elementor-open-inline\">\n\t\t\t<div class=\"elementor-video\"><\/div>\t\t\t\t<div class=\"elementor-custom-embed-image-overlay\" style=\"background-image: url(https:\/\/ordemdosfisioterapeutas.pt\/wp-content\/uploads\/2022\/10\/THUMB_conferencia_apfisio.jpg);\">\n\t\t\t\t\t\t\t\t\t\t\t\t\t\t<\/div>\n\t\t\t\t\t<\/div>\n\t\t\t\t\t\t<\/div>\n\t\t\t\t<\/div>\n\t\t\t\t\t<\/div>\n\t\t<\/div>\n\t\t\t\t<div class=\"elementor-column elementor-col-33 elementor-inner-column elementor-element elementor-element-6d1f56d\" data-id=\"6d1f56d\" data-element_type=\"column\" data-e-type=\"column\">\n\t\t\t<div class=\"elementor-widget-wrap\">\n\t\t\t\t\t\t\t<\/div>\n\t\t<\/div>\n\t\t\t\t\t<\/div>\n\t\t<\/section>\n\t\t\t\t\t<\/div>\n\t\t<\/div>\n\t\t\t\t\t<\/div>\n\t\t<\/section>\n\t\t\t\t<\/div>","protected":false},"excerpt":{"rendered":"<p>Le pr\u00e9sident de l'Institut portugais des physioth\u00e9rapeutes consid\u00e8re que \"(...) malgr\u00e9 les mesures l\u00e9gislatives, les r\u00e9ponses mises en \u0153uvre sont encore insuffisantes, avec des asym\u00e9tries g\u00e9ographiques remarquables et il y a un manque \u00e9vident de professionnels de la sant\u00e9 int\u00e9gr\u00e9s dans les \u00e9quipes de sant\u00e9 mentale, ainsi qu'une omission de l'inclusion des physioth\u00e9rapeutes dans ces \u00e9quipes\". <\/p>","protected":false},"author":1,"featured_media":5227,"comment_status":"closed","ping_status":"open","sticky":false,"template":"","format":"standard","meta":{"footnotes":""},"categories":[13],"tags":[],"class_list":["post-5209","post","type-post","status-publish","format-standard","has-post-thumbnail","hentry","category-noticias"],"_links":{"self":[{"href":"https:\/\/ordemdosfisioterapeutas.pt\/fr\/wp-json\/wp\/v2\/posts\/5209","targetHints":{"allow":["GET"]}}],"collection":[{"href":"https:\/\/ordemdosfisioterapeutas.pt\/fr\/wp-json\/wp\/v2\/posts"}],"about":[{"href":"https:\/\/ordemdosfisioterapeutas.pt\/fr\/wp-json\/wp\/v2\/types\/post"}],"author":[{"embeddable":true,"href":"https:\/\/ordemdosfisioterapeutas.pt\/fr\/wp-json\/wp\/v2\/users\/1"}],"replies":[{"embeddable":true,"href":"https:\/\/ordemdosfisioterapeutas.pt\/fr\/wp-json\/wp\/v2\/comments?post=5209"}],"version-history":[{"count":0,"href":"https:\/\/ordemdosfisioterapeutas.pt\/fr\/wp-json\/wp\/v2\/posts\/5209\/revisions"}],"wp:featuredmedia":[{"embeddable":true,"href":"https:\/\/ordemdosfisioterapeutas.pt\/fr\/wp-json\/wp\/v2\/media\/5227"}],"wp:attachment":[{"href":"https:\/\/ordemdosfisioterapeutas.pt\/fr\/wp-json\/wp\/v2\/media?parent=5209"}],"wp:term":[{"taxonomy":"category","embeddable":true,"href":"https:\/\/ordemdosfisioterapeutas.pt\/fr\/wp-json\/wp\/v2\/categories?post=5209"},{"taxonomy":"post_tag","embeddable":true,"href":"https:\/\/ordemdosfisioterapeutas.pt\/fr\/wp-json\/wp\/v2\/tags?post=5209"}],"curies":[{"name":"wp","href":"https:\/\/api.w.org\/{rel}","templated":true}]}}