{"id":15240,"date":"2026-09-02T17:33:35","date_gmt":"2026-09-02T16:33:35","guid":{"rendered":"https:\/\/ordemdosfisioterapeutas.pt\/?p=15240"},"modified":"2026-09-02T17:36:09","modified_gmt":"2026-09-02T16:36:09","slug":"ordem-dos-fisioterapeutas-lanca-saude-fisica-e-saude-publica-uma-perspetiva-sobre-portugal","status":"publish","type":"post","link":"https:\/\/ordemdosfisioterapeutas.pt\/fr\/noticias\/ordem-dos-fisioterapeutas-lanca-saude-fisica-e-saude-publica-uma-perspetiva-sobre-portugal\/","title":{"rendered":"Ordem dos Fisioterapeutas lan\u00e7a \u00abSa\u00fade F\u00edsica e Sa\u00fade P\u00fablica \u2014 Uma Perspetiva sobre Portugal\u00bb"},"content":{"rendered":"<div data-elementor-type=\"wp-post\" data-elementor-id=\"15240\" class=\"elementor elementor-15240\" data-elementor-post-type=\"post\">\n\t\t\t\t<div class=\"elementor-element elementor-element-b9272a1 e-flex e-con-boxed e-con e-parent\" data-id=\"b9272a1\" data-element_type=\"container\" data-e-type=\"container\">\n\t\t\t\t\t<div class=\"e-con-inner\">\n\t\t\t\t<div class=\"elementor-element elementor-element-f0d73d9 elementor-widget elementor-widget-text-editor\" data-id=\"f0d73d9\" data-element_type=\"widget\" data-e-type=\"widget\" data-widget_type=\"text-editor.default\">\n\t\t\t\t<div class=\"elementor-widget-container\">\n\t\t\t\t\t\t\t\t\t<p>No \u00e2mbito das comemora\u00e7\u00f5es do Dia da Ordem, a Ordem dos Fisioterapeutas promove, em articula\u00e7\u00e3o com a Lidel, o lan\u00e7amento do livro \u00abSa\u00fade F\u00edsica e Sa\u00fade P\u00fablica \u2014 Uma Perspetiva sobre Portugal\u00bb.<\/p><p>A sess\u00e3o realiza-se no dia <strong>29 de setembro, \u00e0s 18h30, na FNAC Chiado, em Lisboa.<\/strong><\/p><p>A obra pretende aproximar a sa\u00fade p\u00fablica, muitas vezes percecionada como um universo te\u00f3rico e de dif\u00edcil aplica\u00e7\u00e3o pr\u00e1tica, da realidade quotidiana, tornando-a mais acess\u00edvel e compreens\u00edvel.<\/p><p>Com uma perspetiva integradora e de di\u00e1logo entre fisioterapeutas e profissionais de sa\u00fade p\u00fablica, a publica\u00e7\u00e3o prop\u00f5e uma reflex\u00e3o conceptual e pr\u00e1tica sobre os desafios e as necessidades da sa\u00fade f\u00edsica em Portugal. Cada cap\u00edtulo parte de uma situa\u00e7\u00e3o concreta e desenvolve o respetivo tema atrav\u00e9s dos contributos de profissionais de sa\u00fade p\u00fablica e de fisioterapeutas.<\/p><p>Apresentada como um livro branco, a obra aborda os determinantes da sa\u00fade f\u00edsica, a carga de doen\u00e7a e a morbilidade, a atividade f\u00edsica e a promo\u00e7\u00e3o da sa\u00fade, a cobertura universal e a equidade no acesso aos cuidados, as pol\u00edticas de sa\u00fade f\u00edsica e a literacia em sa\u00fade.<\/p><p>Na apresenta\u00e7\u00e3o da publica\u00e7\u00e3o, o Baston\u00e1rio da Ordem dos Fisioterapeutas, Ant\u00f3nio Lopes, destaca que \u00abesta obra, centrada na perspetiva da sa\u00fade p\u00fablica, representa um contributo relevante para um reposicionamento e valoriza\u00e7\u00e3o da fisioterapia e dos fisioterapeutas nos contextos da sa\u00fade\u00bb.<\/p><p>Este livro inaugura uma linha editorial que a Ordem dos Fisioterapeutas pretende desenvolver, em parceria com a Lidel, atrav\u00e9s da publica\u00e7\u00e3o de outras obras dedicadas \u00e0 Fisioterapia e a temas relevantes para a sa\u00fade. A iniciativa procura refor\u00e7ar o papel da Ordem na produ\u00e7\u00e3o e divulga\u00e7\u00e3o de conhecimento, contribuindo para a reflex\u00e3o profissional e para o debate no setor da sa\u00fade.<\/p><p>A coordena\u00e7\u00e3o esteve a cargo de Ana Casaca, Bernardo Pinto, Daniela Costa, Duarte Pereira, Jo\u00e3o Pinto e Pedro Maciel Barbosa. O pref\u00e1cio \u00e9 da autoria de Constantino Sakellarides, Professor Catedr\u00e1tico Jubilado da Escola Nacional de Sa\u00fade P\u00fablica da Universidade NOVA de Lisboa.<\/p><p>A publica\u00e7\u00e3o dirige-se a fisioterapeutas, estudantes e outros profissionais e interessados na \u00e1rea.<\/p><p>A composi\u00e7\u00e3o da mesa e o programa completo da sess\u00e3o ser\u00e3o divulgados brevemente.<\/p>\t\t\t\t\t\t\t\t<\/div>\n\t\t\t\t<\/div>\n\t\t\t\t\t<\/div>\n\t\t\t\t<\/div>\n\t\t\t\t<\/div>","protected":false},"excerpt":{"rendered":"<p>No \u00e2mbito das comemora\u00e7\u00f5es do Dia da Ordem, a Ordem dos Fisioterapeutas promove, em articula\u00e7\u00e3o com a Lidel, o lan\u00e7amento do livro \u00abSa\u00fade F\u00edsica e Sa\u00fade P\u00fablica \u2014 Uma Perspetiva sobre Portugal\u00bb.<\/p>","protected":false},"author":12,"featured_media":15246,"comment_status":"closed","ping_status":"open","sticky":false,"template":"","format":"standard","meta":{"footnotes":""},"categories":[13],"tags":[],"class_list":["post-15240","post","type-post","status-publish","format-standard","has-post-thumbnail","hentry","category-noticias"],"_links":{"self":[{"href":"https:\/\/ordemdosfisioterapeutas.pt\/fr\/wp-json\/wp\/v2\/posts\/15240","targetHints":{"allow":["GET"]}}],"collection":[{"href":"https:\/\/ordemdosfisioterapeutas.pt\/fr\/wp-json\/wp\/v2\/posts"}],"about":[{"href":"https:\/\/ordemdosfisioterapeutas.pt\/fr\/wp-json\/wp\/v2\/types\/post"}],"author":[{"embeddable":true,"href":"https:\/\/ordemdosfisioterapeutas.pt\/fr\/wp-json\/wp\/v2\/users\/12"}],"replies":[{"embeddable":true,"href":"https:\/\/ordemdosfisioterapeutas.pt\/fr\/wp-json\/wp\/v2\/comments?post=15240"}],"version-history":[{"count":4,"href":"https:\/\/ordemdosfisioterapeutas.pt\/fr\/wp-json\/wp\/v2\/posts\/15240\/revisions"}],"predecessor-version":[{"id":15244,"href":"https:\/\/ordemdosfisioterapeutas.pt\/fr\/wp-json\/wp\/v2\/posts\/15240\/revisions\/15244"}],"wp:featuredmedia":[{"embeddable":true,"href":"https:\/\/ordemdosfisioterapeutas.pt\/fr\/wp-json\/wp\/v2\/media\/15246"}],"wp:attachment":[{"href":"https:\/\/ordemdosfisioterapeutas.pt\/fr\/wp-json\/wp\/v2\/media?parent=15240"}],"wp:term":[{"taxonomy":"category","embeddable":true,"href":"https:\/\/ordemdosfisioterapeutas.pt\/fr\/wp-json\/wp\/v2\/categories?post=15240"},{"taxonomy":"post_tag","embeddable":true,"href":"https:\/\/ordemdosfisioterapeutas.pt\/fr\/wp-json\/wp\/v2\/tags?post=15240"}],"curies":[{"name":"wp","href":"https:\/\/api.w.org\/{rel}","templated":true}]}}