{"id":13076,"date":"2026-03-19T20:13:00","date_gmt":"2026-03-19T20:13:00","guid":{"rendered":"https:\/\/ordemdosfisioterapeutas.pt\/?p=13076"},"modified":"2026-03-19T20:15:56","modified_gmt":"2026-03-19T20:15:56","slug":"ordem-dos-fisioterapeutas-apresenta-proposta-para-criacao-do-dia-nacional-do-fisioterapeuta-na-assembleia-da-republica","status":"publish","type":"post","link":"https:\/\/ordemdosfisioterapeutas.pt\/fr\/noticias\/ordem-dos-fisioterapeutas-apresenta-proposta-para-criacao-do-dia-nacional-do-fisioterapeuta-na-assembleia-da-republica\/","title":{"rendered":"L'Ordre des physioth\u00e9rapeutes pr\u00e9sente au Parlement une proposition visant \u00e0 cr\u00e9er une journ\u00e9e nationale des physioth\u00e9rapeutes"},"content":{"rendered":"<div data-elementor-type=\"wp-post\" data-elementor-id=\"13076\" class=\"elementor elementor-13076\" data-elementor-post-type=\"post\">\n\t\t\t\t<div class=\"elementor-element elementor-element-1631764 e-flex e-con-boxed e-con e-parent\" data-id=\"1631764\" data-element_type=\"container\" data-e-type=\"container\">\n\t\t\t\t\t<div class=\"e-con-inner\">\n\t\t\t\t<div class=\"elementor-element elementor-element-a1618c2 elementor-widget elementor-widget-text-editor\" data-id=\"a1618c2\" data-element_type=\"widget\" data-e-type=\"widget\" data-widget_type=\"text-editor.default\">\n\t\t\t\t<div class=\"elementor-widget-container\">\n\t\t\t\t\t\t\t\t\t<p>Le 18 mars, l'Ordre des kin\u00e9sith\u00e9rapeutes \u00e9tait pr\u00e9sent \u00e0 l'Assembl\u00e9e g\u00e9n\u00e9rale des Nations unies. <strong>Commission parlementaire de la sant\u00e9<\/strong> de l'Assembl\u00e9e de la R\u00e9publique, o\u00f9 il a pr\u00e9sent\u00e9 la proposition de cr\u00e9ation de l'Institut d'\u00e9tudes de march\u00e9. <strong>Journ\u00e9e nationale des physioth\u00e9rapeutes<\/strong>, La r\u00e9union s'est tenue le 30 septembre, date de la cr\u00e9ation de l'Ordre, et a \u00e9t\u00e9 repr\u00e9sent\u00e9e par le Pr\u00e9sident, Ant\u00f3nio Lopes, accompagn\u00e9 du 1er Vice-pr\u00e9sident du Conseil, Concei\u00e7\u00e3o Bettencourt.<\/p><p>L'objectif de l'audition \u00e9tait de sensibiliser les d\u00e9put\u00e9s \u00e0 l'importance de cette date, non seulement en tant que moment symbolique de reconnaissance de la profession, mais aussi en tant qu'opportunit\u00e9 strat\u00e9gique de promouvoir la connaissance de la sant\u00e9, la pr\u00e9vention et la responsabilisation des citoyens, en renfor\u00e7ant le r\u00f4le de la physioth\u00e9rapie dans le syst\u00e8me de sant\u00e9 et dans la soci\u00e9t\u00e9.<\/p><p>Au cours de la session, les groupes parlementaires pr\u00e9sents (PSD, CHEGA et PS) ont reconnu l'importance de la physioth\u00e9rapie, soulignant sa pertinence croissante dans le contexte des soins de sant\u00e9, en particulier pour promouvoir la mobilit\u00e9, l'autonomie et la qualit\u00e9 de vie de la population.<\/p><p>Les d\u00e9put\u00e9s ont reconnu l'importance de la physioth\u00e9rapie dans le contexte des professions de sant\u00e9 et ont soulign\u00e9 la n\u00e9cessit\u00e9 de veiller \u00e0 ce que la cr\u00e9ation de cette journ\u00e9e se traduise par un impact concret pour les citoyens, notamment par des initiatives de sensibilisation du public, la promotion de la culture de la sant\u00e9 et le renforcement de l'int\u00e9gration des physioth\u00e9rapeutes dans le syst\u00e8me de sant\u00e9.<\/p><p>L'existence de la Journ\u00e9e mondiale de la physioth\u00e9rapie, qui a lieu le 8 septembre, date de la cr\u00e9ation de la physioth\u00e9rapie mondiale, a \u00e9galement \u00e9t\u00e9 mentionn\u00e9e, et il a \u00e9t\u00e9 soulign\u00e9 que la proposition de l'Ordre vise \u00e0 \u00e9tablir une date nationale, associ\u00e9e \u00e0 la cr\u00e9ation de l'Ordre des physioth\u00e9rapeutes, et adapt\u00e9e \u00e0 la r\u00e9alit\u00e9 portugaise.<\/p><p>Dans son discours, le pr\u00e9sident de l'Ordre des physioth\u00e9rapeutes, Ant\u00f3nio Lopes, a soulign\u00e9 l'importance de cette initiative pour renforcer le lien entre la physioth\u00e9rapie et les citoyens :<\/p><p>\"<strong>L'existence d'une journ\u00e9e d\u00e9di\u00e9e aux physioth\u00e9rapeutes permettra de promouvoir des campagnes d'\u00e9ducation et de sensibilisation du public, contribuant ainsi \u00e0 renforcer les connaissances en mati\u00e8re de sant\u00e9 et \u00e0 aider les citoyens \u00e0 comprendre quand et comment se rendre chez un physioth\u00e9rapeute.<\/strong>.\u201d<\/p><p>Le pr\u00e9sident a \u00e9galement soulign\u00e9 que la Journ\u00e9e nationale du physioth\u00e9rapeute pouvait \u00eatre un moment privil\u00e9gi\u00e9 pour promouvoir des actions de proximit\u00e9 avec les citoyens, des initiatives de r\u00e9flexion et de partage et des campagnes de sensibilisation, contribuant \u00e0 une meilleure utilisation des soins de sant\u00e9 et \u00e0 des gains de sant\u00e9.<\/p><p>L'Ordre des physioth\u00e9rapeutes a r\u00e9affirm\u00e9 sa totale disponibilit\u00e9 \u00e0 collaborer avec le Parlement portugais dans le d\u00e9veloppement de cette initiative, qu'il consid\u00e8re d'un int\u00e9r\u00eat public incontestable.<\/p><p><strong>Voir <\/strong><span style=\"text-decoration: underline;\"><a href=\"https:\/\/youtu.be\/juXAScOFijo\" target=\"_blank\" rel=\"noopener\"><strong>ici<\/strong><\/a><\/span><strong> l'audition de la commission parlementaire de la sant\u00e9<\/strong>:<\/p>\t\t\t\t\t\t\t\t<\/div>\n\t\t\t\t<\/div>\n\t\t\t\t\t<\/div>\n\t\t\t\t<\/div>\n\t\t\t\t<\/div>","protected":false},"excerpt":{"rendered":"<p>Le 18 mars, l'Ordre des physioth\u00e9rapeutes a particip\u00e9 \u00e0 la Commission parlementaire de la sant\u00e9 du Parlement portugais, o\u00f9 il a pr\u00e9sent\u00e9 la proposition de cr\u00e9er une Journ\u00e9e nationale du physioth\u00e9rapeute, qui serait c\u00e9l\u00e9br\u00e9e le 30 septembre, date de la cr\u00e9ation de l'Ordre, et a \u00e9t\u00e9 repr\u00e9sent\u00e9 par son pr\u00e9sident, Ant\u00f3nio Lopes, accompagn\u00e9 de la premi\u00e8re vice-pr\u00e9sidente du Conseil, Concei\u00e7\u00e3o Bettencourt.<\/p>","protected":false},"author":1,"featured_media":13077,"comment_status":"closed","ping_status":"open","sticky":false,"template":"","format":"standard","meta":{"footnotes":""},"categories":[13],"tags":[],"class_list":["post-13076","post","type-post","status-publish","format-standard","has-post-thumbnail","hentry","category-noticias"],"_links":{"self":[{"href":"https:\/\/ordemdosfisioterapeutas.pt\/fr\/wp-json\/wp\/v2\/posts\/13076","targetHints":{"allow":["GET"]}}],"collection":[{"href":"https:\/\/ordemdosfisioterapeutas.pt\/fr\/wp-json\/wp\/v2\/posts"}],"about":[{"href":"https:\/\/ordemdosfisioterapeutas.pt\/fr\/wp-json\/wp\/v2\/types\/post"}],"author":[{"embeddable":true,"href":"https:\/\/ordemdosfisioterapeutas.pt\/fr\/wp-json\/wp\/v2\/users\/1"}],"replies":[{"embeddable":true,"href":"https:\/\/ordemdosfisioterapeutas.pt\/fr\/wp-json\/wp\/v2\/comments?post=13076"}],"version-history":[{"count":4,"href":"https:\/\/ordemdosfisioterapeutas.pt\/fr\/wp-json\/wp\/v2\/posts\/13076\/revisions"}],"predecessor-version":[{"id":13081,"href":"https:\/\/ordemdosfisioterapeutas.pt\/fr\/wp-json\/wp\/v2\/posts\/13076\/revisions\/13081"}],"wp:featuredmedia":[{"embeddable":true,"href":"https:\/\/ordemdosfisioterapeutas.pt\/fr\/wp-json\/wp\/v2\/media\/13077"}],"wp:attachment":[{"href":"https:\/\/ordemdosfisioterapeutas.pt\/fr\/wp-json\/wp\/v2\/media?parent=13076"}],"wp:term":[{"taxonomy":"category","embeddable":true,"href":"https:\/\/ordemdosfisioterapeutas.pt\/fr\/wp-json\/wp\/v2\/categories?post=13076"},{"taxonomy":"post_tag","embeddable":true,"href":"https:\/\/ordemdosfisioterapeutas.pt\/fr\/wp-json\/wp\/v2\/tags?post=13076"}],"curies":[{"name":"wp","href":"https:\/\/api.w.org\/{rel}","templated":true}]}}