{"id":11811,"date":"2025-10-14T08:17:25","date_gmt":"2025-10-14T07:17:25","guid":{"rendered":"https:\/\/ordemdosfisioterapeutas.pt\/?p=11811"},"modified":"2025-10-14T08:20:28","modified_gmt":"2025-10-14T07:20:28","slug":"dia-nacional-de-luta-contra-a-dor-fisioterapia-reforca-o-papel-da-prevencao","status":"publish","type":"post","link":"https:\/\/ordemdosfisioterapeutas.pt\/fr\/noticias\/dia-nacional-de-luta-contra-a-dor-fisioterapia-reforca-o-papel-da-prevencao\/","title":{"rendered":"Journ\u00e9e nationale de la douleur : la physioth\u00e9rapie souligne le r\u00f4le de la pr\u00e9vention"},"content":{"rendered":"<div data-elementor-type=\"wp-post\" data-elementor-id=\"11811\" class=\"elementor elementor-11811\" data-elementor-post-type=\"post\">\n\t\t\t\t<div class=\"elementor-element elementor-element-e210f81 e-flex e-con-boxed e-con e-parent\" data-id=\"e210f81\" data-element_type=\"container\" data-e-type=\"container\">\n\t\t\t\t\t<div class=\"e-con-inner\">\n\t\t\t\t<div class=\"elementor-element elementor-element-5cc3a23 elementor-widget elementor-widget-text-editor\" data-id=\"5cc3a23\" data-element_type=\"widget\" data-e-type=\"widget\" data-widget_type=\"text-editor.default\">\n\t\t\t\t<div class=\"elementor-widget-container\">\n\t\t\t\t\t\t\t\t\t<p><strong>Journ\u00e9e nationale de la douleur : <\/strong><strong>La physioth\u00e9rapie renforce le r\u00f4le de la pr\u00e9vention<\/strong><\/p><p>La Journ\u00e9e nationale de la douleur, c\u00e9l\u00e9br\u00e9e le 14 octobre, a pour th\u00e8me \"Les soins pr\u00e9ventifs dans la douleur chronique\" et est officiellement organis\u00e9e par la F\u00e9d\u00e9ration europ\u00e9enne de la douleur (EFIC). Cette journ\u00e9e a pour but d'am\u00e9liorer la compr\u00e9hension et la sensibilisation \u00e0 la douleur chronique, une affection qui touche un adulte sur cinq en Europe et qui est la principale cause de demande de soins de sant\u00e9 et d'invalidit\u00e9.<\/p><p>La douleur chronique est un \u00e9tat multidimensionnel, influenc\u00e9 par des facteurs biologiques, psychologiques et sociaux, qui limite la qualit\u00e9 de vie, affecte la sant\u00e9 mentale et r\u00e9duit la participation sociale. Malgr\u00e9 son impact significatif, la pr\u00e9vention reste insuffisante et une intervention pr\u00e9coce est cruciale pour \u00e9viter que la douleur aigu\u00eb ne devienne chronique et invalidante.<\/p><p>Voir <span style=\"text-decoration: underline;\"><a href=\"https:\/\/youtube.com\/shorts\/VB5IoXscTOg?si=RaGvlWIV2PXiYPmd\" target=\"_blank\" rel=\"noopener\">ici<\/a><\/span> la vid\u00e9o officielle de la campagne 2025 d'EFIC, centr\u00e9e sur l'importance de la pr\u00e9vention de la douleur chronique.<\/p><p><strong>Le r\u00f4le central de la physioth\u00e9rapie<\/strong><\/p><p>La physioth\u00e9rapie est un \u00e9l\u00e9ment fondamental de la pr\u00e9vention et de la gestion de la douleur chronique. Les physioth\u00e9rapeutes \u00e9valuent les causes fonctionnelles de la douleur et interviennent avant qu'elle ne devienne invalidante, en favorisant :<\/p><ul><li>R\u00e9\u00e9ducation du mouvement et de la motricit\u00e9, r\u00e9duction de l'inflammation et de la raideur ;<\/li><li>\u00c9ducation \u00e0 l'autogestion de la sant\u00e9, \u00e0 l'ergonomie et \u00e0 l'exercice physique en toute s\u00e9curit\u00e9 ;<\/li><li>Suivi de la r\u00e9adaptation, garantissant le retour \u00e0 la fonctionnalit\u00e9 et l'am\u00e9lioration de la qualit\u00e9 de vie.<\/li><\/ul><p>Ainsi, la physioth\u00e9rapie ne se contente pas de soulager la douleur, elle contribue \u00e9galement \u00e0 la pr\u00e9vention primaire et secondaire, en renfor\u00e7ant l'\u00e9quit\u00e9 en mati\u00e8re de sant\u00e9 et en r\u00e9duisant l'impact \u00e9conomique de la douleur chronique, estim\u00e9 \u00e0 12 milliards d'euros par an en Europe.<\/p><p>L'EFIC souligne que la pr\u00e9vention est possible, efficace et abordable, et qu'une action commune est n\u00e9cessaire pour r\u00e9duire le poids de la douleur chronique sur la soci\u00e9t\u00e9.<\/p><p>A titre d'exemple de sensibilisation \u00e0 l'importance du mouvement dans la gestion de la douleur, examiner <span style=\"text-decoration: underline;\"><a href=\"https:\/\/www.youtube.com\/watch?v=ibUQCzj8DVE\" target=\"_blank\" rel=\"noopener\">ici<\/a> <\/span>l'\u00e9pisode consacr\u00e9 \u00e0 ce th\u00e8me de la campagne \"+Sant\u00e9 \u00e0 chaque geste\" de l'Ordre des kin\u00e9sith\u00e9rapeutes. <\/p>\t\t\t\t\t\t\t\t<\/div>\n\t\t\t\t<\/div>\n\t\t\t\t\t<\/div>\n\t\t\t\t<\/div>\n\t\t\t\t<\/div>","protected":false},"excerpt":{"rendered":"<p>La Journ\u00e9e nationale de la douleur, c\u00e9l\u00e9br\u00e9e le 14 octobre, a pour th\u00e8me \"Les soins pr\u00e9ventifs dans la douleur chronique\" et est officiellement organis\u00e9e par la F\u00e9d\u00e9ration europ\u00e9enne de la douleur (EFIC). Cette journ\u00e9e a pour but d'am\u00e9liorer la compr\u00e9hension et la sensibilisation \u00e0 la douleur chronique, une affection qui touche un adulte sur cinq en Europe et qui est la principale cause de demande de soins de sant\u00e9 et d'invalidit\u00e9.<\/p>","protected":false},"author":1,"featured_media":11812,"comment_status":"closed","ping_status":"open","sticky":false,"template":"","format":"standard","meta":{"footnotes":""},"categories":[13],"tags":[],"class_list":["post-11811","post","type-post","status-publish","format-standard","has-post-thumbnail","hentry","category-noticias"],"_links":{"self":[{"href":"https:\/\/ordemdosfisioterapeutas.pt\/fr\/wp-json\/wp\/v2\/posts\/11811","targetHints":{"allow":["GET"]}}],"collection":[{"href":"https:\/\/ordemdosfisioterapeutas.pt\/fr\/wp-json\/wp\/v2\/posts"}],"about":[{"href":"https:\/\/ordemdosfisioterapeutas.pt\/fr\/wp-json\/wp\/v2\/types\/post"}],"author":[{"embeddable":true,"href":"https:\/\/ordemdosfisioterapeutas.pt\/fr\/wp-json\/wp\/v2\/users\/1"}],"replies":[{"embeddable":true,"href":"https:\/\/ordemdosfisioterapeutas.pt\/fr\/wp-json\/wp\/v2\/comments?post=11811"}],"version-history":[{"count":4,"href":"https:\/\/ordemdosfisioterapeutas.pt\/fr\/wp-json\/wp\/v2\/posts\/11811\/revisions"}],"predecessor-version":[{"id":11816,"href":"https:\/\/ordemdosfisioterapeutas.pt\/fr\/wp-json\/wp\/v2\/posts\/11811\/revisions\/11816"}],"wp:featuredmedia":[{"embeddable":true,"href":"https:\/\/ordemdosfisioterapeutas.pt\/fr\/wp-json\/wp\/v2\/media\/11812"}],"wp:attachment":[{"href":"https:\/\/ordemdosfisioterapeutas.pt\/fr\/wp-json\/wp\/v2\/media?parent=11811"}],"wp:term":[{"taxonomy":"category","embeddable":true,"href":"https:\/\/ordemdosfisioterapeutas.pt\/fr\/wp-json\/wp\/v2\/categories?post=11811"},{"taxonomy":"post_tag","embeddable":true,"href":"https:\/\/ordemdosfisioterapeutas.pt\/fr\/wp-json\/wp\/v2\/tags?post=11811"}],"curies":[{"name":"wp","href":"https:\/\/api.w.org\/{rel}","templated":true}]}}