{"id":11106,"date":"2025-08-05T08:00:00","date_gmt":"2025-08-05T07:00:00","guid":{"rendered":"https:\/\/ordemdosfisioterapeutas.pt\/?p=11106"},"modified":"2025-09-17T09:30:50","modified_gmt":"2025-09-17T08:30:50","slug":"consulta-publica-proposta-de-alteracao-ao-regulamento-de-inscricao-da-ordem-dos-fisioterapeutas","status":"publish","type":"post","link":"https:\/\/ordemdosfisioterapeutas.pt\/fr\/noticias\/consulta-publica-proposta-de-alteracao-ao-regulamento-de-inscricao-da-ordem-dos-fisioterapeutas\/","title":{"rendered":"Consultation publique - Proposition de modification du r\u00e8glement d'enregistrement de l'Ordre des physioth\u00e9rapeutes"},"content":{"rendered":"<div data-elementor-type=\"wp-post\" data-elementor-id=\"11106\" class=\"elementor elementor-11106\" data-elementor-post-type=\"post\">\n\t\t\t\t<div class=\"elementor-element elementor-element-8cb589b e-flex e-con-boxed e-con e-parent\" data-id=\"8cb589b\" data-element_type=\"container\" data-e-type=\"container\">\n\t\t\t\t\t<div class=\"e-con-inner\">\n\t\t\t\t<div class=\"elementor-element elementor-element-07ad1eb elementor-widget elementor-widget-text-editor\" data-id=\"07ad1eb\" data-element_type=\"widget\" data-e-type=\"widget\" data-widget_type=\"text-editor.default\">\n\t\t\t\t<div class=\"elementor-widget-container\">\n\t\t\t\t\t\t\t\t\t<p>L'Ordre des physioth\u00e9rapeutes portugais informe qu'il a \u00e9t\u00e9 publi\u00e9, dans le Di\u00e1rio da Rep\u00fablica, le <a href=\"https:\/\/diariodarepublica.pt\/dr\/detalhe\/aviso\/19455-2025-927634655\" target=\"_blank\" rel=\"noopener\"><span style=\"text-decoration: underline;\">Avis n\u00b0 19455\/2025\/2<\/span><\/a>du 4 ao\u00fbt 2025 sur la consultation publique de la proposition de modification du r\u00e8glement d'enregistrement de l'Ordre des kin\u00e9sith\u00e9rapeutes.<\/p><p><strong>R\u00e9ponses \u00e0 la consultation publique<\/strong><\/p><p>Tous les membres de l'Ordre des kin\u00e9sith\u00e9rapeutes, \u00e0 jour de leur inscription, sont invit\u00e9s \u00e0 participer en remplissant le formulaire d'envoi de commentaires.<\/p><p>Une fois rempli, le formulaire sera automatiquement envoy\u00e9 \u00e0 votre adresse : <strong>consultapublica@ordemdosfisioterapeutas.pt<\/strong>Le participant recevra une copie dans la bo\u00eete aux lettres \u00e9lectronique qu'il a indiqu\u00e9e.<\/p><p>Seules les contributions re\u00e7ues avant la fin de la journ\u00e9e seront prises en compte. <strong>16 septembre 2025<\/strong>Veuillez les envoyer \u00e0 l'Ordre des kin\u00e9sith\u00e9rapeutes en utilisant le formulaire indiqu\u00e9.<\/p>\t\t\t\t\t\t\t\t<\/div>\n\t\t\t\t<\/div>\n\t\t\t\t\t<\/div>\n\t\t\t\t<\/div>\n\t\t\t\t<\/div>","protected":false},"excerpt":{"rendered":"<p>L'Ordre des physioth\u00e9rapeutes informe que l'avis n\u00b0 19455\/2025\/2, du 4 ao\u00fbt 2025, relatif \u00e0 la consultation publique de la proposition de modification du r\u00e8glement d'inscription de l'Ordre des physioth\u00e9rapeutes, a \u00e9t\u00e9 publi\u00e9 au Journal officiel.<\/p>","protected":false},"author":1,"featured_media":11108,"comment_status":"closed","ping_status":"open","sticky":false,"template":"","format":"standard","meta":{"footnotes":""},"categories":[13],"tags":[],"class_list":["post-11106","post","type-post","status-publish","format-standard","has-post-thumbnail","hentry","category-noticias"],"_links":{"self":[{"href":"https:\/\/ordemdosfisioterapeutas.pt\/fr\/wp-json\/wp\/v2\/posts\/11106","targetHints":{"allow":["GET"]}}],"collection":[{"href":"https:\/\/ordemdosfisioterapeutas.pt\/fr\/wp-json\/wp\/v2\/posts"}],"about":[{"href":"https:\/\/ordemdosfisioterapeutas.pt\/fr\/wp-json\/wp\/v2\/types\/post"}],"author":[{"embeddable":true,"href":"https:\/\/ordemdosfisioterapeutas.pt\/fr\/wp-json\/wp\/v2\/users\/1"}],"replies":[{"embeddable":true,"href":"https:\/\/ordemdosfisioterapeutas.pt\/fr\/wp-json\/wp\/v2\/comments?post=11106"}],"version-history":[{"count":3,"href":"https:\/\/ordemdosfisioterapeutas.pt\/fr\/wp-json\/wp\/v2\/posts\/11106\/revisions"}],"predecessor-version":[{"id":11521,"href":"https:\/\/ordemdosfisioterapeutas.pt\/fr\/wp-json\/wp\/v2\/posts\/11106\/revisions\/11521"}],"wp:featuredmedia":[{"embeddable":true,"href":"https:\/\/ordemdosfisioterapeutas.pt\/fr\/wp-json\/wp\/v2\/media\/11108"}],"wp:attachment":[{"href":"https:\/\/ordemdosfisioterapeutas.pt\/fr\/wp-json\/wp\/v2\/media?parent=11106"}],"wp:term":[{"taxonomy":"category","embeddable":true,"href":"https:\/\/ordemdosfisioterapeutas.pt\/fr\/wp-json\/wp\/v2\/categories?post=11106"},{"taxonomy":"post_tag","embeddable":true,"href":"https:\/\/ordemdosfisioterapeutas.pt\/fr\/wp-json\/wp\/v2\/tags?post=11106"}],"curies":[{"name":"wp","href":"https:\/\/api.w.org\/{rel}","templated":true}]}}