{"id":10530,"date":"2025-06-09T12:33:38","date_gmt":"2025-06-09T11:33:38","guid":{"rendered":"https:\/\/ordemdosfisioterapeutas.pt\/?p=10530"},"modified":"2025-06-09T16:02:59","modified_gmt":"2025-06-09T15:02:59","slug":"ja-esta-disponivel-a-app-da-ordem-dos-fisioterapeutas","status":"publish","type":"post","link":"https:\/\/ordemdosfisioterapeutas.pt\/fr\/noticias\/ja-esta-disponivel-a-app-da-ordem-dos-fisioterapeutas\/","title":{"rendered":"L'application de l'Ordre des physioth\u00e9rapeutes est d\u00e9sormais disponible"},"content":{"rendered":"<div data-elementor-type=\"wp-post\" data-elementor-id=\"10530\" class=\"elementor elementor-10530\" data-elementor-post-type=\"post\">\n\t\t\t\t<div class=\"elementor-element elementor-element-e727dc7 e-flex e-con-boxed e-con e-parent\" data-id=\"e727dc7\" data-element_type=\"container\" data-e-type=\"container\">\n\t\t\t\t\t<div class=\"e-con-inner\">\n\t\t\t\t<div class=\"elementor-element elementor-element-aa0ac0d elementor-widget elementor-widget-text-editor\" data-id=\"aa0ac0d\" data-element_type=\"widget\" data-e-type=\"widget\" data-widget_type=\"text-editor.default\">\n\t\t\t\t<div class=\"elementor-widget-container\">\n\t\t\t\t\t\t\t\t\t<p class=\"x_MsoNormal\" data-olk-copy-source=\"MessageBody\">L'Ordre des physioth\u00e9rapeutes a lanc\u00e9 son application officielle, d\u00e9sormais disponible pour les appareils Android et iOS.<\/p><p class=\"x_MsoNormal\">L'application est con\u00e7ue pour faciliter l'acc\u00e8s des physioth\u00e9rapeutes et des citoyens aux informations et aux services de l'Ordre.<\/p><p class=\"x_MsoNormal\"><b>Vous pouvez utiliser l'application de l'Ordre des physioth\u00e9rapeutes :<\/b><\/p><ul type=\"disc\"><li class=\"x_MsoNormal\">Acc\u00e9dez \u00e0 votre\u00a0<b>zone r\u00e9serv\u00e9e<\/b><\/li><li class=\"x_MsoNormal\">Consultez votre\u00a0<b>carte professionnelle num\u00e9rique<\/b><\/li><li class=\"x_MsoNormal\"><b>Trouver des physioth\u00e9rapeutes<\/b>\u00a0par commune<\/li><li class=\"x_MsoNormal\">Contr\u00f4le\u00a0<b>Derni\u00e8res nouvelles<\/b><\/li><li class=\"x_MsoNormal\">Voir\u00a0<b>agenda des \u00e9v\u00e9nements<\/b><\/li><li class=\"x_MsoNormal\">Acc\u00e8s\u00a0<b>contenu du site<\/b> adapt\u00e9e aux t\u00e9l\u00e9phones mobiles<\/li><\/ul><p class=\"x_MsoNormal\">L'application Ordem dos Fisioterapeutas a \u00e9t\u00e9 d\u00e9velopp\u00e9e dans le but de mettre les fonctions les plus pertinentes \u00e0 la disposition des physioth\u00e9rapeutes et des citoyens d'une mani\u00e8re accessible. Il s'agit d'une premi\u00e8re version, qui pourra \u00eatre adapt\u00e9e au fur et \u00e0 mesure de son utilisation et de ses tests quotidiens.<\/p><p class=\"x_MsoNormal\">Nous invitons tous les utilisateurs \u00e0 explorer l'application et \u00e0 profiter de ce qui est d\u00e9j\u00e0 disponible. Nous comptons sur votre coop\u00e9ration pour rendre cette application plus utile \u00e0 tous.<br \/><br \/><\/p><p class=\"x_MsoNormal\">\ud83d\udcf2 Acc\u00e9dez d\u00e8s maintenant \u00e0 l'application de l'Ordre des kin\u00e9sith\u00e9rapeutes :<\/p>\t\t\t\t\t\t\t\t<\/div>\n\t\t\t\t<\/div>\n\t\t\t\t\t<\/div>\n\t\t\t\t<\/div>\n\t\t<div class=\"elementor-element elementor-element-a5a2a46 e-flex e-con-boxed e-con e-parent\" data-id=\"a5a2a46\" data-element_type=\"container\" data-e-type=\"container\">\n\t\t\t\t\t<div class=\"e-con-inner\">\n\t\t<div class=\"elementor-element elementor-element-e287f26 e-con-full e-flex e-con e-child\" data-id=\"e287f26\" data-element_type=\"container\" data-e-type=\"container\">\n\t\t\t\t<div class=\"elementor-element elementor-element-bf0bcc7 elementor-widget elementor-widget-image\" data-id=\"bf0bcc7\" data-element_type=\"widget\" data-e-type=\"widget\" data-widget_type=\"image.default\">\n\t\t\t\t<div class=\"elementor-widget-container\">\n\t\t\t\t\t\t\t\t\t\t\t\t\t\t\t\t<a href=\"https:\/\/play.google.com\/store\/apps\/details?id=pt.extreme.OrdemFisioterapeutas\" target=\"_blank\" rel=\"noopener\">\n\t\t\t\t\t\t\t<img fetchpriority=\"high\" decoding=\"async\" width=\"564\" height=\"168\" src=\"https:\/\/ordemdosfisioterapeutas.pt\/wp-content\/uploads\/2025\/06\/loja__03.jpg\" class=\"attachment-large size-large wp-image-10534\" alt=\"\" srcset=\"https:\/\/ordemdosfisioterapeutas.pt\/wp-content\/uploads\/2025\/06\/loja__03.jpg 564w, https:\/\/ordemdosfisioterapeutas.pt\/wp-content\/uploads\/2025\/06\/loja__03-300x89.jpg 300w, https:\/\/ordemdosfisioterapeutas.pt\/wp-content\/uploads\/2025\/06\/loja__03-18x5.jpg 18w\" sizes=\"(max-width: 564px) 100vw, 564px\" \/>\t\t\t\t\t\t\t\t<\/a>\n\t\t\t\t\t\t\t\t\t\t\t\t\t\t\t<\/div>\n\t\t\t\t<\/div>\n\t\t\t\t<\/div>\n\t\t<div class=\"elementor-element elementor-element-ef4c715 e-con-full e-flex e-con e-child\" data-id=\"ef4c715\" data-element_type=\"container\" data-e-type=\"container\">\n\t\t\t\t<div class=\"elementor-element elementor-element-ffe1d30 elementor-widget elementor-widget-image\" data-id=\"ffe1d30\" data-element_type=\"widget\" data-e-type=\"widget\" data-widget_type=\"image.default\">\n\t\t\t\t<div class=\"elementor-widget-container\">\n\t\t\t\t\t\t\t\t\t\t\t\t\t\t\t\t<a href=\"https:\/\/apps.apple.com\/pt\/app\/ordem-dos-fisioterapeutas\/id6479749801\" target=\"_blank\" rel=\"noopener\">\n\t\t\t\t\t\t\t<img decoding=\"async\" width=\"564\" height=\"168\" src=\"https:\/\/ordemdosfisioterapeutas.pt\/wp-content\/uploads\/2025\/06\/loja__06.png\" class=\"attachment-large size-large wp-image-10533\" alt=\"\" srcset=\"https:\/\/ordemdosfisioterapeutas.pt\/wp-content\/uploads\/2025\/06\/loja__06.png 564w, https:\/\/ordemdosfisioterapeutas.pt\/wp-content\/uploads\/2025\/06\/loja__06-300x89.png 300w, https:\/\/ordemdosfisioterapeutas.pt\/wp-content\/uploads\/2025\/06\/loja__06-18x5.png 18w\" sizes=\"(max-width: 564px) 100vw, 564px\" \/>\t\t\t\t\t\t\t\t<\/a>\n\t\t\t\t\t\t\t\t\t\t\t\t\t\t\t<\/div>\n\t\t\t\t<\/div>\n\t\t\t\t<\/div>\n\t\t<div class=\"elementor-element elementor-element-fec5c5e e-con-full e-flex e-con e-child\" data-id=\"fec5c5e\" data-element_type=\"container\" data-e-type=\"container\">\n\t\t\t\t<\/div>\n\t\t<div class=\"elementor-element elementor-element-a363536 e-con-full e-flex e-con e-child\" data-id=\"a363536\" data-element_type=\"container\" data-e-type=\"container\">\n\t\t\t\t<\/div>\n\t\t\t\t\t<\/div>\n\t\t\t\t<\/div>\n\t\t\t\t<\/div>","protected":false},"excerpt":{"rendered":"<p>L'Ordre des physioth\u00e9rapeutes a lanc\u00e9 son application officielle, d\u00e9sormais disponible pour les appareils Android et iOS.<\/p>","protected":false},"author":1,"featured_media":10531,"comment_status":"closed","ping_status":"open","sticky":false,"template":"","format":"standard","meta":{"footnotes":""},"categories":[13],"tags":[],"class_list":["post-10530","post","type-post","status-publish","format-standard","has-post-thumbnail","hentry","category-noticias"],"_links":{"self":[{"href":"https:\/\/ordemdosfisioterapeutas.pt\/fr\/wp-json\/wp\/v2\/posts\/10530","targetHints":{"allow":["GET"]}}],"collection":[{"href":"https:\/\/ordemdosfisioterapeutas.pt\/fr\/wp-json\/wp\/v2\/posts"}],"about":[{"href":"https:\/\/ordemdosfisioterapeutas.pt\/fr\/wp-json\/wp\/v2\/types\/post"}],"author":[{"embeddable":true,"href":"https:\/\/ordemdosfisioterapeutas.pt\/fr\/wp-json\/wp\/v2\/users\/1"}],"replies":[{"embeddable":true,"href":"https:\/\/ordemdosfisioterapeutas.pt\/fr\/wp-json\/wp\/v2\/comments?post=10530"}],"version-history":[{"count":0,"href":"https:\/\/ordemdosfisioterapeutas.pt\/fr\/wp-json\/wp\/v2\/posts\/10530\/revisions"}],"wp:featuredmedia":[{"embeddable":true,"href":"https:\/\/ordemdosfisioterapeutas.pt\/fr\/wp-json\/wp\/v2\/media\/10531"}],"wp:attachment":[{"href":"https:\/\/ordemdosfisioterapeutas.pt\/fr\/wp-json\/wp\/v2\/media?parent=10530"}],"wp:term":[{"taxonomy":"category","embeddable":true,"href":"https:\/\/ordemdosfisioterapeutas.pt\/fr\/wp-json\/wp\/v2\/categories?post=10530"},{"taxonomy":"post_tag","embeddable":true,"href":"https:\/\/ordemdosfisioterapeutas.pt\/fr\/wp-json\/wp\/v2\/tags?post=10530"}],"curies":[{"name":"wp","href":"https:\/\/api.w.org\/{rel}","templated":true}]}}