{"id":10470,"date":"2025-06-02T18:57:09","date_gmt":"2025-06-02T17:57:09","guid":{"rendered":"https:\/\/ordemdosfisioterapeutas.pt\/?p=10470"},"modified":"2025-06-03T16:18:43","modified_gmt":"2025-06-03T15:18:43","slug":"xii-congresso-nacional-de-fisioterapeutas-afirma-identidade-e-projeta-futuro-da-profissao-em-portugal","status":"publish","type":"post","link":"https:\/\/ordemdosfisioterapeutas.pt\/fr\/noticias\/xii-congresso-nacional-de-fisioterapeutas-afirma-identidade-e-projeta-futuro-da-profissao-em-portugal\/","title":{"rendered":"Le XIIe Congr\u00e8s national des physioth\u00e9rapeutes affirme l'identit\u00e9 et projette l'avenir de la profession au Portugal"},"content":{"rendered":"<div data-elementor-type=\"wp-post\" data-elementor-id=\"10470\" class=\"elementor elementor-10470\" data-elementor-post-type=\"post\">\n\t\t\t\t<div class=\"elementor-element elementor-element-2474bf6 e-flex e-con-boxed e-con e-parent\" data-id=\"2474bf6\" data-element_type=\"container\" data-e-type=\"container\">\n\t\t\t\t\t<div class=\"e-con-inner\">\n\t\t\t\t<div class=\"elementor-element elementor-element-69700bc elementor-widget elementor-widget-button\" data-id=\"69700bc\" data-element_type=\"widget\" data-e-type=\"widget\" data-widget_type=\"button.default\">\n\t\t\t\t<div class=\"elementor-widget-container\">\n\t\t\t\t\t\t\t\t\t<div class=\"elementor-button-wrapper\">\n\t\t\t\t\t<a class=\"elementor-button elementor-button-link elementor-size-sm\" href=\"https:\/\/bit.ly\/Galeria_CNFt25\" target=\"_blank\" rel=\"noopener\">\n\t\t\t\t\t\t<span class=\"elementor-button-content-wrapper\">\n\t\t\t\t\t\t\t\t\t<span class=\"elementor-button-text\">Voir la galerie<\/span>\n\t\t\t\t\t<\/span>\n\t\t\t\t\t<\/a>\n\t\t\t\t<\/div>\n\t\t\t\t\t\t\t\t<\/div>\n\t\t\t\t<\/div>\n\t\t\t\t<div class=\"elementor-element elementor-element-3ff8c24 elementor-widget elementor-widget-text-editor\" data-id=\"3ff8c24\" data-element_type=\"widget\" data-e-type=\"widget\" data-widget_type=\"text-editor.default\">\n\t\t\t\t<div class=\"elementor-widget-container\">\n\t\t\t\t\t\t\t\t\t<p>Le 12e congr\u00e8s national des physioth\u00e9rapeutes s'est tenu les 9 et 10 mai \u00e0 Lisbonne, r\u00e9unissant des professionnels, des experts et des repr\u00e9sentants institutionnels pour d\u00e9battre du r\u00f4le de la physioth\u00e9rapie dans la sant\u00e9 publique, de la place centrale de la personne dans les soins et des d\u00e9fis \u00e9mergents tels que la r\u00e9glementation professionnelle, l'innovation technologique et l'intelligence artificielle.<\/p><p>L'\u00e9v\u00e9nement, organis\u00e9 par l'Ordre des physioth\u00e9rapeutes, s'est d\u00e9roul\u00e9 sous la devise \"Physioth\u00e9rapie 360\u00ba : identit\u00e9 et valeur\" et a r\u00e9uni des physioth\u00e9rapeutes, des universitaires, des organismes publics nationaux et internationaux et des \u00e9tudiants. Pendant deux jours, dans l'auditorium Ant\u00f3nio Domingues de Azevedo, les participants ont r\u00e9fl\u00e9chi au pr\u00e9sent et \u00e0 l'avenir de la profession, en se concentrant sur les preuves scientifiques, la valorisation de l'intervention clinique et la collaboration entre les diff\u00e9rents domaines de la sant\u00e9.<\/p><p>Parmi les sujets abord\u00e9s figurait le r\u00f4le de la physioth\u00e9rapie dans la sant\u00e9 publique, dans un contexte o\u00f9, bien qu'il y ait plus de 13 000 physioth\u00e9rapeutes au Portugal, seuls 1 500 environ font partie du Service national de sant\u00e9 (SNS), et parmi eux, moins de 10% sont affect\u00e9s aux soins de sant\u00e9 primaires.<\/p><p>L'\u00e9v\u00e9nement a co\u00efncid\u00e9 avec l'approbation r\u00e9cente par le minist\u00e8re de la sant\u00e9 du r\u00e8glement g\u00e9n\u00e9ral sur les sp\u00e9cialit\u00e9s professionnelles en physioth\u00e9rapie, une \u00e9tape importante pour le d\u00e9veloppement et la reconnaissance de la profession. Ce nouveau cadre permettra de d\u00e9livrer le titre de sp\u00e9cialiste dans les domaines de la physioth\u00e9rapie cardiorespiratoire, musculosquelettique et neurologique, tout en pr\u00e9voyant d'autres sp\u00e9cialit\u00e9s et processus d'accr\u00e9ditation. Ce nouveau cadre permettra de d\u00e9livrer le titre de sp\u00e9cialiste dans les domaines de la physioth\u00e9rapie cardiorespiratoire, musculosquelettique et neurologique, tout en pr\u00e9voyant d'autres sp\u00e9cialit\u00e9s \u00e0 l'avenir.<\/p><p>Le congr\u00e8s a \u00e9galement soulign\u00e9 l'importance d'assurer une plus grande accessibilit\u00e9 aux soins de physioth\u00e9rapie, la cr\u00e9ation de normes techniques de pratique, ainsi que le renforcement de la coordination avec d'autres sp\u00e9cialit\u00e9s m\u00e9dicales. L'investissement dans la recherche scientifique et la formation continue ont \u00e9galement \u00e9t\u00e9 soulign\u00e9s comme des facteurs essentiels pour assurer les meilleurs soins \u00e0 la population.<\/p><p>Lors de la s\u00e9ance de cl\u00f4ture, le pr\u00e9sident de l'Ordre des physioth\u00e9rapeutes, Ant\u00f3nio Lopes, a soulign\u00e9 que la profession est \"autor\u00e9gul\u00e9e et devra m\u00e9riter, \u00eatre et aussi avoir une gestion autonome\" pour le d\u00e9veloppement professionnel.<\/p><p>Le 12e congr\u00e8s a donc \u00e9t\u00e9 confirm\u00e9 comme la r\u00e9union phare de la physioth\u00e9rapie au Portugal, projetant une profession plus forte, pr\u00eate \u00e0 mener la transformation des soins de sant\u00e9. L'avenir de la physioth\u00e9rapie est compos\u00e9 de tout le monde. Visitez le site <span style=\"text-decoration: underline;\"><a href=\"https:\/\/bit.ly\/Galeria_CNFt25\" target=\"_blank\" rel=\"noopener\">GALERIE D'IMAGES<\/a><\/span> du XIIe CNFt 2025<\/p>\t\t\t\t\t\t\t\t<\/div>\n\t\t\t\t<\/div>\n\t\t\t\t\t<\/div>\n\t\t\t\t<\/div>\n\t\t\t\t<\/div>","protected":false},"excerpt":{"rendered":"<p>Le 12e congr\u00e8s national des physioth\u00e9rapeutes s'est tenu les 9 et 10 mai \u00e0 Lisbonne, r\u00e9unissant des professionnels, des experts et des repr\u00e9sentants institutionnels pour d\u00e9battre du r\u00f4le de la physioth\u00e9rapie dans la sant\u00e9 publique, de la place centrale de la personne dans les soins et des d\u00e9fis \u00e9mergents tels que la r\u00e9glementation professionnelle, l'innovation technologique et l'intelligence artificielle.<\/p>","protected":false},"author":1,"featured_media":10471,"comment_status":"closed","ping_status":"open","sticky":false,"template":"","format":"standard","meta":{"footnotes":""},"categories":[13],"tags":[],"class_list":["post-10470","post","type-post","status-publish","format-standard","has-post-thumbnail","hentry","category-noticias"],"_links":{"self":[{"href":"https:\/\/ordemdosfisioterapeutas.pt\/fr\/wp-json\/wp\/v2\/posts\/10470","targetHints":{"allow":["GET"]}}],"collection":[{"href":"https:\/\/ordemdosfisioterapeutas.pt\/fr\/wp-json\/wp\/v2\/posts"}],"about":[{"href":"https:\/\/ordemdosfisioterapeutas.pt\/fr\/wp-json\/wp\/v2\/types\/post"}],"author":[{"embeddable":true,"href":"https:\/\/ordemdosfisioterapeutas.pt\/fr\/wp-json\/wp\/v2\/users\/1"}],"replies":[{"embeddable":true,"href":"https:\/\/ordemdosfisioterapeutas.pt\/fr\/wp-json\/wp\/v2\/comments?post=10470"}],"version-history":[{"count":0,"href":"https:\/\/ordemdosfisioterapeutas.pt\/fr\/wp-json\/wp\/v2\/posts\/10470\/revisions"}],"wp:featuredmedia":[{"embeddable":true,"href":"https:\/\/ordemdosfisioterapeutas.pt\/fr\/wp-json\/wp\/v2\/media\/10471"}],"wp:attachment":[{"href":"https:\/\/ordemdosfisioterapeutas.pt\/fr\/wp-json\/wp\/v2\/media?parent=10470"}],"wp:term":[{"taxonomy":"category","embeddable":true,"href":"https:\/\/ordemdosfisioterapeutas.pt\/fr\/wp-json\/wp\/v2\/categories?post=10470"},{"taxonomy":"post_tag","embeddable":true,"href":"https:\/\/ordemdosfisioterapeutas.pt\/fr\/wp-json\/wp\/v2\/tags?post=10470"}],"curies":[{"name":"wp","href":"https:\/\/api.w.org\/{rel}","templated":true}]}}